{"id":10006,"date":"2018-03-31T10:31:15","date_gmt":"2018-03-31T08:31:15","guid":{"rendered":"http:\/\/www.tvk-gaj.pl\/~gajonline\/?p=10006"},"modified":"2018-04-10T22:03:57","modified_gmt":"2018-04-10T20:03:57","slug":"wesolych-swiat","status":"publish","type":"post","link":"https:\/\/online.tvk-gaj.pl\/?p=10006","title":{"rendered":"Weso\u0142ych \u015awi\u0105t!"},"content":{"rendered":"<p>Z okazji nadchodz\u0105cych \u015awi\u0105t Zmartwychwstania Pa\u0144skiego sk\u0142adamy wszystkim naszym Czytelnikom najserdeczniejsze \u017cyczenia radosnych, rodzinnych i pe\u0142nych mi\u0142o\u015bci \u015awi\u0105t Wielkiej Nocy.<!--more--><\/p>\n<p>Niech ten szczeg\u00f3lny czas up\u0142ynie nam w ciep\u0142ej, rodzinnej atmosferze oraz niech rado\u015b\u0107 i nadzieja towarzysz\u0105cy Zmartwychwstaniu Jezusa Chrystusa stanie si\u0119 naszym udzia\u0142em nie tylko w nadchodz\u0105cych dniach, ale i na co dzie\u0144.<\/p>\n<p><a href=\"http:\/\/www.tvk-gaj.pl\/~gajonline\/wp-content\/uploads\/2013\/03\/wielkanoc.jpg\" rel=\"attachment wp-att-817\"><img loading=\"lazy\" decoding=\"async\" class=\"aligncenter size-large wp-image-817\" src=\"http:\/\/www.tvk-gaj.pl\/~gajonline\/wp-content\/uploads\/2013\/03\/wielkanoc-1024x640.jpg\" alt=\"wielkanoc\" width=\"838\" height=\"524\" srcset=\"https:\/\/online.tvk-gaj.pl\/wp-content\/uploads\/2013\/03\/wielkanoc-1024x640.jpg 1024w, https:\/\/online.tvk-gaj.pl\/wp-content\/uploads\/2013\/03\/wielkanoc-300x187.jpg 300w, https:\/\/online.tvk-gaj.pl\/wp-content\/uploads\/2013\/03\/wielkanoc.jpg 1280w\" sizes=\"auto, (max-width: 838px) 100vw, 838px\" \/><\/a><\/p>\n<p>&nbsp;<\/p>\n<p>&nbsp;<br \/>\n<strong>Adam Wojtaszewski &#8211; Przewodnicz\u0105cy Rady Osiedla Gaj<\/strong><\/p>\n<p>&nbsp;<\/p>\n","protected":false},"excerpt":{"rendered":"<p>Z okazji nadchodz\u0105cych \u015awi\u0105t Zmartwychwstania Pa\u0144skiego sk\u0142adamy wszystkim naszym Czytelnikom najserdeczniejsze \u017cyczenia radosnych, rodzinnych i pe\u0142nych mi\u0142o\u015bci \u015awi\u0105t Wielkiej Nocy.<\/p>\n","protected":false},"author":1,"featured_media":817,"comment_status":"open","ping_status":"open","sticky":false,"template":"","format":"standard","meta":{"footnotes":""},"categories":[14],"tags":[112,166,135,965,964,185,963,256,257],"class_list":["post-10006","post","type-post","status-publish","format-standard","has-post-thumbnail","hentry","category-aktualnosci","tag-gaj","tag-osiedle-gaj","tag-rada-osiedla-gaj","tag-sw-duch","tag-sw-franciszek","tag-swieta","tag-swieta-wielkanocne","tag-wielkanoc","tag-zyczenia"],"_links":{"self":[{"href":"https:\/\/online.tvk-gaj.pl\/index.php?rest_route=\/wp\/v2\/posts\/10006","targetHints":{"allow":["GET"]}}],"collection":[{"href":"https:\/\/online.tvk-gaj.pl\/index.php?rest_route=\/wp\/v2\/posts"}],"about":[{"href":"https:\/\/online.tvk-gaj.pl\/index.php?rest_route=\/wp\/v2\/types\/post"}],"author":[{"embeddable":true,"href":"https:\/\/online.tvk-gaj.pl\/index.php?rest_route=\/wp\/v2\/users\/1"}],"replies":[{"embeddable":true,"href":"https:\/\/online.tvk-gaj.pl\/index.php?rest_route=%2Fwp%2Fv2%2Fcomments&post=10006"}],"version-history":[{"count":3,"href":"https:\/\/online.tvk-gaj.pl\/index.php?rest_route=\/wp\/v2\/posts\/10006\/revisions"}],"predecessor-version":[{"id":10010,"href":"https:\/\/online.tvk-gaj.pl\/index.php?rest_route=\/wp\/v2\/posts\/10006\/revisions\/10010"}],"wp:featuredmedia":[{"embeddable":true,"href":"https:\/\/online.tvk-gaj.pl\/index.php?rest_route=\/wp\/v2\/media\/817"}],"wp:attachment":[{"href":"https:\/\/online.tvk-gaj.pl\/index.php?rest_route=%2Fwp%2Fv2%2Fmedia&parent=10006"}],"wp:term":[{"taxonomy":"category","embeddable":true,"href":"https:\/\/online.tvk-gaj.pl\/index.php?rest_route=%2Fwp%2Fv2%2Fcategories&post=10006"},{"taxonomy":"post_tag","embeddable":true,"href":"https:\/\/online.tvk-gaj.pl\/index.php?rest_route=%2Fwp%2Fv2%2Ftags&post=10006"}],"curies":[{"name":"wp","href":"https:\/\/api.w.org\/{rel}","templated":true}]}}