{"id":10015,"date":"2018-04-15T11:55:12","date_gmt":"2018-04-15T09:55:12","guid":{"rendered":"http:\/\/www.tvk-gaj.pl\/~gajonline\/?p=10015"},"modified":"2018-04-16T18:44:23","modified_gmt":"2018-04-16T16:44:23","slug":"zmarl-andrzej-wozinski","status":"publish","type":"post","link":"https:\/\/online.tvk-gaj.pl\/?p=10015","title":{"rendered":"Zmar\u0142 Andrzej Wozi\u0144ski &#8211; by\u0142y przewodnicz\u0105cy Rady Osiedla Gaj"},"content":{"rendered":"<p>Z g\u0142\u0119bokim \u017calem informujemy, \u017ce zmar\u0142 Pan Andrzej Wozi\u0144ski &#8211; przewodnicz\u0105cy Rady Osiedla Gaj w kadencji 2001-2005. <!--more--><\/p>\n<p>&nbsp;<\/p>\n<p><a href=\"http:\/\/www.tvk-gaj.pl\/~gajonline\/wp-content\/uploads\/2018\/04\/znicz.jpg\"><img loading=\"lazy\" decoding=\"async\" class=\"aligncenter size-full wp-image-10016\" src=\"http:\/\/www.tvk-gaj.pl\/~gajonline\/wp-content\/uploads\/2018\/04\/znicz.jpg\" alt=\"\" width=\"888\" height=\"550\" srcset=\"https:\/\/online.tvk-gaj.pl\/wp-content\/uploads\/2018\/04\/znicz.jpg 888w, https:\/\/online.tvk-gaj.pl\/wp-content\/uploads\/2018\/04\/znicz-300x186.jpg 300w, https:\/\/online.tvk-gaj.pl\/wp-content\/uploads\/2018\/04\/znicz-768x476.jpg 768w\" sizes=\"auto, (max-width: 888px) 100vw, 888px\" \/><\/a><\/p>\n<p>&nbsp;<\/p>\n<p>Msza \u015awi\u0119ta \u017ca\u0142obna odprawiona zostanie 16 kwietnia o godzinie 14:00 na cmentarzu przy ul. Sm\u0119tnej na wroc\u0142awskim S\u0119polnie. Po mszy odb\u0119dzie si\u0119 uroczysto\u015b\u0107 pogrzebowa.<\/p>\n<p>&nbsp;<\/p>\n<p>Rodzinie oraz przyjacio\u0142om sk\u0142adamy najszczersze kondolencje.<\/p>\n<p>&nbsp;<\/p>\n<p>Rada Osiedla Gaj.<\/p>\n<p>&nbsp;<\/p>\n","protected":false},"excerpt":{"rendered":"<p>Z g\u0142\u0119bokim \u017calem informujemy, \u017ce zmar\u0142 Pan Andrzej Wozi\u0144ski &#8211; przewodnicz\u0105cy Rady Osiedla Gaj w kadencji 2001-2005.<\/p>\n","protected":false},"author":1,"featured_media":10019,"comment_status":"open","ping_status":"open","sticky":false,"template":"","format":"standard","meta":{"footnotes":""},"categories":[14],"tags":[966,112,968,969,967,135,970],"class_list":["post-10015","post","type-post","status-publish","format-standard","has-post-thumbnail","hentry","category-aktualnosci","tag-andrzej-wozinski","tag-gaj","tag-nekrolog","tag-pogrzeb","tag-przewodniczacy","tag-rada-osiedla-gaj","tag-sepolno"],"_links":{"self":[{"href":"https:\/\/online.tvk-gaj.pl\/index.php?rest_route=\/wp\/v2\/posts\/10015","targetHints":{"allow":["GET"]}}],"collection":[{"href":"https:\/\/online.tvk-gaj.pl\/index.php?rest_route=\/wp\/v2\/posts"}],"about":[{"href":"https:\/\/online.tvk-gaj.pl\/index.php?rest_route=\/wp\/v2\/types\/post"}],"author":[{"embeddable":true,"href":"https:\/\/online.tvk-gaj.pl\/index.php?rest_route=\/wp\/v2\/users\/1"}],"replies":[{"embeddable":true,"href":"https:\/\/online.tvk-gaj.pl\/index.php?rest_route=%2Fwp%2Fv2%2Fcomments&post=10015"}],"version-history":[{"count":5,"href":"https:\/\/online.tvk-gaj.pl\/index.php?rest_route=\/wp\/v2\/posts\/10015\/revisions"}],"predecessor-version":[{"id":10022,"href":"https:\/\/online.tvk-gaj.pl\/index.php?rest_route=\/wp\/v2\/posts\/10015\/revisions\/10022"}],"wp:featuredmedia":[{"embeddable":true,"href":"https:\/\/online.tvk-gaj.pl\/index.php?rest_route=\/wp\/v2\/media\/10019"}],"wp:attachment":[{"href":"https:\/\/online.tvk-gaj.pl\/index.php?rest_route=%2Fwp%2Fv2%2Fmedia&parent=10015"}],"wp:term":[{"taxonomy":"category","embeddable":true,"href":"https:\/\/online.tvk-gaj.pl\/index.php?rest_route=%2Fwp%2Fv2%2Fcategories&post=10015"},{"taxonomy":"post_tag","embeddable":true,"href":"https:\/\/online.tvk-gaj.pl\/index.php?rest_route=%2Fwp%2Fv2%2Ftags&post=10015"}],"curies":[{"name":"wp","href":"https:\/\/api.w.org\/{rel}","templated":true}]}}