{"id":10024,"date":"2018-04-16T21:03:23","date_gmt":"2018-04-16T19:03:23","guid":{"rendered":"http:\/\/www.tvk-gaj.pl\/~gajonline\/?p=10024"},"modified":"2018-04-16T21:03:23","modified_gmt":"2018-04-16T19:03:23","slug":"powstanie-nowy-mini-park-na-gaju","status":"publish","type":"post","link":"https:\/\/online.tvk-gaj.pl\/?p=10024","title":{"rendered":"Powstanie nowy, mini-park na Gaju!"},"content":{"rendered":"<p>Miasto przygotowuje si\u0119 do realizacji nowego terenu zielonego na Gaju. W ramach tworzenia we Wroc\u0142awiu tzw. park\u00f3w kieszonkowych powstanie mini-park przy styku ulic Orzechowej i \u015awieradowskiej!<!--more--><\/p>\n<div class=\"_5x46 _1yz1 clearfix\">\n<div class=\"clearfix _5va3\">\n<div class=\"clearfix _42ef\">\n<div class=\"_5va4\">\n<div class=\"_6a _5u5j\">\n<div class=\"_6a _5u5j _6b\">\n<p id=\"js_6l\" class=\"_14f3 _14f5 _5pbw _5vra\" data-ft=\"{&quot;tn&quot;:&quot;C&quot;}\">Dwa lata temu na Gaju powsta\u0142 niewielki park przy Wzg\u00f3rzu Gajowym. W tym roku maj\u0105 ruszy\u0107 prac\u0119 zwi\u0105zane z budow\u0105 parku na po\u0142udniu osiedla (wzd\u0142u\u017c ul. Jerzego Kukuczki). Jak si\u0119 okazuje to nie koniec! Miasto przygotowuje si\u0119 do realizacji nowych teren\u00f3w zielonych na Gaju. W ramach tworzenia we Wroc\u0142awiu tzw. park\u00f3w kieszonkowych powstanie mini-park przy styku ulic Orzechowej i \u015awieradowskiej. B\u0119dzie to 5 park na terenie osiedla (wliczaj\u0105c dodatkowo parki Skowroni oraz S\u0142oneczny).&nbsp;<\/p>\n<\/div>\n<\/div>\n<\/div>\n<\/div>\n<\/div>\n<\/div>\n<div id=\"js_6n\" class=\"_5pbx userContent _3576\" data-ft=\"{&quot;tn&quot;:&quot;K&quot;}\">\n<p>&nbsp;<\/p>\n<p><a href=\"http:\/\/www.tvk-gaj.pl\/~gajonline\/wp-content\/uploads\/2016\/11\/2016-09-14-12.07.15.jpg\"><img loading=\"lazy\" decoding=\"async\" class=\"aligncenter size-large wp-image-8520\" src=\"http:\/\/www.tvk-gaj.pl\/~gajonline\/wp-content\/uploads\/2016\/11\/2016-09-14-12.07.15-1024x768.jpg\" alt=\"\" width=\"838\" height=\"629\" srcset=\"https:\/\/online.tvk-gaj.pl\/wp-content\/uploads\/2016\/11\/2016-09-14-12.07.15-1024x768.jpg 1024w, https:\/\/online.tvk-gaj.pl\/wp-content\/uploads\/2016\/11\/2016-09-14-12.07.15-300x225.jpg 300w, https:\/\/online.tvk-gaj.pl\/wp-content\/uploads\/2016\/11\/2016-09-14-12.07.15-768x576.jpg 768w\" sizes=\"auto, (max-width: 838px) 100vw, 838px\" \/><\/a><\/p>\n<\/div>\n<p>&nbsp;<\/p>\n<p>Inicjatywy &#8222;park\u00f3w kieszonkowych&#8221; to idea mini-park\u00f3w (zielonych skwer\u00f3w z infrastruktur\u0105 parkow\u0105) zlokalizowanych w r\u00f3\u017cnych cz\u0119\u015bciach Wroc\u0142awia.&nbsp;<\/p>\n<p>4 kwietnia wroc\u0142awski Zarz\u0105d Zieleni Miejskiej rozstrzygn\u0105\u0142&nbsp;przetarg na stworzenie projektu&nbsp; realizowanego w ramach Wroc\u0142awskiego Bud\u017cetu Obywatelskiego z roku 2017: <em>&#8222;Ziele\u0144 dla Wroc\u0142awia \u2013 parki kieszonkowe, nasadzenia, enklawy zieleni w ca\u0142ym mie\u015bcie!&#8221;<\/em><\/p>\n<p>Koszt inwestycji to 50 tys. z\u0142otych. W kwocie tej znajduj\u0105 si\u0119 nasadzenia zieleni, alejki spacerowe, \u0142awki, o\u015bwietlenie oraz kosze na \u015bmieci.<\/p>\n<p>&nbsp;<\/p>\n<p><a href=\"http:\/\/www.tvk-gaj.pl\/~gajonline\/wp-content\/uploads\/2017\/06\/2017-06-02-17.11.57-1.jpg\"><img loading=\"lazy\" decoding=\"async\" class=\"aligncenter size-large wp-image-9203\" src=\"http:\/\/www.tvk-gaj.pl\/~gajonline\/wp-content\/uploads\/2017\/06\/2017-06-02-17.11.57-1-768x1024.jpg\" alt=\"\" width=\"768\" height=\"1024\" srcset=\"https:\/\/online.tvk-gaj.pl\/wp-content\/uploads\/2017\/06\/2017-06-02-17.11.57-1-768x1024.jpg 768w, https:\/\/online.tvk-gaj.pl\/wp-content\/uploads\/2017\/06\/2017-06-02-17.11.57-1-225x300.jpg 225w\" sizes=\"auto, (max-width: 768px) 100vw, 768px\" \/><\/a><\/p>\n<p>&nbsp;<\/p>\n<p>Oczywi\u015bcie ze wzgl\u0119du na niewielki rozmiar park przy skrzy\u017cowaniu ulicy Orzechowej i \u015awieradowskiej nie b\u0119dzie nadawa\u0142 si\u0119 do uprawiania sportu czy d\u0142ugich spacer\u00f3w. Jego cel jest inny &#8211; jak m\u00f3wi osoba odpowiedzialna za projekt &#8211; Aleksandra Zienkiewicz:<\/p>\n<blockquote><p><em>Parki kieszonkowe mog\u0142yby stanowi\u0107 miejsca spotykania si\u0119 mieszka\u0144c\u00f3w, umila\u0107 czekanie na tramwaj, czy po prostu dawa\u0107 mo\u017cliwo\u015b\u0107 odpoczynku w\u015br\u00f3d ro\u015blinno\u015bci, niestety wydeptany trawnik, brak \u0142awek, b\u0105d\u017a cienia nie sprzyjaj\u0105 takim aktywno\u015bciom.<\/em><\/p><\/blockquote>\n<p>W parku b\u0119dzie wi\u0119c mo\u017cna&nbsp;przysi\u0105\u015b\u0107 na \u0142awce, poczyta\u0107 ksi\u0105\u017ck\u0119 czy poczeka\u0107 na tramwaj.&nbsp;&nbsp;<\/p>\n<p>Cieszymy si\u0119, \u017ce Gaj wzbogaci si\u0119 o kolejny park. Zgodnie z nazw\u0105 osiedla Gaj staje si\u0119 coraz bardziej zielonym osiedlem (czyli wracaj\u0105cym do swojej historycznego pierwowzoru).&nbsp;<\/p>\n<p>&nbsp;<\/p>\n","protected":false},"excerpt":{"rendered":"<p>Miasto przygotowuje si\u0119 do realizacji nowego terenu zielonego na Gaju. W ramach tworzenia we Wroc\u0142awiu tzw. park\u00f3w kieszonkowych powstanie mini-park przy styku ulic Orzechowej i \u015awieradowskiej!<\/p>\n","protected":false},"author":1,"featured_media":10025,"comment_status":"open","ping_status":"open","sticky":false,"template":"","format":"standard","meta":{"footnotes":""},"categories":[14,12],"tags":[112,971,218,166,443,972,974,135,117,973,275,165,512],"class_list":["post-10024","post","type-post","status-publish","format-standard","has-post-thumbnail","hentry","category-aktualnosci","category-artykuly","tag-gaj","tag-mini-park","tag-orzechowa","tag-osiedle-gaj","tag-park","tag-park-kieszonkowy","tag-parki-na-gaju","tag-rada-osiedla-gaj","tag-swieradowska","tag-tereny-zielone","tag-wbo","tag-wroclaw","tag-zielen"],"_links":{"self":[{"href":"https:\/\/online.tvk-gaj.pl\/index.php?rest_route=\/wp\/v2\/posts\/10024","targetHints":{"allow":["GET"]}}],"collection":[{"href":"https:\/\/online.tvk-gaj.pl\/index.php?rest_route=\/wp\/v2\/posts"}],"about":[{"href":"https:\/\/online.tvk-gaj.pl\/index.php?rest_route=\/wp\/v2\/types\/post"}],"author":[{"embeddable":true,"href":"https:\/\/online.tvk-gaj.pl\/index.php?rest_route=\/wp\/v2\/users\/1"}],"replies":[{"embeddable":true,"href":"https:\/\/online.tvk-gaj.pl\/index.php?rest_route=%2Fwp%2Fv2%2Fcomments&post=10024"}],"version-history":[{"count":2,"href":"https:\/\/online.tvk-gaj.pl\/index.php?rest_route=\/wp\/v2\/posts\/10024\/revisions"}],"predecessor-version":[{"id":10027,"href":"https:\/\/online.tvk-gaj.pl\/index.php?rest_route=\/wp\/v2\/posts\/10024\/revisions\/10027"}],"wp:featuredmedia":[{"embeddable":true,"href":"https:\/\/online.tvk-gaj.pl\/index.php?rest_route=\/wp\/v2\/media\/10025"}],"wp:attachment":[{"href":"https:\/\/online.tvk-gaj.pl\/index.php?rest_route=%2Fwp%2Fv2%2Fmedia&parent=10024"}],"wp:term":[{"taxonomy":"category","embeddable":true,"href":"https:\/\/online.tvk-gaj.pl\/index.php?rest_route=%2Fwp%2Fv2%2Fcategories&post=10024"},{"taxonomy":"post_tag","embeddable":true,"href":"https:\/\/online.tvk-gaj.pl\/index.php?rest_route=%2Fwp%2Fv2%2Ftags&post=10024"}],"curies":[{"name":"wp","href":"https:\/\/api.w.org\/{rel}","templated":true}]}}