{"id":10029,"date":"2018-04-25T21:03:35","date_gmt":"2018-04-25T19:03:35","guid":{"rendered":"http:\/\/www.tvk-gaj.pl\/~gajonline\/?p=10029"},"modified":"2018-04-25T21:03:35","modified_gmt":"2018-04-25T19:03:35","slug":"weekend-majowy-zmiany-w-komunikacji-miejskiej","status":"publish","type":"post","link":"https:\/\/online.tvk-gaj.pl\/?p=10029","title":{"rendered":"Weekend majowy &#8211; zmiany w komunikacji miejskiej"},"content":{"rendered":"<div class=\"_5pbx userContent _3576\" data-ft=\"{&quot;tn&quot;:&quot;K&quot;}\">\n<p>Zbli\u017ca si\u0119 d\u0142ugi weekend, a w raz z nim zmiany w rozk\u0142adzie jazdy MPK.<\/p>\n<\/div>\n<p><!--more--><\/p>\n<div class=\"_3x-2\" data-ft=\"{&quot;tn&quot;:&quot;H&quot;}\">\n<div data-ft=\"{&quot;tn&quot;:&quot;H&quot;}\">\n<div class=\"mtm\">\n<div id=\"u_12_5\" class=\"_6m2 _1zpr clearfix _dcs _4_w4 _59ap _2bf7\" data-ft=\"{&quot;tn&quot;:&quot;H&quot;}\">\n<div class=\"clearfix _2r3x\">\n<div class=\"lfloat _ohe\">\n<div class=\"_6ks\">\n<div>&nbsp;<\/div>\n<div>Zmieniony rozk\u0142ad jazdy autobus\u00f3w i tramwaj\u00f3w obowi\u0105zuje&nbsp;w dniach: 29.04.2018 &#8211; 05.05.2018r:<\/div>\n<\/div>\n<div>\n<blockquote><p><strong>30 kwietnia 2018 roku (poniedzia\u0142ek)<\/strong><\/p>\n<p>1. Wszystkie linie tramwajowe i autobusowe b\u0119d\u0105 kursowa\u0142y wg roboczych<br \/>\nrozk\u0142ad\u00f3w jazdy.<\/p>\n<p><strong>1 maja 2018 roku (wtorek)<\/strong><\/p>\n<p>1. Wszystkie linie tramwajowe i autobusowe b\u0119d\u0105 kursowa\u0142y wg<br \/>\nniedzielnych rozk\u0142ad\u00f3w jazdy.<\/p>\n<p><strong>2 maja 2018 roku (\u015broda)<\/strong><\/p>\n<p>1. Wszystkie linie tramwajowe i autobusowe b\u0119d\u0105 kursowa\u0142y wg sobotnich<br \/>\nrozk\u0142ad\u00f3w jazdy z wyj\u0105tkiem linii 602 i 607.<br \/>\n2. Linie autobusowe 602 i 607 b\u0119d\u0105 kursowa\u0142y wg roboczych rozk\u0142ad\u00f3w<br \/>\njazdy z nast\u0119puj\u0105cymi zmianami:<br \/>\n&#8211; zawieszone zostan\u0105 kursy linii 602 z Dworca G\u0142\u00f3wnego do koncernu LG<br \/>\no godzinie 6:00 i 7:00;<br \/>\n&#8211; zawieszony zostanie kurs linii 607 z przystanku &#8222;Kwiska&#8221; do<br \/>\nkoncernu LG o godzinie 6:05 i 15:19;<br \/>\n&#8211; zawieszone zostan\u0105 kursy linii 602 z koncernu LG do Wroc\u0142awia o<br \/>\ngodzinie 7:00, 7:50 i 15:30;<br \/>\n&#8211; zawieszony zostanie kurs linii 607 z koncernu LG do Wroc\u0142awia o<br \/>\ngodzinie 7:15 i 16:20.3. Zawieszone b\u0119d\u0105 dodatkowe kursy nocnych linii 245, 249 i 251<br \/>\nuruchamiane w nocy z soboty na niedziel\u0119.<\/p>\n<p><strong>3 maja 2018 roku (czwartek)<\/strong><\/p>\n<p>1. Wszystkie linie tramwajowe i autobusowe b\u0119d\u0105 kursowa\u0142y wg<br \/>\nniedzielnych rozk\u0142ad\u00f3w jazdy.<\/p>\n<p><strong>4 maja 2018 roku (pi\u0105tek)<\/strong><\/p>\n<p>1. Wszystkie linie tramwajowe i autobusowe b\u0119d\u0105 kursowa\u0142y wg roboczych<br \/>\nrozk\u0142ad\u00f3w jazdy.<\/p>\n<p><strong>5 maja 2018 roku (sobota)<\/strong><\/p>\n<p>1. Wszystkie linie tramwajowe i autobusowe b\u0119d\u0105 kursowa\u0142y wg sobotnich<br \/>\nrozk\u0142ad\u00f3w jazdy.<\/p>\n<p><strong>6 maja 2018 roku (niedziela)<\/strong><\/p>\n<p>1. Wszystkie linie tramwajowe i autobusowe b\u0119d\u0105 kursowa\u0142y wg<br \/>\nniedzielnych rozk\u0142ad\u00f3w jazdy.<\/p><\/blockquote>\n<\/div>\n<div class=\"_6ks\">\n<div>&nbsp;<\/div>\n<\/div>\n<\/div>\n<\/div>\n<div>&nbsp;<\/div>\n<div class=\"clearfix _2r3x\">\n<div class=\"lfloat _ohe\">\n<div class=\"_6ks\">\n<div>\n<p><a href=\"http:\/\/www.tvk-gaj.pl\/~gajonline\/wp-content\/uploads\/2018\/04\/5231621.jpg\"><img loading=\"lazy\" decoding=\"async\" class=\"size-large wp-image-10030\" src=\"http:\/\/www.tvk-gaj.pl\/~gajonline\/wp-content\/uploads\/2018\/04\/5231621-1024x768.jpg\" alt=\"\" width=\"838\" height=\"629\" srcset=\"https:\/\/online.tvk-gaj.pl\/wp-content\/uploads\/2018\/04\/5231621-1024x768.jpg 1024w, https:\/\/online.tvk-gaj.pl\/wp-content\/uploads\/2018\/04\/5231621-300x225.jpg 300w, https:\/\/online.tvk-gaj.pl\/wp-content\/uploads\/2018\/04\/5231621-768x576.jpg 768w\" sizes=\"auto, (max-width: 838px) 100vw, 838px\" \/><\/a><\/p>\n<\/div>\n<\/div>\n<\/div>\n<\/div>\n<p>&nbsp;<\/p>\n<p>Ponadto MPK w dniach 30.04, 1, 2, 3, 5.05.2018 r.&nbsp;uruchomi specjaln\u0105 lini\u0119 tramwajow\u0105 pomi\u0119dzy Hal\u0105 Stulecia i Ogrodem Zoologicznym, a zajdezdni\u0105 Gaj (\u015al\u0119\u017cna). Linia T9 b\u0119dzie kursowa\u0142a z cz\u0119stotliwo\u015bci\u0105, co 20 minut w godzinach 11:00 \u2013 19:00.<\/p>\n<p>&nbsp;<\/p>\n<div class=\"clearfix _2r3x\">\n<div class=\"lfloat _ohe\">\n<p><em>\u0179r\u00f3d\u0142o:&nbsp;www.mpk.wroc.pl&nbsp;<\/em><\/p>\n<p>&nbsp;<\/p>\n<\/div>\n<\/div>\n<\/div>\n<\/div>\n<\/div>\n<\/div>\n","protected":false},"excerpt":{"rendered":"<p>Zbli\u017ca si\u0119 d\u0142ugi weekend, a w raz z nim zmiany w rozk\u0142adzie jazdy MPK.<\/p>\n","protected":false},"author":1,"featured_media":10032,"comment_status":"open","ping_status":"open","sticky":false,"template":"","format":"standard","meta":{"footnotes":""},"categories":[14,12],"tags":[415,112,975,156,976,702,199],"class_list":["post-10029","post","type-post","status-publish","format-standard","has-post-thumbnail","hentry","category-aktualnosci","category-artykuly","tag-autobusy","tag-gaj","tag-majowka","tag-mpk","tag-rozklad","tag-rozklad-jazdy","tag-tramwaje"],"_links":{"self":[{"href":"https:\/\/online.tvk-gaj.pl\/index.php?rest_route=\/wp\/v2\/posts\/10029","targetHints":{"allow":["GET"]}}],"collection":[{"href":"https:\/\/online.tvk-gaj.pl\/index.php?rest_route=\/wp\/v2\/posts"}],"about":[{"href":"https:\/\/online.tvk-gaj.pl\/index.php?rest_route=\/wp\/v2\/types\/post"}],"author":[{"embeddable":true,"href":"https:\/\/online.tvk-gaj.pl\/index.php?rest_route=\/wp\/v2\/users\/1"}],"replies":[{"embeddable":true,"href":"https:\/\/online.tvk-gaj.pl\/index.php?rest_route=%2Fwp%2Fv2%2Fcomments&post=10029"}],"version-history":[{"count":3,"href":"https:\/\/online.tvk-gaj.pl\/index.php?rest_route=\/wp\/v2\/posts\/10029\/revisions"}],"predecessor-version":[{"id":10034,"href":"https:\/\/online.tvk-gaj.pl\/index.php?rest_route=\/wp\/v2\/posts\/10029\/revisions\/10034"}],"wp:featuredmedia":[{"embeddable":true,"href":"https:\/\/online.tvk-gaj.pl\/index.php?rest_route=\/wp\/v2\/media\/10032"}],"wp:attachment":[{"href":"https:\/\/online.tvk-gaj.pl\/index.php?rest_route=%2Fwp%2Fv2%2Fmedia&parent=10029"}],"wp:term":[{"taxonomy":"category","embeddable":true,"href":"https:\/\/online.tvk-gaj.pl\/index.php?rest_route=%2Fwp%2Fv2%2Fcategories&post=10029"},{"taxonomy":"post_tag","embeddable":true,"href":"https:\/\/online.tvk-gaj.pl\/index.php?rest_route=%2Fwp%2Fv2%2Ftags&post=10029"}],"curies":[{"name":"wp","href":"https:\/\/api.w.org\/{rel}","templated":true}]}}