{"id":10063,"date":"2018-05-25T21:48:47","date_gmt":"2018-05-25T19:48:47","guid":{"rendered":"http:\/\/www.tvk-gaj.pl\/~gajonline\/?p=10063"},"modified":"2018-05-25T21:48:47","modified_gmt":"2018-05-25T19:48:47","slug":"miasto-wybralo-wykonawce-nowego-parku-przy-ul-kukuczki","status":"publish","type":"post","link":"https:\/\/online.tvk-gaj.pl\/?p=10063","title":{"rendered":"Miasto wybra\u0142o wykonawc\u0119 nowego parku przy ul. Kukuczki"},"content":{"rendered":"<p>Miasto rozstrzygn\u0119\u0142o (drugi) przetarg na budow\u0119 terenu rekreacyjnego na po\u0142udniu Gaju. Oznacza to, \u017ce nowy park przy ul. Jerzego Kukuczki i K\u0142odzkiej ma powsta\u0107 jeszcze w tym roku!<!--more--><\/p>\n<p>&nbsp;<\/p>\n<p><strong>Wy\u0142onienie zwyci\u0119scy przetargu<\/strong><\/p>\n<p>&nbsp;<\/p>\n<p>Pierwszy etap przetargu zosta\u0142 uniewa\u017cniony przez miasto w kwietniu. Wtedy to po otwarciu ofert okaza\u0142o si\u0119, \u017ce najkorzystniejsza oferta z\u0142o\u017cona przez firm\u0119 SpesCity z podwroc\u0142awskiej miejscowo\u015bci Wysoka by\u0142a znacznie ni\u017csza od tych, kt\u00f3re zaoferowa\u0142y pozosta\u0142e firmy. W zwi\u0105zku z wymaganiami formalnymi Zarz\u0105d Inwestycji Miejskich poprosi\u0142 o wyja\u015bnienia oraz rozpocz\u0105\u0142 drugi etap przetargu.&nbsp;<\/p>\n<p>&nbsp;<\/p>\n<p><a href=\"http:\/\/www.tvk-gaj.pl\/~gajonline\/wp-content\/uploads\/2018\/05\/2018-04-25-15.44.16.jpg\"><img loading=\"lazy\" decoding=\"async\" class=\"aligncenter size-large wp-image-10067\" src=\"http:\/\/www.tvk-gaj.pl\/~gajonline\/wp-content\/uploads\/2018\/05\/2018-04-25-15.44.16-1024x884.jpg\" alt=\"\" width=\"838\" height=\"723\" srcset=\"https:\/\/online.tvk-gaj.pl\/wp-content\/uploads\/2018\/05\/2018-04-25-15.44.16-1024x884.jpg 1024w, https:\/\/online.tvk-gaj.pl\/wp-content\/uploads\/2018\/05\/2018-04-25-15.44.16-300x259.jpg 300w, https:\/\/online.tvk-gaj.pl\/wp-content\/uploads\/2018\/05\/2018-04-25-15.44.16-768x663.jpg 768w\" sizes=\"auto, (max-width: 838px) 100vw, 838px\" \/><\/a><\/p>\n<p>&nbsp;<\/p>\n<p>18 maja ZIM rozstrzygn\u0105\u0142 ponown\u0105 procedur\u0119 przetargow\u0105. Najni\u017csz\u0105 ofert\u0119 ponownie z\u0142o\u017cy\u0142 SpesCity &#8211; inwestycj\u0119 wyceni\u0142 na 1 mln 988 tys. z\u0142. To o ponad 200 tys. z\u0142otych wi\u0119cej ni\u017c pierwotnie zak\u0142ada\u0142 magistrat, ale urz\u0119dnicy podj\u0119li decyzj\u0119 o zwi\u0119kszeniu bud\u017cetu potrzebnego na zamkni\u0119cie przetargu.&nbsp;<\/p>\n<p>&nbsp;<\/p>\n<p><strong>Nowy park<\/strong><\/p>\n<p>Park wraz z infrastruktur\u0105 rekreacyjn\u0105 powsta\u0107 ma wzd\u0142u\u017c nasypu kolejowego oddzielaj\u0105cego Gaj i Wojszyce, wzd\u0142u\u017c ulic Jerzego Kukuczki i K\u0142odzkiej (teren pomi\u0119dzy nasypem kolejowym, ul. Kukuczki, K\u0142odzk\u0105, Stro\u0144sk\u0105, Pirenejsk\u0105, Pi\u0142awsk\u0105, Radkowsk\u0105 a Dzier\u017coniowsk\u0105 i ul Srebrnog\u00f3rsk\u0105).&nbsp;<\/p>\n<p>Park, a w zasadzie teren rekreacyjny o powierzchni blisko 3 hektar\u00f3w sk\u0142ada\u0107 si\u0119 ma z alejek i \u015bcie\u017cek parkowych, o\u015bwietlenia, \u0142awek, koszy na \u015bmieci, nasadze\u0144 blisko 700 drzew i krzew\u00f3w, g\u00f3rki saneczkowej i placu zabaw.&nbsp;<\/p>\n<p>Ze wzgl\u0119du na wielko\u015b\u0107 inwestycji (do zagospodarowania jest teren o powierzchni ok 3 hektar\u00f3w) prace podzielono na 3 etapy.&nbsp;<\/p>\n<p>&nbsp;<\/p>\n<p><a href=\"http:\/\/www.tvk-gaj.pl\/~gajonline\/wp-content\/uploads\/2018\/05\/2018-04-25-14.14.51.jpg\"><img loading=\"lazy\" decoding=\"async\" class=\"aligncenter size-large wp-image-10068\" src=\"http:\/\/www.tvk-gaj.pl\/~gajonline\/wp-content\/uploads\/2018\/05\/2018-04-25-14.14.51-768x1024.jpg\" alt=\"\" width=\"768\" height=\"1024\" srcset=\"https:\/\/online.tvk-gaj.pl\/wp-content\/uploads\/2018\/05\/2018-04-25-14.14.51-768x1024.jpg 768w, https:\/\/online.tvk-gaj.pl\/wp-content\/uploads\/2018\/05\/2018-04-25-14.14.51-225x300.jpg 225w\" sizes=\"auto, (max-width: 768px) 100vw, 768px\" \/><\/a><\/p>\n<p>&nbsp;<\/p>\n<p><strong>Plan inwestycji&nbsp;&nbsp;<\/strong><\/p>\n<p>Pierwszy z nich obejmuje uporz\u0105dkowanie i przygotowanie terenu pod prace ziemne &#8211; w tym nasadzenia blisko 700 drzew i krzew\u00f3w. Ponadto opis inwestycji obejmuje m.in:<\/p>\n<ul>\n<li>budow\u0119&nbsp; chodnik\u00f3w oraz \u015bcie\u017cek (w tym tak\u017ce dla rowerzyst\u00f3w)<\/li>\n<li>monta\u017c \u0142awek, koszy na \u015bmieci<\/li>\n<li>stworzenie g\u00f3rki dla sanek<\/li>\n<li>budow\u0119 placu zabaw&nbsp;<\/li>\n<\/ul>\n<p>Drugi w kolejno\u015bci etap to piel\u0119gnacja trawy przez rok od oddania parku<\/p>\n<p>Natomiast trzecim etapem jest piel\u0119gnacja drzew i ro\u015blinno\u015bci przez okres 3 lat.&nbsp;<\/p>\n<p>\u0141\u0105czny czas gwarancji wykonawcy czyli firmy SpesCity to 5 lat.&nbsp;<\/p>\n<p>&nbsp;<\/p>\n<p><a href=\"http:\/\/www.tvk-gaj.pl\/~gajonline\/wp-content\/uploads\/2017\/06\/2017-06-02-17.06.16.jpg\"><img loading=\"lazy\" decoding=\"async\" class=\"aligncenter size-large wp-image-9198\" src=\"http:\/\/www.tvk-gaj.pl\/~gajonline\/wp-content\/uploads\/2017\/06\/2017-06-02-17.06.16-1024x768.jpg\" alt=\"\" width=\"838\" height=\"629\" srcset=\"https:\/\/online.tvk-gaj.pl\/wp-content\/uploads\/2017\/06\/2017-06-02-17.06.16-1024x768.jpg 1024w, https:\/\/online.tvk-gaj.pl\/wp-content\/uploads\/2017\/06\/2017-06-02-17.06.16-300x225.jpg 300w, https:\/\/online.tvk-gaj.pl\/wp-content\/uploads\/2017\/06\/2017-06-02-17.06.16-768x576.jpg 768w\" sizes=\"auto, (max-width: 838px) 100vw, 838px\" \/><\/a><\/p>\n<p>&nbsp;<\/p>\n<p>Pierwszy i najbardziej rozbudowany etap inwestycji zako\u0144czy\u0107 si\u0119 ma do ko\u0144ca bie\u017c\u0105cego roku.&nbsp;<\/p>\n<p>Powinno to pokry\u0107 si\u0119 z terminem realizacji \u015bcie\u017cki rowerowej biegn\u0105cej wzd\u0142u\u017c nasypu kolejowego od ulicy Bardzkiej do Borowskiej (zwyci\u0119ski projekt WBO).<\/p>\n<p>&nbsp;<\/p>\n<p><a href=\"http:\/\/www.tvk-gaj.pl\/~gajonline\/wp-content\/uploads\/2016\/11\/2016-09-14-12.07.15.jpg\"><img loading=\"lazy\" decoding=\"async\" class=\"aligncenter size-large wp-image-8520\" src=\"http:\/\/www.tvk-gaj.pl\/~gajonline\/wp-content\/uploads\/2016\/11\/2016-09-14-12.07.15-1024x768.jpg\" alt=\"\" width=\"838\" height=\"629\" srcset=\"https:\/\/online.tvk-gaj.pl\/wp-content\/uploads\/2016\/11\/2016-09-14-12.07.15-1024x768.jpg 1024w, https:\/\/online.tvk-gaj.pl\/wp-content\/uploads\/2016\/11\/2016-09-14-12.07.15-300x225.jpg 300w, https:\/\/online.tvk-gaj.pl\/wp-content\/uploads\/2016\/11\/2016-09-14-12.07.15-768x576.jpg 768w\" sizes=\"auto, (max-width: 838px) 100vw, 838px\" \/><\/a><\/p>\n<p>&nbsp;<\/p>\n<p>Przypomnijmy, \u017ce miasto od 2016r. prowadzi\u0142o z mieszka\u0144cami rozmowy na temat budowy nowego parku na Gaju w ramach projektu Wroc\u0142aw Rozmawia &#8211; Parkowy Gaj. O konsultacjach informowali\u015bmy na bie\u017c\u0105co.<\/p>\n<p>&nbsp;<\/p>\n<p><strong>\u015aled\u017acie nasz\u0105 stron\u0119 oraz nasz profil na Facebooku, aby dowiedzie\u0107 si\u0119 wi\u0119cej o post\u0119pach w realizacji inwestycji!<\/strong><\/p>\n","protected":false},"excerpt":{"rendered":"<p>Miasto rozstrzygn\u0119\u0142o (drugi) przetarg na budow\u0119 terenu rekreacyjnego na po\u0142udniu Gaju. Oznacza to, \u017ce nowy park przy ul. Jerzego Kukuczki i K\u0142odzkiej ma powsta\u0107 jeszcze w tym roku!<\/p>\n","protected":false},"author":1,"featured_media":10066,"comment_status":"open","ping_status":"open","sticky":false,"template":"","format":"standard","meta":{"footnotes":""},"categories":[14,12],"tags":[112,247,242,235,992,991,443,135,993,953],"class_list":["post-10063","post","type-post","status-publish","format-standard","has-post-thumbnail","hentry","category-aktualnosci","category-artykuly","tag-gaj","tag-jerzego-kukuczki","tag-kukuczki","tag-klodzka","tag-nowy-park","tag-nowy-park-na-gaju","tag-park","tag-rada-osiedla-gaj","tag-sp-23","tag-wroclawskie-inwestycje"],"_links":{"self":[{"href":"https:\/\/online.tvk-gaj.pl\/index.php?rest_route=\/wp\/v2\/posts\/10063","targetHints":{"allow":["GET"]}}],"collection":[{"href":"https:\/\/online.tvk-gaj.pl\/index.php?rest_route=\/wp\/v2\/posts"}],"about":[{"href":"https:\/\/online.tvk-gaj.pl\/index.php?rest_route=\/wp\/v2\/types\/post"}],"author":[{"embeddable":true,"href":"https:\/\/online.tvk-gaj.pl\/index.php?rest_route=\/wp\/v2\/users\/1"}],"replies":[{"embeddable":true,"href":"https:\/\/online.tvk-gaj.pl\/index.php?rest_route=%2Fwp%2Fv2%2Fcomments&post=10063"}],"version-history":[{"count":3,"href":"https:\/\/online.tvk-gaj.pl\/index.php?rest_route=\/wp\/v2\/posts\/10063\/revisions"}],"predecessor-version":[{"id":10070,"href":"https:\/\/online.tvk-gaj.pl\/index.php?rest_route=\/wp\/v2\/posts\/10063\/revisions\/10070"}],"wp:featuredmedia":[{"embeddable":true,"href":"https:\/\/online.tvk-gaj.pl\/index.php?rest_route=\/wp\/v2\/media\/10066"}],"wp:attachment":[{"href":"https:\/\/online.tvk-gaj.pl\/index.php?rest_route=%2Fwp%2Fv2%2Fmedia&parent=10063"}],"wp:term":[{"taxonomy":"category","embeddable":true,"href":"https:\/\/online.tvk-gaj.pl\/index.php?rest_route=%2Fwp%2Fv2%2Fcategories&post=10063"},{"taxonomy":"post_tag","embeddable":true,"href":"https:\/\/online.tvk-gaj.pl\/index.php?rest_route=%2Fwp%2Fv2%2Ftags&post=10063"}],"curies":[{"name":"wp","href":"https:\/\/api.w.org\/{rel}","templated":true}]}}