{"id":10072,"date":"2018-05-27T19:17:15","date_gmt":"2018-05-27T17:17:15","guid":{"rendered":"http:\/\/www.tvk-gaj.pl\/~gajonline\/?p=10072"},"modified":"2018-06-12T19:48:56","modified_gmt":"2018-06-12T17:48:56","slug":"zapraszamy-na-festyn-osiedlowy-2","status":"publish","type":"post","link":"https:\/\/online.tvk-gaj.pl\/?p=10072","title":{"rendered":"Zapraszamy na Festyn Osiedlowy!"},"content":{"rendered":"<p>Rada Osiedla Gaj serdecznie zaprasza wszystkich mieszka\u0144c\u00f3w naszego osiedla na festyn osiedlowy, kt\u00f3ry odb\u0119dzie si\u0119 9 czerwca w Parku S\u0142onecznym na Gaju. Zdecydowanie warto przyj\u015b\u0107 tego dnia do Parku S\u0142onecznego, by wsp\u00f3lnie przywita\u0107 tegoroczne lato.&nbsp;<!--more--><\/p>\n<p>&nbsp;<\/p>\n<p><a href=\"http:\/\/www.tvk-gaj.pl\/~gajonline\/wp-content\/uploads\/2018\/05\/Festyn-Osiedla-GAJ-gotowy.jpg\"><img loading=\"lazy\" decoding=\"async\" class=\"aligncenter size-large wp-image-10074\" src=\"http:\/\/www.tvk-gaj.pl\/~gajonline\/wp-content\/uploads\/2018\/05\/Festyn-Osiedla-GAJ-gotowy-724x1024.jpg\" alt=\"\" width=\"724\" height=\"1024\" srcset=\"https:\/\/online.tvk-gaj.pl\/wp-content\/uploads\/2018\/05\/Festyn-Osiedla-GAJ-gotowy-724x1024.jpg 724w, https:\/\/online.tvk-gaj.pl\/wp-content\/uploads\/2018\/05\/Festyn-Osiedla-GAJ-gotowy-212x300.jpg 212w, https:\/\/online.tvk-gaj.pl\/wp-content\/uploads\/2018\/05\/Festyn-Osiedla-GAJ-gotowy-768x1086.jpg 768w, https:\/\/online.tvk-gaj.pl\/wp-content\/uploads\/2018\/05\/Festyn-Osiedla-GAJ-gotowy.jpg 1588w\" sizes=\"auto, (max-width: 724px) 100vw, 724px\" \/><\/a><\/p>\n<p>&nbsp;<\/p>\n<p><span style=\"text-decoration: underline;\">Has\u0142em tegorocznego festynu jest &#8222;Stop przemocy&#8221;. Has\u0142o wi\u0105\u017ce si\u0119 z fina\u0142em turnieju sportowego, przez sport nawi\u0105zuj\u0105c do zasad fair play oraz zdrowego i aktywnego stylu \u017cycia, szczeg\u00f3lnie dla dzieci i m\u0142odzie\u017cy!<\/span><\/p>\n<blockquote><p>Celami festynu s\u0105 m.in.:<\/p>\n<p>&nbsp;&nbsp;&nbsp;&nbsp;&nbsp;&nbsp;&nbsp;&nbsp;&nbsp; &#8211; Integracja mieszka\u0144c\u00f3w osiedla;<\/p>\n<p>&nbsp;&nbsp;&nbsp;&nbsp;&nbsp;&nbsp;&nbsp;&nbsp;&nbsp; &#8211; Propagowanie zdrowego stylu \u017cycia;<\/p>\n<p>&nbsp;&nbsp;&nbsp;&nbsp;&nbsp;&nbsp;&nbsp;&nbsp;&nbsp; &#8211; Propagowanie idei samopomocy i rozbudzania wra\u017cliwo\u015bci spo\u0142ecznej;<\/p>\n<p>&nbsp;&nbsp;&nbsp;&nbsp;&nbsp;&nbsp;&nbsp;&nbsp;&nbsp; &#8211; Propagowanie zasad bezpiecznego poruszania si\u0119 po drogach;<\/p><\/blockquote>\n<p>&nbsp;<\/p>\n<h2><strong>Atrakcje:&nbsp;<\/strong><\/h2>\n<ul>\n<li>Wyst\u0119py na \u017cywo zespo\u0142\u00f3w: Tequila, Ch\u00f3r Piastuny, Ch\u00f3r Ku\u017aniczanie<\/li>\n<li>fina\u0142 turnieju sportowego na Gaju. Turniej z okazji 100-lecia odzyskania przez Polsk\u0119 niepodleg\u0142o\u015bci<\/li>\n<li>profesjonalne animacje i zabawy dla dzieci &#8211; Asobi Studio<\/li>\n<li>dmuchane zamki i inne atrakcje dla najm\u0142odszych<\/li>\n<li>Gra &#8222;Rodzinne potyczki&#8221; prowadzona przez MOPS we Wroc\u0142awiu<\/li>\n<li>fotobudka<\/li>\n<li>pokaz koni Stra\u017cy Miejskiej<\/li>\n<li>pokaz wozu bojowego Pa\u0144stwowej Stra\u017cy Po\u017carnej&nbsp;<\/li>\n<li>stanowisko Policji<\/li>\n<li>grill<\/li>\n<li>s\u0142odycze (budka lodowa)&nbsp;<\/li>\n<\/ul>\n<p><span style=\"text-decoration: underline;\">Imprez\u0119 poprowadzi aktor i mieszkaniec osiedla &#8211; Miros\u0142aw Majcherek!&nbsp;<\/span><\/p>\n<p>&nbsp;<\/p>\n<h2><strong>Stoiska konsultacyjne:<\/strong><\/h2>\n<ol>\n<li>Stoisko konsultacyjne MOPS<\/li>\n<li>Stoisko fizjoterapeutyczne p. Bogus\u0142awy Piechaczek<\/li>\n<li>Stoisko konsultacyjne Banku Peko S.A Wroc\u0142aw ul. \u015awieradowska<\/li>\n<\/ol>\n<p>&nbsp;<\/p>\n<h2><strong>Stoiska patronackie:<\/strong><\/h2>\n<ol>\n<li>Stoisko promocyjne Ferio Gaj Wroc\u0142aw ul. \u015awieradowska<\/li>\n<li>Stoisko M\u2019Donald\u2019s<\/li>\n<li>Stoisko AGA Wroc\u0142aw ul. Orzechowa<\/li>\n<li>Stoisko handlowe Witold Mo\u017cd\u017ce\u0144 \u2013 balony, ba\u0144ki mydlane zabawki.<\/li>\n<li>Stoisko handlowe \u201eAPIA\u201d Wroc\u0142aw ul. Krynicka 52<\/li>\n<\/ol>\n<p>&nbsp;<\/p>\n<h2><strong>Termin i miejsce:<\/strong><\/h2>\n<p>9 czerwca (sobota), godziny 12-22:00. Teren Parku S\u0142onecznego na Gaju (pomi\u0119dzy ulicami Orzechow\u0105 a Krynick\u0105).&nbsp;<\/p>\n<p>Cz\u0119\u015b\u0107 rozgrywek sportowych przeprowadzona zostanie na&nbsp;terenie Zespo\u0142u Szkolno-Przedzkolnego&nbsp;&nbsp;Nr 21 przy ulicy K\u0142odzkiej.<\/p>\n<h2><strong>Scenariusz:<\/strong><\/h2>\n<p>&nbsp;<\/p>\n<p><a href=\"http:\/\/www.tvk-gaj.pl\/~gajonline\/wp-content\/uploads\/2018\/05\/scenariusz1.jpg\"><img loading=\"lazy\" decoding=\"async\" class=\"aligncenter size-full wp-image-10079\" src=\"http:\/\/www.tvk-gaj.pl\/~gajonline\/wp-content\/uploads\/2018\/05\/scenariusz1.jpg\" alt=\"\" width=\"642\" height=\"824\" srcset=\"https:\/\/online.tvk-gaj.pl\/wp-content\/uploads\/2018\/05\/scenariusz1.jpg 642w, https:\/\/online.tvk-gaj.pl\/wp-content\/uploads\/2018\/05\/scenariusz1-234x300.jpg 234w\" sizes=\"auto, (max-width: 642px) 100vw, 642px\" \/><\/a><\/p>\n<p><a href=\"http:\/\/www.tvk-gaj.pl\/~gajonline\/wp-content\/uploads\/2018\/05\/scenariusz2.jpg\"><img loading=\"lazy\" decoding=\"async\" class=\"aligncenter size-full wp-image-10080\" src=\"http:\/\/www.tvk-gaj.pl\/~gajonline\/wp-content\/uploads\/2018\/05\/scenariusz2.jpg\" alt=\"\" width=\"647\" height=\"659\" srcset=\"https:\/\/online.tvk-gaj.pl\/wp-content\/uploads\/2018\/05\/scenariusz2.jpg 647w, https:\/\/online.tvk-gaj.pl\/wp-content\/uploads\/2018\/05\/scenariusz2-295x300.jpg 295w, https:\/\/online.tvk-gaj.pl\/wp-content\/uploads\/2018\/05\/scenariusz2-60x60.jpg 60w\" sizes=\"auto, (max-width: 647px) 100vw, 647px\" \/><\/a><\/p>\n<p>&nbsp;<\/p>\n<h2><strong>Sponsorzy:<\/strong><\/h2>\n<ul>\n<li>Ferio Gaj<\/li>\n<li>Centrum Handlowe &#8222;Gaj&#8221;<\/li>\n<li>MOPS Wroc\u0142aw<\/li>\n<li>Firma &#8222;Tatarek&#8221;<\/li>\n<li>Wroc\u0142awskie Centrum Rozwoju Spo\u0142ecznego<\/li>\n<li>Sklep &#8222;Aga&#8221; z ulicy Orzechowej 46a<\/li>\n<li>Sklep &#8222;\u017babka&#8221; z ulicy Krynickiej 52<\/li>\n<li>Sklep &#8222;Rabat&#8221; z ulicy Orzechowej 108<\/li>\n<\/ul>\n<p>&nbsp;<\/p>\n<h2><strong>Organizatorzy:<\/strong><\/h2>\n<ul>\n<li>Rada Osiedla Gaj<\/li>\n<li>Wroc\u0142awskie Centrum Rozwoju Spo\u0142ecznego<\/li>\n<\/ul>\n<p>&nbsp;<\/p>\n<p><strong>Serdecznie zapraszamy!<\/strong><\/p>\n<p>&nbsp;<\/p>\n","protected":false},"excerpt":{"rendered":"<p>Rada Osiedla Gaj serdecznie zaprasza wszystkich mieszka\u0144c\u00f3w naszego osiedla na festyn osiedlowy, kt\u00f3ry odb\u0119dzie si\u0119 9 czerwca w Parku S\u0142onecznym na Gaju. Zdecydowanie warto przyj\u015b\u0107 tego dnia do Parku S\u0142onecznego, by wsp\u00f3lnie przywita\u0107 tegoroczne lato.&nbsp;<\/p>\n","protected":false},"author":1,"featured_media":10073,"comment_status":"open","ping_status":"open","sticky":false,"template":"","format":"standard","meta":{"footnotes":""},"categories":[14],"tags":[997,400,632,270,282,283,112,996,995,994,166,128,135,648,981,778,331],"class_list":["post-10072","post","type-post","status-publish","format-standard","has-post-thumbnail","hentry","category-aktualnosci","tag-animacje-dla-dzieci","tag-dzieci","tag-esk","tag-festyn","tag-festyn-na-gaju","tag-festyn-osiedlowy","tag-gaj","tag-grill","tag-koncerty","tag-muzyka","tag-osiedle-gaj","tag-park-sloneczny","tag-rada-osiedla-gaj","tag-sport","tag-turniej-sportowy","tag-wcrs","tag-zabawa"],"_links":{"self":[{"href":"https:\/\/online.tvk-gaj.pl\/index.php?rest_route=\/wp\/v2\/posts\/10072","targetHints":{"allow":["GET"]}}],"collection":[{"href":"https:\/\/online.tvk-gaj.pl\/index.php?rest_route=\/wp\/v2\/posts"}],"about":[{"href":"https:\/\/online.tvk-gaj.pl\/index.php?rest_route=\/wp\/v2\/types\/post"}],"author":[{"embeddable":true,"href":"https:\/\/online.tvk-gaj.pl\/index.php?rest_route=\/wp\/v2\/users\/1"}],"replies":[{"embeddable":true,"href":"https:\/\/online.tvk-gaj.pl\/index.php?rest_route=%2Fwp%2Fv2%2Fcomments&post=10072"}],"version-history":[{"count":3,"href":"https:\/\/online.tvk-gaj.pl\/index.php?rest_route=\/wp\/v2\/posts\/10072\/revisions"}],"predecessor-version":[{"id":10081,"href":"https:\/\/online.tvk-gaj.pl\/index.php?rest_route=\/wp\/v2\/posts\/10072\/revisions\/10081"}],"wp:featuredmedia":[{"embeddable":true,"href":"https:\/\/online.tvk-gaj.pl\/index.php?rest_route=\/wp\/v2\/media\/10073"}],"wp:attachment":[{"href":"https:\/\/online.tvk-gaj.pl\/index.php?rest_route=%2Fwp%2Fv2%2Fmedia&parent=10072"}],"wp:term":[{"taxonomy":"category","embeddable":true,"href":"https:\/\/online.tvk-gaj.pl\/index.php?rest_route=%2Fwp%2Fv2%2Fcategories&post=10072"},{"taxonomy":"post_tag","embeddable":true,"href":"https:\/\/online.tvk-gaj.pl\/index.php?rest_route=%2Fwp%2Fv2%2Ftags&post=10072"}],"curies":[{"name":"wp","href":"https:\/\/api.w.org\/{rel}","templated":true}]}}