{"id":10085,"date":"2018-06-13T08:59:10","date_gmt":"2018-06-13T06:59:10","guid":{"rendered":"http:\/\/www.tvk-gaj.pl\/~gajonline\/?p=10085"},"modified":"2018-06-11T09:13:38","modified_gmt":"2018-06-11T07:13:38","slug":"zapraszamy-na-festyn-parafialny-sw-ducha","status":"publish","type":"post","link":"https:\/\/online.tvk-gaj.pl\/?p=10085","title":{"rendered":"Zapraszamy na festyn parafialny \u015aw. Ducha"},"content":{"rendered":"<p>W najbli\u017csz\u0105 sobot\u0119 &#8211; 16 czerwca, w parafii Ducha \u015awi\u0119tego przy ul. Bardzkiej odb\u0119dzie si\u0119 festyn parafialny. G\u0142\u00f3wn\u0105 atrakcj\u0105 b\u0119dzie koncert popularnego, chrze\u015bcija\u0144skiego zespo\u0142u 40 syn\u00f3w i 30 wnuk\u00f3w je\u017cd\u017c\u0105cych na 70 o\u015bl\u0119tach.<!--more--><\/p>\n<p>&nbsp;<\/p>\n<p><a href=\"http:\/\/www.tvk-gaj.pl\/~gajonline\/wp-content\/uploads\/2013\/04\/51903411.jpg\"><img loading=\"lazy\" decoding=\"async\" class=\"aligncenter size-full wp-image-1525\" src=\"http:\/\/www.tvk-gaj.pl\/~gajonline\/wp-content\/uploads\/2013\/04\/51903411.jpg\" alt=\"\" width=\"500\" height=\"366\" srcset=\"https:\/\/online.tvk-gaj.pl\/wp-content\/uploads\/2013\/04\/51903411.jpg 500w, https:\/\/online.tvk-gaj.pl\/wp-content\/uploads\/2013\/04\/51903411-300x219.jpg 300w\" sizes=\"auto, (max-width: 500px) 100vw, 500px\" \/><\/a><\/p>\n<p>&nbsp;<\/p>\n<p>Festyn odb\u0119dzie si\u0119 na terenie parafii, a rozpocznie o godzinie 14. &nbsp;W programie przewidziano m.in. gry i zabawy dla dzieci, a g\u0142\u00f3wnym punktem programu b\u0119dzie koncert zespo\u0142u&nbsp;40 syn\u00f3w i 30 wnuk\u00f3w je\u017cd\u017c\u0105cych na 70 o\u015bl\u0119tach. Ten przewidziany jest na godzin\u0119 16.<\/p>\n<p>&nbsp;<\/p>\n<p><img loading=\"lazy\" decoding=\"async\" class=\"irc_mi aligncenter\" src=\"https:\/\/www.chrzescijanskiegranie.pl\/aktualnosci\/wp-content\/uploads\/2016\/05\/40i30na70_pozor-560x315.jpg\" alt=\"Znalezione obrazy dla zapytania 40 synow i 30 wnukow\" width=\"560\" height=\"315\"><\/p>\n<p>&nbsp;<\/p>\n<p>Festyn parafialny \u0142\u0105czy mieszka\u0144c\u00f3w 3 s\u0105siaduj\u0105cych ze sob\u0105 osiedli, kt\u00f3re obejmuje Parafia \u015aw. Ducha &#8211; Gaj, Huby i Tarnogaj.&nbsp;<\/p>\n<p>Polecamy:)<\/p>\n<p>&nbsp;<\/p>\n","protected":false},"excerpt":{"rendered":"<p>W najbli\u017csz\u0105 sobot\u0119 &#8211; 16 czerwca, w parafii Ducha \u015awi\u0119tego przy ul. Bardzkiej odb\u0119dzie si\u0119 festyn parafialny. G\u0142\u00f3wn\u0105 atrakcj\u0105 b\u0119dzie koncert popularnego, chrze\u015bcija\u0144skiego zespo\u0142u 40 syn\u00f3w i 30 wnuk\u00f3w je\u017cd\u017c\u0105cych na 70 o\u015bl\u0119tach.<\/p>\n","protected":false},"author":1,"featured_media":1525,"comment_status":"open","ping_status":"open","sticky":false,"template":"","format":"standard","meta":{"footnotes":""},"categories":[14],"tags":[197,400,270,999,112,285,653,191,965,331],"class_list":["post-10085","post","type-post","status-publish","format-standard","has-post-thumbnail","hentry","category-aktualnosci","tag-bardzka","tag-dzieci","tag-festyn","tag-festyn-parafialny","tag-gaj","tag-impreza","tag-koncert","tag-parafia-swietego-ducha","tag-sw-duch","tag-zabawa"],"_links":{"self":[{"href":"https:\/\/online.tvk-gaj.pl\/index.php?rest_route=\/wp\/v2\/posts\/10085","targetHints":{"allow":["GET"]}}],"collection":[{"href":"https:\/\/online.tvk-gaj.pl\/index.php?rest_route=\/wp\/v2\/posts"}],"about":[{"href":"https:\/\/online.tvk-gaj.pl\/index.php?rest_route=\/wp\/v2\/types\/post"}],"author":[{"embeddable":true,"href":"https:\/\/online.tvk-gaj.pl\/index.php?rest_route=\/wp\/v2\/users\/1"}],"replies":[{"embeddable":true,"href":"https:\/\/online.tvk-gaj.pl\/index.php?rest_route=%2Fwp%2Fv2%2Fcomments&post=10085"}],"version-history":[{"count":2,"href":"https:\/\/online.tvk-gaj.pl\/index.php?rest_route=\/wp\/v2\/posts\/10085\/revisions"}],"predecessor-version":[{"id":10087,"href":"https:\/\/online.tvk-gaj.pl\/index.php?rest_route=\/wp\/v2\/posts\/10085\/revisions\/10087"}],"wp:featuredmedia":[{"embeddable":true,"href":"https:\/\/online.tvk-gaj.pl\/index.php?rest_route=\/wp\/v2\/media\/1525"}],"wp:attachment":[{"href":"https:\/\/online.tvk-gaj.pl\/index.php?rest_route=%2Fwp%2Fv2%2Fmedia&parent=10085"}],"wp:term":[{"taxonomy":"category","embeddable":true,"href":"https:\/\/online.tvk-gaj.pl\/index.php?rest_route=%2Fwp%2Fv2%2Fcategories&post=10085"},{"taxonomy":"post_tag","embeddable":true,"href":"https:\/\/online.tvk-gaj.pl\/index.php?rest_route=%2Fwp%2Fv2%2Ftags&post=10085"}],"curies":[{"name":"wp","href":"https:\/\/api.w.org\/{rel}","templated":true}]}}