{"id":10126,"date":"2018-06-12T20:10:47","date_gmt":"2018-06-12T18:10:47","guid":{"rendered":"http:\/\/www.tvk-gaj.pl\/~gajonline\/?p=10126"},"modified":"2018-06-12T20:11:52","modified_gmt":"2018-06-12T18:11:52","slug":"fotorelacja-z-festynu-osiedlowego-na-gaju","status":"publish","type":"post","link":"https:\/\/online.tvk-gaj.pl\/?p=10126","title":{"rendered":"Fotorelacja z Festynu osiedlowego na Gaju"},"content":{"rendered":"<p>Zapraszamy do naszej fotorelacji z festynu osiedlowego na Gaju, kt\u00f3ry odby\u0142 si\u0119 w sobot\u0119, 9 czerwca na terenie Parku S\u0142onecznego.&nbsp;<!--more--><\/p>\n<p>Jedn\u0105 z g\u0142\u00f3wnych atrakcji imprezy by\u0142 fina\u0142 Turnieju Sportowego zorganizowanego przez Rad\u0119 Osiedla Gaj z okazji 100-lecia odzyskania przez Polsk\u0119 niepodleg\u0142o\u015bci. Mi\u0119dzyszkolne rozgrywki zako\u0144czy\u0142y si\u0119 na nowym boisku pi\u0142karskim przy ul. Orzechowej oraz na boiskach szkolnych w Szkole Podstawowej Nr 90. Dla uczestnik\u00f3w oraz zwyci\u0119zc\u00f3w przewidziano okoliczno\u015bciowe medale oraz dyplomy.&nbsp;<\/p>\n<p>Ponadto festyn obfitowa\u0142 w atrakcje dla najm\u0142odszych (za zabawy dla dzieci odpowiadali profesjonalni animatorzy) oraz koncerty (m.in. ch\u00f3ru ludowego czy dobrze znanego przez mieszka\u0144c\u00f3w zespo\u0142u Tequila).&nbsp; Oczywi\u015bcie nie oby\u0142o si\u0119 bez grilla, waty cukrowej, dmuchanych zamk\u00f3w czy stoisk z zabawkami i s\u0142odyczami.&nbsp; Festyn odwiedzi\u0142y r\u00f3wnie\u017c konie Stra\u017cy Miejskiej, a tak\u017ce&nbsp;<\/p>\n<p>Na imprezie pojawi\u0142 si\u0119 r\u00f3wnie\u017c Pan Jacek Sutryk &#8211; dyrektor Departamentu Spraw Spo\u0142ecznych Wroc\u0142awia.<\/p>\n<p>Ca\u0142o\u015b\u0107 poprowadzi\u0142 Miros\u0142aw Majcherek &#8211; aktor oraz mieszkaniec naszego osiedla.&nbsp;&nbsp;<\/p>\n<p>&nbsp;<\/p>\n<p><strong>GALERIA ZDJ\u0118\u0106:&nbsp;<\/strong><\/p>\n<p>[ngg_images source=&#8221;galleries&#8221; container_ids=&#8221;95&#8243; display_type=&#8221;photocrati-nextgen_basic_thumbnails&#8221; override_thumbnail_settings=&#8221;0&#8243; thumbnail_width=&#8221;100&#8243; thumbnail_height=&#8221;75&#8243; thumbnail_crop=&#8221;1&#8243; images_per_page=&#8221;0&#8243; number_of_columns=&#8221;0&#8243; ajax_pagination=&#8221;0&#8243; show_all_in_lightbox=&#8221;0&#8243; use_imagebrowser_effect=&#8221;0&#8243; show_slideshow_link=&#8221;1&#8243; slideshow_link_text=&#8221;[Pokaz slajd\u00f3w]&#8221; order_by=&#8221;sortorder&#8221; order_direction=&#8221;ASC&#8221; returns=&#8221;included&#8221; maximum_entity_count=&#8221;500&#8243;]<\/p>\n<p>&nbsp;<\/p>\n<p>&nbsp;<\/p>\n<p>Wszystkim mieszka\u0144com i go\u015bciom dzi\u0119kujemy za wsp\u00f3ln\u0105 zabaw\u0119:)&nbsp;<\/p>\n<p>&nbsp;<\/p>\n","protected":false},"excerpt":{"rendered":"<p>Zapraszamy do naszej fotorelacji z festynu osiedlowego na Gaju, kt\u00f3ry odby\u0142 si\u0119 w sobot\u0119, 9 czerwca na terenie Parku S\u0142onecznego.&nbsp;<\/p>\n","protected":false},"author":1,"featured_media":10132,"comment_status":"open","ping_status":"open","sticky":false,"template":"","format":"standard","meta":{"footnotes":""},"categories":[14,12],"tags":[270,1000,293,112,166,128,135,294,650],"class_list":["post-10126","post","type-post","status-publish","format-standard","has-post-thumbnail","hentry","category-aktualnosci","category-artykuly","tag-festyn","tag-festyn-osiedlowy-na-gaju","tag-fotorelacja","tag-gaj","tag-osiedle-gaj","tag-park-sloneczny","tag-rada-osiedla-gaj","tag-relacja","tag-zdjecia"],"_links":{"self":[{"href":"https:\/\/online.tvk-gaj.pl\/index.php?rest_route=\/wp\/v2\/posts\/10126","targetHints":{"allow":["GET"]}}],"collection":[{"href":"https:\/\/online.tvk-gaj.pl\/index.php?rest_route=\/wp\/v2\/posts"}],"about":[{"href":"https:\/\/online.tvk-gaj.pl\/index.php?rest_route=\/wp\/v2\/types\/post"}],"author":[{"embeddable":true,"href":"https:\/\/online.tvk-gaj.pl\/index.php?rest_route=\/wp\/v2\/users\/1"}],"replies":[{"embeddable":true,"href":"https:\/\/online.tvk-gaj.pl\/index.php?rest_route=%2Fwp%2Fv2%2Fcomments&post=10126"}],"version-history":[{"count":5,"href":"https:\/\/online.tvk-gaj.pl\/index.php?rest_route=\/wp\/v2\/posts\/10126\/revisions"}],"predecessor-version":[{"id":10159,"href":"https:\/\/online.tvk-gaj.pl\/index.php?rest_route=\/wp\/v2\/posts\/10126\/revisions\/10159"}],"wp:featuredmedia":[{"embeddable":true,"href":"https:\/\/online.tvk-gaj.pl\/index.php?rest_route=\/wp\/v2\/media\/10132"}],"wp:attachment":[{"href":"https:\/\/online.tvk-gaj.pl\/index.php?rest_route=%2Fwp%2Fv2%2Fmedia&parent=10126"}],"wp:term":[{"taxonomy":"category","embeddable":true,"href":"https:\/\/online.tvk-gaj.pl\/index.php?rest_route=%2Fwp%2Fv2%2Fcategories&post=10126"},{"taxonomy":"post_tag","embeddable":true,"href":"https:\/\/online.tvk-gaj.pl\/index.php?rest_route=%2Fwp%2Fv2%2Ftags&post=10126"}],"curies":[{"name":"wp","href":"https:\/\/api.w.org\/{rel}","templated":true}]}}