{"id":10200,"date":"2018-06-18T21:23:24","date_gmt":"2018-06-18T19:23:24","guid":{"rendered":"http:\/\/www.tvk-gaj.pl\/~gajonline\/?p=10200"},"modified":"2018-06-18T21:24:59","modified_gmt":"2018-06-18T19:24:59","slug":"do-pazdziernika-tramwaje-31-i-32-nie-dojada-na-gaj","status":"publish","type":"post","link":"https:\/\/online.tvk-gaj.pl\/?p=10200","title":{"rendered":"Do pa\u017adziernika tramwaje 31 i 32 nie dojad\u0105 na Gaj"},"content":{"rendered":"<p>W zwi\u0105zku z remontem ulicy Hubskiej od 17 czerwca a\u017c do pa\u017adziernika tramwaje linii 31 i 32 nie dojad\u0105 na Gaj. Miasto uruchomi\u0142o w zwi\u0105zku z tym autobusow\u0105 komunikacj\u0119 zast\u0119pcz\u0105. Przez najbli\u017csze 3 miesi\u0105ce trzeba b\u0119dzie jednak liczy\u0107 si\u0119 z utrudnieniami w ruchu. W perspektywie jednak czeka nas przywr\u00f3cenie linii tramwajowej nr 16 na trasie Tarnogaj &#8211; ZOO.<!--more--><\/p>\n<p>&nbsp;<\/p>\n<p>Od 17 do 23 czerwca tramwaje od dworca PKP b\u0119d\u0105 kontynuowa\u0142y sw\u00f3j bieg do Placu Wr\u00f3blewskiego. Natomiast od 23 czerwca tramwaje pojad\u0105 od dworca do przystanku &#8222;Gajowa&#8221;, sk\u0105d b\u0119d\u0105 zawraca\u0107 na specjalnie dobudowanej kra\u0144c\u00f3wce.&nbsp; Zmiany wynikaj\u0105 z remontu ulicy Hubskiej, kt\u00f3ry wchodzi obecnie w ko\u0144cow\u0105 faz\u0119 realizacji, kt\u00f3ra zwi\u0105zana jest m.in. z monta\u017cem nowego torowiska.&nbsp;<\/p>\n<p>&nbsp;<\/p>\n<p><a href=\"http:\/\/www.tvk-gaj.pl\/~gajonline\/wp-content\/uploads\/2018\/06\/hubska_1.jpg\"><img loading=\"lazy\" decoding=\"async\" class=\"aligncenter size-full wp-image-10201\" src=\"http:\/\/www.tvk-gaj.pl\/~gajonline\/wp-content\/uploads\/2018\/06\/hubska_1.jpg\" alt=\"\" width=\"960\" height=\"678\" srcset=\"https:\/\/online.tvk-gaj.pl\/wp-content\/uploads\/2018\/06\/hubska_1.jpg 960w, https:\/\/online.tvk-gaj.pl\/wp-content\/uploads\/2018\/06\/hubska_1-300x212.jpg 300w, https:\/\/online.tvk-gaj.pl\/wp-content\/uploads\/2018\/06\/hubska_1-768x542.jpg 768w\" sizes=\"auto, (max-width: 960px) 100vw, 960px\" \/><\/a><\/p>\n<p>W zamian zosta\u0142y uruchomione specjalne, zast\u0119pcze linie autobusowe: nr 708 na trasie Dworzec G\u0142\u00f3wny &#8211; Tarnogaj (przez ul. Glinian\u0105, Hubsk\u0105, Bardzk\u0105, Armii Krajowej i Tarnogajsk\u0105) oraz nr 732 kursuj\u0105cy na trasie Dworzec G\u0142\u00f3wny &#8211; Gaj (przez ul. Glinian\u0105, Hubsk\u0105 i Bardzk\u0105). Autobusy kursowa\u0107 b\u0119d\u0105 maksymalnie co 20 minut &#8211; a w szczycie komunikacyjnym nawet co 6 minut<\/p>\n<p>&nbsp;<\/p>\n<p><a href=\"http:\/\/www.tvk-gaj.pl\/~gajonline\/wp-content\/uploads\/2018\/06\/hubska2.jpg\"><img loading=\"lazy\" decoding=\"async\" class=\"aligncenter size-full wp-image-10202\" src=\"http:\/\/www.tvk-gaj.pl\/~gajonline\/wp-content\/uploads\/2018\/06\/hubska2.jpg\" alt=\"\" width=\"960\" height=\"678\" srcset=\"https:\/\/online.tvk-gaj.pl\/wp-content\/uploads\/2018\/06\/hubska2.jpg 960w, https:\/\/online.tvk-gaj.pl\/wp-content\/uploads\/2018\/06\/hubska2-300x212.jpg 300w, https:\/\/online.tvk-gaj.pl\/wp-content\/uploads\/2018\/06\/hubska2-768x542.jpg 768w\" sizes=\"auto, (max-width: 960px) 100vw, 960px\" \/><\/a><\/p>\n<p>&nbsp;<\/p>\n<p>Natomiast od 23 czerwca autobusy zast\u0119pcze zmodyfikuj\u0105 swoj\u0105 tras\u0119:&nbsp;<\/p>\n<ul>\n<li>nr 708 na trasie Gajowa (Gliniana) \u2013 Tarnogaj w obu kierunkach przez ulic\u0119&nbsp;Gajow\u0105, Kamienn\u0105, Bardzk\u0105, Armii Krajowej i Tarnogajsk\u0105.<\/li>\n<li>nr 732 na trasie Gajowa (Gliniana) \u2013 Gaj w obu kierunkach przez ulic\u0119 Gajow\u0105,&nbsp;Kamienn\u0105 i Bardzk\u0105.<\/li>\n<\/ul>\n<p>Jak podaje MPK autobusy linii 732 b\u0119d\u0105 kursowa\u0142y w dni robocze od 6:00 do 20:00 z cz\u0119stotliwo\u015bci\u0105 co 7,5 min, a pozosta\u0142ym okresie oraz w dni&nbsp;wolne od pracy co 10 min.&nbsp;<\/p>\n<p>Autobusy linii nr 708 b\u0119d\u0105 natomiast kursowa\u0142y w dni robocze w&nbsp;godzinach od 6:00 do 20:00 z cz\u0119stotliwo\u015bci\u0105 co 15 min, za\u015b w pozosta\u0142ym okresie&nbsp;oraz w dni wolne od pracy z cz\u0119stotliwo\u015bci\u0105 co 20 min.<\/p>\n<p>&nbsp;<\/p>\n<p><a href=\"http:\/\/www.tvk-gaj.pl\/~gajonline\/wp-content\/uploads\/2018\/06\/hubska3.jpg\"><img loading=\"lazy\" decoding=\"async\" class=\"aligncenter size-full wp-image-10203\" src=\"http:\/\/www.tvk-gaj.pl\/~gajonline\/wp-content\/uploads\/2018\/06\/hubska3.jpg\" alt=\"\" width=\"960\" height=\"678\" srcset=\"https:\/\/online.tvk-gaj.pl\/wp-content\/uploads\/2018\/06\/hubska3.jpg 960w, https:\/\/online.tvk-gaj.pl\/wp-content\/uploads\/2018\/06\/hubska3-300x212.jpg 300w, https:\/\/online.tvk-gaj.pl\/wp-content\/uploads\/2018\/06\/hubska3-768x542.jpg 768w\" sizes=\"auto, (max-width: 960px) 100vw, 960px\" \/><\/a><\/p>\n<p>Zako\u0144czenie prac remontowych i przywr\u00f3cenie sta\u0142ych tras tramwajowych nr 31 i 32 planowane jest na pa\u017adziernik tego roku. R\u00f3wnie\u017c wtedy przewidziane jest uruchomienie tramwaju nr 16, kt\u00f3ry kursowa\u0107 ma na trasie Tarnogaj &#8211; ZOO.&nbsp;<\/p>\n<p>Wi\u0119cej informacji na temat zmian oraz bilet\u00f3w znajdziecie <span style=\"color: #000000;\"><strong><a style=\"color: #000000;\" href=\"https:\/\/www.wroclaw.pl\/17-czerwca-przebudowa-skrzyzowania-ulicy-hubskiej-i-glinianej\" target=\"_blank\" rel=\"noopener\">na stronie wroc\u0142awskiego miejskiego przedsi\u0119biorstwa komunikacyjnego<\/a>.&nbsp;<\/strong><\/span><\/p>\n<p>&nbsp;<\/p>\n","protected":false},"excerpt":{"rendered":"<p>W zwi\u0105zku z remontem ulicy Hubskiej od 17 czerwca a\u017c do pa\u017adziernika tramwaje linii 31 i 32 nie dojad\u0105 na Gaj. Miasto uruchomi\u0142o w zwi\u0105zku z tym autobusow\u0105 komunikacj\u0119 zast\u0119pcz\u0105. Przez najbli\u017csze 3 miesi\u0105ce trzeba b\u0119dzie jednak liczy\u0107 si\u0119 z utrudnieniami w ruchu. W perspektywie jednak czeka nas przywr\u00f3cenie linii tramwajowej nr 16 na trasie [&hellip;]<\/p>\n","protected":false},"author":1,"featured_media":2150,"comment_status":"open","ping_status":"open","sticky":false,"template":"","format":"standard","meta":{"footnotes":""},"categories":[14,12],"tags":[415,197,1001,112,1003,705,230,156,515,117,1002,199,165,417],"class_list":["post-10200","post","type-post","status-publish","format-standard","has-post-thumbnail","hentry","category-aktualnosci","category-artykuly","tag-autobusy","tag-bardzka","tag-dworzec","tag-gaj","tag-komunikacja-zastepcza","tag-linia-31","tag-linia-32","tag-mpk","tag-remont","tag-swieradowska","tag-torowisko","tag-tramwaje","tag-wroclaw","tag-zmiana-rozkladu-jazdy"],"_links":{"self":[{"href":"https:\/\/online.tvk-gaj.pl\/index.php?rest_route=\/wp\/v2\/posts\/10200","targetHints":{"allow":["GET"]}}],"collection":[{"href":"https:\/\/online.tvk-gaj.pl\/index.php?rest_route=\/wp\/v2\/posts"}],"about":[{"href":"https:\/\/online.tvk-gaj.pl\/index.php?rest_route=\/wp\/v2\/types\/post"}],"author":[{"embeddable":true,"href":"https:\/\/online.tvk-gaj.pl\/index.php?rest_route=\/wp\/v2\/users\/1"}],"replies":[{"embeddable":true,"href":"https:\/\/online.tvk-gaj.pl\/index.php?rest_route=%2Fwp%2Fv2%2Fcomments&post=10200"}],"version-history":[{"count":4,"href":"https:\/\/online.tvk-gaj.pl\/index.php?rest_route=\/wp\/v2\/posts\/10200\/revisions"}],"predecessor-version":[{"id":10207,"href":"https:\/\/online.tvk-gaj.pl\/index.php?rest_route=\/wp\/v2\/posts\/10200\/revisions\/10207"}],"wp:featuredmedia":[{"embeddable":true,"href":"https:\/\/online.tvk-gaj.pl\/index.php?rest_route=\/wp\/v2\/media\/2150"}],"wp:attachment":[{"href":"https:\/\/online.tvk-gaj.pl\/index.php?rest_route=%2Fwp%2Fv2%2Fmedia&parent=10200"}],"wp:term":[{"taxonomy":"category","embeddable":true,"href":"https:\/\/online.tvk-gaj.pl\/index.php?rest_route=%2Fwp%2Fv2%2Fcategories&post=10200"},{"taxonomy":"post_tag","embeddable":true,"href":"https:\/\/online.tvk-gaj.pl\/index.php?rest_route=%2Fwp%2Fv2%2Ftags&post=10200"}],"curies":[{"name":"wp","href":"https:\/\/api.w.org\/{rel}","templated":true}]}}