{"id":10209,"date":"2018-07-03T20:42:43","date_gmt":"2018-07-03T18:42:43","guid":{"rendered":"http:\/\/www.tvk-gaj.pl\/~gajonline\/?p=10209"},"modified":"2018-07-03T20:46:59","modified_gmt":"2018-07-03T18:46:59","slug":"bedzie-wiecej-miejskich-rowerow-na-gaju","status":"publish","type":"post","link":"https:\/\/online.tvk-gaj.pl\/?p=10209","title":{"rendered":"B\u0119dzie wi\u0119cej miejskich rower\u00f3w na Gaju!"},"content":{"rendered":"<div>\n<div>\u015awietna informacja dla mi\u0142o\u015bnik\u00f3w rower\u00f3w. Od przysz\u0142ego roku miasto znacznie rozszerzy dost\u0119pno\u015b\u0107 miejskich rower\u00f3w. M.in. na Gaju pojawi\u0105 si\u0119 trzy nowe stacje oraz blisko 40 jedno\u015blad\u00f3w!<\/div>\n<\/div>\n<p><!--more--><\/p>\n<p>&nbsp;<\/p>\n<p>Wroc\u0142awski rower miejski cieszy si\u0119 niesamowit\u0105 popularno\u015bci\u0105 w\u015br\u00f3d wroc\u0142awian. Potwierdzaj\u0105 to statystyki, kt\u00f3rymi ch\u0119tnie dzieli si\u0119 magistrat. Nie powinno wi\u0119c dziwi\u0107, \u017ce miasto, kt\u00f3re sukcesywnie stara si\u0119 zach\u0119ca\u0107 mieszka\u0144c\u00f3w do zmiany czterech k\u00f3\u0142 na dwa ko\u0142a, rozszerza jedno\u015bladow\u0105 ofert\u0119. Od 2019r. zamierza znacznie powi\u0119kszy\u0107 dost\u0119pno\u015b\u0107 zar\u00f3wno stacji &#8211; wypo\u017cyczalni oraz floty rower\u00f3w. Ta ma ulec zwi\u0119kszeniu z 810 szt. do 2000. R\u00f3wnie\u017c podwojeniu ulec ma ilo\u015b\u0107 stacji &#8211; z 81 do 200. W grudniu tego roku ko\u0144czy si\u0119 umowa z dotychczasowym operatorem &#8211; firm\u0105 Nextbike. Nowego operatora ma wy\u0142oni\u0107 przetarg. Dodatkow\u0105 zmian\u0105 ma by\u0107 mo\u017cliwo\u015b\u0107 wypo\u017cyczania rower\u00f3w w ziemie &#8211; przy jednak ograniczonej ilo\u015bci maszyn.&nbsp;<\/p>\n<p>&nbsp;<\/p>\n<p><a href=\"http:\/\/www.tvk-gaj.pl\/~gajonline\/wp-content\/uploads\/2018\/07\/wroclawskirowermiejski.jpg\"><img loading=\"lazy\" decoding=\"async\" class=\"aligncenter size-full wp-image-10210\" src=\"http:\/\/www.tvk-gaj.pl\/~gajonline\/wp-content\/uploads\/2018\/07\/wroclawskirowermiejski.jpg\" alt=\"\" width=\"800\" height=\"501\" srcset=\"https:\/\/online.tvk-gaj.pl\/wp-content\/uploads\/2018\/07\/wroclawskirowermiejski.jpg 800w, https:\/\/online.tvk-gaj.pl\/wp-content\/uploads\/2018\/07\/wroclawskirowermiejski-300x188.jpg 300w, https:\/\/online.tvk-gaj.pl\/wp-content\/uploads\/2018\/07\/wroclawskirowermiejski-768x481.jpg 768w\" sizes=\"auto, (max-width: 800px) 100vw, 800px\" \/><\/a><\/p>\n<p>&nbsp;<\/p>\n<p>Na Gaju nowe stacje powstan\u0105 w dw\u00f3ch miejscach na ul. \u015awieradowskiej (przy Ferio Gaj- 10 szt. oraz p\u0119tli tramwajowej &#8211; 10 szt.) oraz przy ul. Borowskiej (szpital &#8211; 16 szt.).&nbsp; Szczeg\u00f3lnie lokalizacje przy Centrum Handlowym Ferio Gaj (ul. \u015awieradowska) oraz Uniwersyteckim Szpitalu Klinicznym (ul. Borowska) by\u0142y tymi miejscami, w kt\u00f3rych mieszka\u0144com Gaju najbardziej brakowa\u0142o mo\u017cliwo\u015bci skorzystania z oferty miejskiej wypo\u017cyczalni.&nbsp;<\/p>\n<p>&nbsp;<\/p>\n<p><a href=\"http:\/\/www.tvk-gaj.pl\/~gajonline\/wp-content\/uploads\/2018\/07\/2015-04-20-19.49.46.jpg\"><img loading=\"lazy\" decoding=\"async\" class=\"aligncenter size-large wp-image-10211\" src=\"http:\/\/www.tvk-gaj.pl\/~gajonline\/wp-content\/uploads\/2018\/07\/2015-04-20-19.49.46-576x1024.jpg\" alt=\"\" width=\"576\" height=\"1024\" srcset=\"https:\/\/online.tvk-gaj.pl\/wp-content\/uploads\/2018\/07\/2015-04-20-19.49.46-576x1024.jpg 576w, https:\/\/online.tvk-gaj.pl\/wp-content\/uploads\/2018\/07\/2015-04-20-19.49.46-169x300.jpg 169w, https:\/\/online.tvk-gaj.pl\/wp-content\/uploads\/2018\/07\/2015-04-20-19.49.46-768x1365.jpg 768w, https:\/\/online.tvk-gaj.pl\/wp-content\/uploads\/2018\/07\/2015-04-20-19.49.46.jpg 1080w\" sizes=\"auto, (max-width: 576px) 100vw, 576px\" \/><\/a><\/p>\n<p>&nbsp;<\/p>\n<p>\u0141\u0105cznie przyb\u0119d\u0105 wi\u0119c 3 stacje oraz prawie 40 rower\u00f3w. Uzupe\u0142ni to obecne zaplecze rowerowe Gaju, w ramach kt\u00f3rego rowery mo\u017cna dzi\u015b wypo\u017cyczy\u0107 ze stacji przy ul. Krynickiej, Bardzkiej oraz Armii Krajowej.&nbsp;<\/p>\n<p>&nbsp;<\/p>\n","protected":false},"excerpt":{"rendered":"<p>\u015awietna informacja dla mi\u0142o\u015bnik\u00f3w rower\u00f3w. Od przysz\u0142ego roku miasto znacznie rozszerzy dost\u0119pno\u015b\u0107 miejskich rower\u00f3w. M.in. na Gaju pojawi\u0105 si\u0119 trzy nowe stacje oraz blisko 40 jedno\u015blad\u00f3w!<\/p>\n","protected":false},"author":1,"featured_media":10210,"comment_status":"open","ping_status":"open","sticky":false,"template":"","format":"standard","meta":{"footnotes":""},"categories":[14,12],"tags":[197,113,735,112,1006,166,354,428,523,1004,117,490,199,165,1005],"class_list":["post-10209","post","type-post","status-publish","format-standard","has-post-thumbnail","hentry","category-aktualnosci","category-artykuly","tag-bardzka","tag-borowska","tag-ferio","tag-gaj","tag-next-bike","tag-osiedle-gaj","tag-rower","tag-rower-miejski","tag-rowery","tag-stacje-rowerowe","tag-swieradowska","tag-szpital","tag-tramwaje","tag-wroclaw","tag-wypozyczenie-rowerow"],"_links":{"self":[{"href":"https:\/\/online.tvk-gaj.pl\/index.php?rest_route=\/wp\/v2\/posts\/10209","targetHints":{"allow":["GET"]}}],"collection":[{"href":"https:\/\/online.tvk-gaj.pl\/index.php?rest_route=\/wp\/v2\/posts"}],"about":[{"href":"https:\/\/online.tvk-gaj.pl\/index.php?rest_route=\/wp\/v2\/types\/post"}],"author":[{"embeddable":true,"href":"https:\/\/online.tvk-gaj.pl\/index.php?rest_route=\/wp\/v2\/users\/1"}],"replies":[{"embeddable":true,"href":"https:\/\/online.tvk-gaj.pl\/index.php?rest_route=%2Fwp%2Fv2%2Fcomments&post=10209"}],"version-history":[{"count":4,"href":"https:\/\/online.tvk-gaj.pl\/index.php?rest_route=\/wp\/v2\/posts\/10209\/revisions"}],"predecessor-version":[{"id":10215,"href":"https:\/\/online.tvk-gaj.pl\/index.php?rest_route=\/wp\/v2\/posts\/10209\/revisions\/10215"}],"wp:featuredmedia":[{"embeddable":true,"href":"https:\/\/online.tvk-gaj.pl\/index.php?rest_route=\/wp\/v2\/media\/10210"}],"wp:attachment":[{"href":"https:\/\/online.tvk-gaj.pl\/index.php?rest_route=%2Fwp%2Fv2%2Fmedia&parent=10209"}],"wp:term":[{"taxonomy":"category","embeddable":true,"href":"https:\/\/online.tvk-gaj.pl\/index.php?rest_route=%2Fwp%2Fv2%2Fcategories&post=10209"},{"taxonomy":"post_tag","embeddable":true,"href":"https:\/\/online.tvk-gaj.pl\/index.php?rest_route=%2Fwp%2Fv2%2Ftags&post=10209"}],"curies":[{"name":"wp","href":"https:\/\/api.w.org\/{rel}","templated":true}]}}