{"id":10225,"date":"2018-07-13T19:25:04","date_gmt":"2018-07-13T17:25:04","guid":{"rendered":"http:\/\/www.tvk-gaj.pl\/~gajonline\/?p=10225"},"modified":"2018-07-13T19:29:09","modified_gmt":"2018-07-13T17:29:09","slug":"promenada-krzycka-przebiegnie-przez-gaj","status":"publish","type":"post","link":"https:\/\/online.tvk-gaj.pl\/?p=10225","title":{"rendered":"Promenada Krzycka przebiegnie przez Gaj"},"content":{"rendered":"<p>Droga rowerowa oraz \u015bcie\u017cka dla pieszych zlokalizowana w\u015br\u00f3d zieleni. Taka inwestycja powstanie na Gaju pomi\u0119dzy ulicami Bardzk\u0105, a Borowsk\u0105. B\u0119dzie to cz\u0119\u015b\u0107 miejskiej Promenady Krzyckiej, kt\u00f3ra docelowo ci\u0105gn\u0105\u0107 si\u0119 ma od Tarnogaju (ul. Gazowa) do ul. Grabiszy\u0144skiej (plac srebrny).&nbsp;<!--more--><\/p>\n<p>&nbsp;<\/p>\n<p>Na pocz\u0105tku lipca miasto wybra\u0142o wykonawc\u0119 (firm\u0119 Dworniczak), kt\u00f3ry zaprojektuje koncepcje Promenady Krzyckiej, czyli blisko 8km odcinka \u015bcie\u017cki pieszo-rowerowej, kt\u00f3ra po\u0142\u0105czy\u0107 ma Tarnogaj z Grabiszynem.<\/p>\n<p>Opracowywanie inwestycja ma potrwa\u0107 rok. W tym czasie magistrat zapowiedzia\u0142 te\u017c konsultacje spo\u0142eczne dotycz\u0105ce przebiegu i formy inwestycji.<\/p>\n<p>&nbsp;<\/p>\n<p><a href=\"http:\/\/www.tvk-gaj.pl\/~gajonline\/wp-content\/uploads\/2017\/06\/2017-06-02-17.11.57-1.jpg\"><img loading=\"lazy\" decoding=\"async\" class=\"aligncenter size-large wp-image-9203\" src=\"http:\/\/www.tvk-gaj.pl\/~gajonline\/wp-content\/uploads\/2017\/06\/2017-06-02-17.11.57-1-768x1024.jpg\" alt=\"\" width=\"768\" height=\"1024\" srcset=\"https:\/\/online.tvk-gaj.pl\/wp-content\/uploads\/2017\/06\/2017-06-02-17.11.57-1-768x1024.jpg 768w, https:\/\/online.tvk-gaj.pl\/wp-content\/uploads\/2017\/06\/2017-06-02-17.11.57-1-225x300.jpg 225w\" sizes=\"auto, (max-width: 768px) 100vw, 768px\" \/><\/a><\/p>\n<p>&nbsp;<\/p>\n<p>Warto odnotowa\u0107, \u017ce koncepcja Promenady Krzyckiej nie jest czym\u015b nowym &#8211; 100 lat temu w przedwojennym Wroc\u0142awiu powsta\u0142 projekt takiej drogi , a by\u0142 to Trakt Hugo Richtera, \u00f3wczesnego ogrodnika miejskiego. Dzi\u015b powr\u00f3cono do tej koncepcji, co wi\u0105\u017ce si\u0119 z obecn\u0105 polityk\u0105 miasta, kt\u00f3ra w du\u017cej mierze stawia na transport rowerowy.&nbsp;<\/p>\n<p>&nbsp;<\/p>\n<p><a href=\"http:\/\/www.tvk-gaj.pl\/~gajonline\/wp-content\/uploads\/2017\/01\/5888782fc291e_p.jpg\"><img loading=\"lazy\" decoding=\"async\" class=\"aligncenter size-full wp-image-8871\" src=\"http:\/\/www.tvk-gaj.pl\/~gajonline\/wp-content\/uploads\/2017\/01\/5888782fc291e_p.jpg\" alt=\"\" width=\"780\" height=\"355\" srcset=\"https:\/\/online.tvk-gaj.pl\/wp-content\/uploads\/2017\/01\/5888782fc291e_p.jpg 780w, https:\/\/online.tvk-gaj.pl\/wp-content\/uploads\/2017\/01\/5888782fc291e_p-300x137.jpg 300w, https:\/\/online.tvk-gaj.pl\/wp-content\/uploads\/2017\/01\/5888782fc291e_p-768x350.jpg 768w\" sizes=\"auto, (max-width: 780px) 100vw, 780px\" \/><\/a><\/p>\n<p>&nbsp;<\/p>\n<p>Trasa spacerowo-rowerowa dla pieszych i rowerzyst\u00f3w przebiegnie wzd\u0142u\u017c nasypu kolejowego Obwodnicy Towarowej Wroc\u0142awia &#8211; po jego p\u00f3\u0142nocnej cz\u0119\u015bci.&nbsp;Droga zlokalizowana zostanie za budynkami szpitali przy ul. Weigla i ul. Borowskiej. Rowerzy\u015bci wed\u0142ug plan\u00f3w dostan\u0105 drog\u0119 o nawierzchni bitumicznej i szeroko\u015bci 2,5 metra, za\u015b piesi szutrow\u0105 drog\u0119 o szeroko\u015bci 2 metr\u00f3w.&nbsp;&nbsp;Ca\u0142a trasa ma zosta\u0107 o\u015bwietlona latarniami LED-owymi. &nbsp;Droga ma zosta\u0107 wyznaczona w\u015br\u00f3d zieleni.&nbsp;<\/p>\n<p>&nbsp;<\/p>\n<p><a href=\"http:\/\/www.tvk-gaj.pl\/~gajonline\/wp-content\/uploads\/2017\/06\/2017-06-02-17.04.42.jpg\"><img loading=\"lazy\" decoding=\"async\" class=\"aligncenter size-large wp-image-9197\" src=\"http:\/\/www.tvk-gaj.pl\/~gajonline\/wp-content\/uploads\/2017\/06\/2017-06-02-17.04.42-1024x768.jpg\" alt=\"\" width=\"838\" height=\"629\" srcset=\"https:\/\/online.tvk-gaj.pl\/wp-content\/uploads\/2017\/06\/2017-06-02-17.04.42-1024x768.jpg 1024w, https:\/\/online.tvk-gaj.pl\/wp-content\/uploads\/2017\/06\/2017-06-02-17.04.42-300x225.jpg 300w, https:\/\/online.tvk-gaj.pl\/wp-content\/uploads\/2017\/06\/2017-06-02-17.04.42-768x576.jpg 768w\" sizes=\"auto, (max-width: 838px) 100vw, 838px\" \/><\/a><\/p>\n<p>&nbsp;<\/p>\n<p>Daniel Chojnacki, oficer rowerowy w urz\u0119dzie miejskim:<\/p>\n<blockquote><p>Promenada Krzycka b\u0119dzie zar\u00f3wno tras\u0105 do biegania, dla pieszych, a tak\u017ce dla rower\u00f3w. Dzi\u0119ki nowej trasie zyskamy po\u0142\u0105czeniu Gaju z Krzykami i Borkiem. Obecnie korytarz w tym rejonie jest w bardzo z\u0142ym stanie, z nier\u00f3wn\u0105 nawierzchni\u0105, b\u0142otem, gruzem. Dzi\u0119ki nowej trasie mieszka\u0144cy zyskaj\u0105 obwodowa tras\u0119 z dala od zgie\u0142ku samochod\u00f3w, w\u015br\u00f3d zieleni.&nbsp;<\/p><\/blockquote>\n<p>&nbsp;<\/p>\n<p>Cze\u015b\u0107 Promenady Krzyckiej b\u0119dzie si\u0119 \u0142\u0105czy\u0107 z obecnie projektowanymi drogami, kt\u00f3re wygra\u0142y w minionych edycjach Wroc\u0142awskiego Bud\u017cetu Obywatelskiego.<\/p>\n<p>Obecnie projektowany jest odcinek pomi\u0119dzy ul. Bardzk\u0105 a \u015al\u0119\u017cn\u0105.&nbsp; Wed\u0142ug \u017ar\u00f3de\u0142 miejskich inwestycja ma zosta\u0107 oddana do u\u017cytku jeszcze w tym roku.<\/p>\n<p>&nbsp;<\/p>\n","protected":false},"excerpt":{"rendered":"<p>Droga rowerowa oraz \u015bcie\u017cka dla pieszych zlokalizowana w\u015br\u00f3d zieleni. Taka inwestycja powstanie na Gaju pomi\u0119dzy ulicami Bardzk\u0105, a Borowsk\u0105. B\u0119dzie to cz\u0119\u015b\u0107 miejskiej Promenady Krzyckiej, kt\u00f3ra docelowo ci\u0105gn\u0105\u0107 si\u0119 ma od Tarnogaju (ul. Gazowa) do ul. Grabiszy\u0144skiej (plac srebrny).&nbsp;<\/p>\n","protected":false},"author":1,"featured_media":9203,"comment_status":"open","ping_status":"open","sticky":false,"template":"","format":"standard","meta":{"footnotes":""},"categories":[14,12],"tags":[197,837,112,249,333,242,743,1009,135,1011,243,1010,275,165,344],"class_list":["post-10225","post","type-post","status-publish","format-standard","has-post-thumbnail","hentry","category-aktualnosci","category-artykuly","tag-bardzka","tag-borek","tag-gaj","tag-inwestycja","tag-krzyki","tag-kukuczki","tag-nasyp-kolejowy","tag-promenada-krzycka","tag-rada-osiedla-gaj","tag-sciezka-biegowa","tag-sciezka-rowerowa","tag-slezna","tag-wbo","tag-wroclaw","tag-wroclawski-budzet-obywatelski"],"_links":{"self":[{"href":"https:\/\/online.tvk-gaj.pl\/index.php?rest_route=\/wp\/v2\/posts\/10225","targetHints":{"allow":["GET"]}}],"collection":[{"href":"https:\/\/online.tvk-gaj.pl\/index.php?rest_route=\/wp\/v2\/posts"}],"about":[{"href":"https:\/\/online.tvk-gaj.pl\/index.php?rest_route=\/wp\/v2\/types\/post"}],"author":[{"embeddable":true,"href":"https:\/\/online.tvk-gaj.pl\/index.php?rest_route=\/wp\/v2\/users\/1"}],"replies":[{"embeddable":true,"href":"https:\/\/online.tvk-gaj.pl\/index.php?rest_route=%2Fwp%2Fv2%2Fcomments&post=10225"}],"version-history":[{"count":6,"href":"https:\/\/online.tvk-gaj.pl\/index.php?rest_route=\/wp\/v2\/posts\/10225\/revisions"}],"predecessor-version":[{"id":10231,"href":"https:\/\/online.tvk-gaj.pl\/index.php?rest_route=\/wp\/v2\/posts\/10225\/revisions\/10231"}],"wp:featuredmedia":[{"embeddable":true,"href":"https:\/\/online.tvk-gaj.pl\/index.php?rest_route=\/wp\/v2\/media\/9203"}],"wp:attachment":[{"href":"https:\/\/online.tvk-gaj.pl\/index.php?rest_route=%2Fwp%2Fv2%2Fmedia&parent=10225"}],"wp:term":[{"taxonomy":"category","embeddable":true,"href":"https:\/\/online.tvk-gaj.pl\/index.php?rest_route=%2Fwp%2Fv2%2Fcategories&post=10225"},{"taxonomy":"post_tag","embeddable":true,"href":"https:\/\/online.tvk-gaj.pl\/index.php?rest_route=%2Fwp%2Fv2%2Ftags&post=10225"}],"curies":[{"name":"wp","href":"https:\/\/api.w.org\/{rel}","templated":true}]}}