{"id":10233,"date":"2018-07-27T22:01:15","date_gmt":"2018-07-27T20:01:15","guid":{"rendered":"http:\/\/www.tvk-gaj.pl\/~gajonline\/?p=10233"},"modified":"2018-07-27T22:02:03","modified_gmt":"2018-07-27T20:02:03","slug":"bezplatne-zajecia-pilkarskie-na-gaju","status":"publish","type":"post","link":"https:\/\/online.tvk-gaj.pl\/?p=10233","title":{"rendered":"Bezp\u0142atne zaj\u0119cia pi\u0142karskie na Gaju"},"content":{"rendered":"<div class=\"v_krnq8thby f_krnq8p-5z clearfix\">\n<div class=\"clearfix b_krnq8tj4d\">\n<div class=\"clearfix _42ef\">\n<div class=\"e_krnq8tj4i\">\n<div>\n<div class=\"_6a _5u5j\">\n<div class=\"_6a _5u5j _6b\">\n<div id=\"feed_subtitle_138667132830823;1964946763536175;;9\" class=\"_5pcp _5lel _2jyu _232_\">Od soboty, 28 lipca,&nbsp; na boisku przy ul. Orzechowej odbywa\u0107 si\u0119 b\u0119d\u0105 pi\u0142karskie, bezp\u0142atne zaj\u0119cia dla dzieci i m\u0142odzie\u017cy w wieku od 7 do 18 lat. W najbli\u017csz\u0105 sobot\u0119, 28 lipca, odb\u0119dzie si\u0119 spotkanie z legend\u0105 \u015al\u0105ska Wroc\u0142aw Januszem Sybisem. Zaj\u0119cia prowadzone b\u0119d\u0105 w sezonie wakacyjnym co tydzie\u0144 w sobot\u0119 w godzinach 19-22.&nbsp;<\/div>\n<\/div>\n<\/div>\n<\/div>\n<\/div>\n<\/div>\n<\/div>\n<\/div>\n<p><!--more--><\/p>\n<p>&nbsp;<\/p>\n<p>W sobot\u0119 wieczorem, 28 lipca, na Gaju&nbsp;startuje miejski projekt o nazwie Pi\u0142ka Nocna, realizowany przez M\u0142odzie\u017cowe Centrum Sportu we Wroc\u0142awiu. Zaj\u0119cia prowadzone s\u0105 pod patronatem PZPN i \u015al\u0105ska Wroc\u0142aw.<\/p>\n<p><a href=\"http:\/\/www.tvk-gaj.pl\/~gajonline\/wp-content\/uploads\/2018\/07\/37717625_909852562538572_3764350754031140864_n.jpg\"><img loading=\"lazy\" decoding=\"async\" class=\"aligncenter size-full wp-image-10235\" src=\"http:\/\/www.tvk-gaj.pl\/~gajonline\/wp-content\/uploads\/2018\/07\/37717625_909852562538572_3764350754031140864_n.jpg\" alt=\"\" width=\"683\" height=\"960\" srcset=\"https:\/\/online.tvk-gaj.pl\/wp-content\/uploads\/2018\/07\/37717625_909852562538572_3764350754031140864_n.jpg 683w, https:\/\/online.tvk-gaj.pl\/wp-content\/uploads\/2018\/07\/37717625_909852562538572_3764350754031140864_n-213x300.jpg 213w\" sizes=\"auto, (max-width: 683px) 100vw, 683px\" \/><\/a><\/p>\n<p>Treningi skierowane s\u0105 do dzieci i m\u0142odzie\u017cy w wieku od 7 do 18 lat.<\/p>\n<p>&nbsp;<\/p>\n<p><a href=\"http:\/\/www.tvk-gaj.pl\/~gajonline\/wp-content\/uploads\/2018\/07\/17499071_1437599799604210_1306195286850678565_n.jpg\"><img loading=\"lazy\" decoding=\"async\" class=\"aligncenter size-full wp-image-10234\" src=\"http:\/\/www.tvk-gaj.pl\/~gajonline\/wp-content\/uploads\/2018\/07\/17499071_1437599799604210_1306195286850678565_n.jpg\" alt=\"\" width=\"960\" height=\"539\" srcset=\"https:\/\/online.tvk-gaj.pl\/wp-content\/uploads\/2018\/07\/17499071_1437599799604210_1306195286850678565_n.jpg 960w, https:\/\/online.tvk-gaj.pl\/wp-content\/uploads\/2018\/07\/17499071_1437599799604210_1306195286850678565_n-300x168.jpg 300w, https:\/\/online.tvk-gaj.pl\/wp-content\/uploads\/2018\/07\/17499071_1437599799604210_1306195286850678565_n-768x431.jpg 768w\" sizes=\"auto, (max-width: 960px) 100vw, 960px\" \/><\/a><\/p>\n<p>&nbsp;<\/p>\n<p>Boisko na kt\u00f3rym b\u0119d\u0105 prowadzone zaj\u0119cia znajduje si\u0119 w Parku S\u0142onecznym na Gaju &#8211; pomi\u0119dzy ulicami Orzechow\u0105 a Krynick\u0105. Tu\u017c obok Szko\u0142y Podstawowej Nr 90.<\/p>\n<p>Na zaj\u0119cia nie trzeba si\u0119 wcze\u015bniej zapisywa\u0107 &#8211; wystarczy przyj\u015b\u0107 na boisko o godzinie 19:00!<\/p>\n<p>Polecamy:)<\/p>\n<p>&nbsp;<\/p>\n","protected":false},"excerpt":{"rendered":"<p>Od soboty, 28 lipca,&nbsp; na boisku przy ul. Orzechowej odbywa\u0107 si\u0119 b\u0119d\u0105 pi\u0142karskie, bezp\u0142atne zaj\u0119cia dla dzieci i m\u0142odzie\u017cy w wieku od 7 do 18 lat. W najbli\u017csz\u0105 sobot\u0119, 28 lipca, odb\u0119dzie si\u0119 spotkanie z legend\u0105 \u015al\u0105ska Wroc\u0142aw Januszem Sybisem. Zaj\u0119cia prowadzone b\u0119d\u0105 w sezonie wakacyjnym co tydzie\u0144 w sobot\u0119 w godzinach 19-22.&nbsp;<\/p>\n","protected":false},"author":1,"featured_media":10234,"comment_status":"open","ping_status":"open","sticky":false,"template":"","format":"standard","meta":{"footnotes":""},"categories":[14,12],"tags":[534,861,1012,400,112,671,504,1013,135,1014,145],"class_list":["post-10233","post","type-post","status-publish","format-standard","has-post-thumbnail","hentry","category-aktualnosci","category-artykuly","tag-boisko","tag-boisko-na-gaju","tag-boisko-orzechowa","tag-dzieci","tag-gaj","tag-mlodziez","tag-pilka-nozna","tag-pilkarskie","tag-rada-osiedla-gaj","tag-slask-wroclaw","tag-spotkanie"],"_links":{"self":[{"href":"https:\/\/online.tvk-gaj.pl\/index.php?rest_route=\/wp\/v2\/posts\/10233","targetHints":{"allow":["GET"]}}],"collection":[{"href":"https:\/\/online.tvk-gaj.pl\/index.php?rest_route=\/wp\/v2\/posts"}],"about":[{"href":"https:\/\/online.tvk-gaj.pl\/index.php?rest_route=\/wp\/v2\/types\/post"}],"author":[{"embeddable":true,"href":"https:\/\/online.tvk-gaj.pl\/index.php?rest_route=\/wp\/v2\/users\/1"}],"replies":[{"embeddable":true,"href":"https:\/\/online.tvk-gaj.pl\/index.php?rest_route=%2Fwp%2Fv2%2Fcomments&post=10233"}],"version-history":[{"count":3,"href":"https:\/\/online.tvk-gaj.pl\/index.php?rest_route=\/wp\/v2\/posts\/10233\/revisions"}],"predecessor-version":[{"id":10238,"href":"https:\/\/online.tvk-gaj.pl\/index.php?rest_route=\/wp\/v2\/posts\/10233\/revisions\/10238"}],"wp:featuredmedia":[{"embeddable":true,"href":"https:\/\/online.tvk-gaj.pl\/index.php?rest_route=\/wp\/v2\/media\/10234"}],"wp:attachment":[{"href":"https:\/\/online.tvk-gaj.pl\/index.php?rest_route=%2Fwp%2Fv2%2Fmedia&parent=10233"}],"wp:term":[{"taxonomy":"category","embeddable":true,"href":"https:\/\/online.tvk-gaj.pl\/index.php?rest_route=%2Fwp%2Fv2%2Fcategories&post=10233"},{"taxonomy":"post_tag","embeddable":true,"href":"https:\/\/online.tvk-gaj.pl\/index.php?rest_route=%2Fwp%2Fv2%2Ftags&post=10233"}],"curies":[{"name":"wp","href":"https:\/\/api.w.org\/{rel}","templated":true}]}}