{"id":10244,"date":"2018-07-31T16:42:07","date_gmt":"2018-07-31T14:42:07","guid":{"rendered":"http:\/\/www.tvk-gaj.pl\/~gajonline\/?p=10244"},"modified":"2018-07-29T17:07:21","modified_gmt":"2018-07-29T15:07:21","slug":"ruszyly-prace-przy-nowym-parku-na-gaju","status":"publish","type":"post","link":"https:\/\/online.tvk-gaj.pl\/?p=10244","title":{"rendered":"Ruszy\u0142y prace przy nowym parku na Gaju!"},"content":{"rendered":"<p>Zgodnie z harmonogramem prac ruszy\u0142y pierwsze roboty budowlane przy nowym parku na Gaju. Przypomnijmy &#8211; do ko\u0144ca roku zako\u0144czony ma zosta\u0107 pierwszy etap budowy parku wzd\u0142u\u017c ulic Jerzego Kukuczki i K\u0142odzkiej na po\u0142udniu osiedla.<!--more--><\/p>\n<p>&nbsp;<\/p>\n<p><strong>Nowy Park<\/strong><\/p>\n<p>Park wraz z infrastruktur\u0105 rekreacyjn\u0105 powsta\u0107 ma wzd\u0142u\u017c nasypu kolejowego oddzielaj\u0105cego Gaj i Wojszyce, wzd\u0142u\u017c ulic Jerzego Kukuczki i K\u0142odzkiej (teren pomi\u0119dzy nasypem kolejowym, ul. Kukuczki, K\u0142odzk\u0105, Stro\u0144sk\u0105, Pirenejsk\u0105, Pi\u0142awsk\u0105, Radkowsk\u0105 a Dzier\u017coniowsk\u0105 i ul Srebrnog\u00f3rsk\u0105).&nbsp;<\/p>\n<p>Park, a w zasadzie teren rekreacyjny o powierzchni blisko 3 hektar\u00f3w sk\u0142ada\u0107 si\u0119 ma z alejek i \u015bcie\u017cek parkowych, o\u015bwietlenia, \u0142awek, koszy na \u015bmieci, nasadze\u0144 blisko 700 drzew i krzew\u00f3w, g\u00f3rki saneczkowej i placu zabaw.&nbsp;<\/p>\n<p>Ze wzgl\u0119du na wielko\u015b\u0107 inwestycji (do zagospodarowania jest teren o powierzchni ok 3 hektar\u00f3w) prace podzielono na 3 etapy.&nbsp;<\/p>\n<p>&nbsp;<\/p>\n<p><strong>Prace ruszy\u0142y&nbsp;<\/strong><\/p>\n<p>Pierwszy etap prac (kt\u00f3ry w\u0142a\u015bnie si\u0119 rozpocz\u0105\u0142) obejmuje uporz\u0105dkowanie i przygotowanie terenu pod prace ziemne \u2013 w tym nasadzenia blisko 700 drzew i krzew\u00f3w. Ponadto opis inwestycji obejmuje m.in:<\/p>\n<ul>\n<li>budow\u0119&nbsp; chodnik\u00f3w oraz \u015bcie\u017cek (w tym tak\u017ce dla rowerzyst\u00f3w)<\/li>\n<li>monta\u017c \u0142awek, koszy na \u015bmieci<\/li>\n<li>stworzenie g\u00f3rki dla sanek<\/li>\n<li>budow\u0119 placu zabaw&nbsp;<\/li>\n<\/ul>\n<p>Drugi w kolejno\u015bci etap to piel\u0119gnacja trawy przez rok od oddania parku. Natomiast trzecim jest piel\u0119gnacja drzew i ro\u015blinno\u015bci przez okres 3 lat.&nbsp;<\/p>\n<p>&nbsp;<\/p>\n<p><a href=\"http:\/\/www.tvk-gaj.pl\/~gajonline\/wp-content\/uploads\/2018\/07\/20180724_192144.jpg\"><img loading=\"lazy\" decoding=\"async\" class=\"aligncenter size-large wp-image-10247\" src=\"http:\/\/www.tvk-gaj.pl\/~gajonline\/wp-content\/uploads\/2018\/07\/20180724_192144-1024x384.jpg\" alt=\"\" width=\"838\" height=\"314\" srcset=\"https:\/\/online.tvk-gaj.pl\/wp-content\/uploads\/2018\/07\/20180724_192144-1024x384.jpg 1024w, https:\/\/online.tvk-gaj.pl\/wp-content\/uploads\/2018\/07\/20180724_192144-300x112.jpg 300w, https:\/\/online.tvk-gaj.pl\/wp-content\/uploads\/2018\/07\/20180724_192144-768x288.jpg 768w\" sizes=\"auto, (max-width: 838px) 100vw, 838px\" \/><\/a><\/p>\n<p>&nbsp;<\/p>\n<p><a href=\"http:\/\/www.tvk-gaj.pl\/~gajonline\/wp-content\/uploads\/2018\/07\/20180724_191851.jpg\"><img loading=\"lazy\" decoding=\"async\" class=\"aligncenter size-large wp-image-10248\" src=\"http:\/\/www.tvk-gaj.pl\/~gajonline\/wp-content\/uploads\/2018\/07\/20180724_191851-1024x576.jpg\" alt=\"\" width=\"838\" height=\"471\" srcset=\"https:\/\/online.tvk-gaj.pl\/wp-content\/uploads\/2018\/07\/20180724_191851-1024x576.jpg 1024w, https:\/\/online.tvk-gaj.pl\/wp-content\/uploads\/2018\/07\/20180724_191851-300x169.jpg 300w, https:\/\/online.tvk-gaj.pl\/wp-content\/uploads\/2018\/07\/20180724_191851-768x432.jpg 768w\" sizes=\"auto, (max-width: 838px) 100vw, 838px\" \/><\/a><\/p>\n<p>&nbsp;<\/p>\n<p><a href=\"http:\/\/www.tvk-gaj.pl\/~gajonline\/wp-content\/uploads\/2018\/07\/20180724_191838.jpg\"><img loading=\"lazy\" decoding=\"async\" class=\"aligncenter size-large wp-image-10249\" src=\"http:\/\/www.tvk-gaj.pl\/~gajonline\/wp-content\/uploads\/2018\/07\/20180724_191838-1024x576.jpg\" alt=\"\" width=\"838\" height=\"471\" srcset=\"https:\/\/online.tvk-gaj.pl\/wp-content\/uploads\/2018\/07\/20180724_191838-1024x576.jpg 1024w, https:\/\/online.tvk-gaj.pl\/wp-content\/uploads\/2018\/07\/20180724_191838-300x169.jpg 300w, https:\/\/online.tvk-gaj.pl\/wp-content\/uploads\/2018\/07\/20180724_191838-768x432.jpg 768w\" sizes=\"auto, (max-width: 838px) 100vw, 838px\" \/><\/a><\/p>\n<p>&nbsp;<\/p>\n<p><a href=\"http:\/\/www.tvk-gaj.pl\/~gajonline\/wp-content\/uploads\/2018\/07\/20180724_192044.jpg\"><img loading=\"lazy\" decoding=\"async\" class=\"aligncenter size-large wp-image-10250\" src=\"http:\/\/www.tvk-gaj.pl\/~gajonline\/wp-content\/uploads\/2018\/07\/20180724_192044-1024x576.jpg\" alt=\"\" width=\"838\" height=\"471\" srcset=\"https:\/\/online.tvk-gaj.pl\/wp-content\/uploads\/2018\/07\/20180724_192044-1024x576.jpg 1024w, https:\/\/online.tvk-gaj.pl\/wp-content\/uploads\/2018\/07\/20180724_192044-300x169.jpg 300w, https:\/\/online.tvk-gaj.pl\/wp-content\/uploads\/2018\/07\/20180724_192044-768x432.jpg 768w\" sizes=\"auto, (max-width: 838px) 100vw, 838px\" \/><\/a><\/p>\n<p>&nbsp;<\/p>\n<p>Pierwszy etap budowy parku ma zosta\u0107 zako\u0144czony do ko\u0144ca bie\u017c\u0105cego roku.<\/p>\n<p>&nbsp;<\/p>\n","protected":false},"excerpt":{"rendered":"<p>Zgodnie z harmonogramem prac ruszy\u0142y pierwsze roboty budowlane przy nowym parku na Gaju. Przypomnijmy &#8211; do ko\u0144ca roku zako\u0144czony ma zosta\u0107 pierwszy etap budowy parku wzd\u0142u\u017c ulic Jerzego Kukuczki i K\u0142odzkiej na po\u0142udniu osiedla.<\/p>\n","protected":false},"author":1,"featured_media":10245,"comment_status":"open","ping_status":"open","sticky":false,"template":"","format":"standard","meta":{"footnotes":""},"categories":[14,12],"tags":[1015,1016,242,235,992,443,763,135,275,650],"class_list":["post-10244","post","type-post","status-publish","format-standard","has-post-thumbnail","hentry","category-aktualnosci","category-artykuly","tag-budowa-nowego-parku-na-gaju","tag-gaj-poludnie","tag-kukuczki","tag-klodzka","tag-nowy-park","tag-park","tag-park-na-gaju","tag-rada-osiedla-gaj","tag-wbo","tag-zdjecia"],"_links":{"self":[{"href":"https:\/\/online.tvk-gaj.pl\/index.php?rest_route=\/wp\/v2\/posts\/10244","targetHints":{"allow":["GET"]}}],"collection":[{"href":"https:\/\/online.tvk-gaj.pl\/index.php?rest_route=\/wp\/v2\/posts"}],"about":[{"href":"https:\/\/online.tvk-gaj.pl\/index.php?rest_route=\/wp\/v2\/types\/post"}],"author":[{"embeddable":true,"href":"https:\/\/online.tvk-gaj.pl\/index.php?rest_route=\/wp\/v2\/users\/1"}],"replies":[{"embeddable":true,"href":"https:\/\/online.tvk-gaj.pl\/index.php?rest_route=%2Fwp%2Fv2%2Fcomments&post=10244"}],"version-history":[{"count":3,"href":"https:\/\/online.tvk-gaj.pl\/index.php?rest_route=\/wp\/v2\/posts\/10244\/revisions"}],"predecessor-version":[{"id":10252,"href":"https:\/\/online.tvk-gaj.pl\/index.php?rest_route=\/wp\/v2\/posts\/10244\/revisions\/10252"}],"wp:featuredmedia":[{"embeddable":true,"href":"https:\/\/online.tvk-gaj.pl\/index.php?rest_route=\/wp\/v2\/media\/10245"}],"wp:attachment":[{"href":"https:\/\/online.tvk-gaj.pl\/index.php?rest_route=%2Fwp%2Fv2%2Fmedia&parent=10244"}],"wp:term":[{"taxonomy":"category","embeddable":true,"href":"https:\/\/online.tvk-gaj.pl\/index.php?rest_route=%2Fwp%2Fv2%2Fcategories&post=10244"},{"taxonomy":"post_tag","embeddable":true,"href":"https:\/\/online.tvk-gaj.pl\/index.php?rest_route=%2Fwp%2Fv2%2Ftags&post=10244"}],"curies":[{"name":"wp","href":"https:\/\/api.w.org\/{rel}","templated":true}]}}