{"id":10266,"date":"2018-09-08T16:27:01","date_gmt":"2018-09-08T14:27:01","guid":{"rendered":"http:\/\/www.tvk-gaj.pl\/~gajonline\/?p=10266"},"modified":"2018-09-12T18:55:15","modified_gmt":"2018-09-12T16:55:15","slug":"36-wroclaw-maraton-utrudnienia-w-ruchu","status":"publish","type":"post","link":"https:\/\/online.tvk-gaj.pl\/?p=10266","title":{"rendered":"36 Wroc\u0142aw Maraton &#8211; utrudnienia w ruchu"},"content":{"rendered":"<p>W niedziel\u0119, 9 wrze\u015bnia, ulicami Wroc\u0142awia przebiegn\u0105 zawodnicy 36 Wroc\u0142aw Maratonu. Biegacze wystartuj\u0105 o godzinie 9 rano ze Stadionu Olimpijskiego, a biegowe zmagania zako\u0144cz\u0105 maksymalnie o godzinie 15 &#8211; w tym samym miejscu. Trasa imprezy (a w zwi\u0105zku z tym zamkni\u0119cie ulic dla ruchu ko\u0142owego) obejmuje r\u00f3wnie\u017c s\u0105siedztwo Gaju. <!--more--><\/p>\n<p>&nbsp;<\/p>\n<p><a href=\"http:\/\/www.tvk-gaj.pl\/~gajonline\/wp-content\/uploads\/2018\/09\/maraton.jpg\"><img loading=\"lazy\" decoding=\"async\" class=\"aligncenter size-full wp-image-10267\" src=\"http:\/\/www.tvk-gaj.pl\/~gajonline\/wp-content\/uploads\/2018\/09\/maraton.jpg\" alt=\"\" width=\"800\" height=\"312\" srcset=\"https:\/\/online.tvk-gaj.pl\/wp-content\/uploads\/2018\/09\/maraton.jpg 800w, https:\/\/online.tvk-gaj.pl\/wp-content\/uploads\/2018\/09\/maraton-300x117.jpg 300w, https:\/\/online.tvk-gaj.pl\/wp-content\/uploads\/2018\/09\/maraton-768x300.jpg 768w\" sizes=\"auto, (max-width: 800px) 100vw, 800px\" \/><\/a><\/p>\n<p>&nbsp;<\/p>\n<p>Zawodnicy pobiegn\u0105 m.in. ulicami \u015al\u0119\u017cn\u0105, Armii Krajowej, Wi\u015bniow\u0105. Na czas trwania imprezy pojawi\u0105 si\u0119 r\u00f3wnie\u017c spore utrudnienia dla pasa\u017cer\u00f3w MPK.<\/p>\n<p>&nbsp;<\/p>\n<p><strong>Trasa maratonu:<\/strong><\/p>\n<p><a href=\"http:\/\/www.tvk-gaj.pl\/~gajonline\/wp-content\/uploads\/2018\/09\/2018_36._mapa_maraton.jpg\"><img loading=\"lazy\" decoding=\"async\" class=\"aligncenter size-large wp-image-10268\" src=\"http:\/\/www.tvk-gaj.pl\/~gajonline\/wp-content\/uploads\/2018\/09\/2018_36._mapa_maraton-1024x738.jpg\" alt=\"\" width=\"838\" height=\"604\" srcset=\"https:\/\/online.tvk-gaj.pl\/wp-content\/uploads\/2018\/09\/2018_36._mapa_maraton-1024x738.jpg 1024w, https:\/\/online.tvk-gaj.pl\/wp-content\/uploads\/2018\/09\/2018_36._mapa_maraton-300x216.jpg 300w, https:\/\/online.tvk-gaj.pl\/wp-content\/uploads\/2018\/09\/2018_36._mapa_maraton-768x554.jpg 768w, https:\/\/online.tvk-gaj.pl\/wp-content\/uploads\/2018\/09\/2018_36._mapa_maraton-287x208.jpg 287w\" sizes=\"auto, (max-width: 838px) 100vw, 838px\" \/><\/a><\/p>\n<p>&nbsp;<\/p>\n<p>Planuj\u0105c przemieszczanie si\u0119 po mie\u015bcie w trakcie trwania maratonu warto wzi\u0105\u0107 pod uwag\u0119 mo\u017cliwe utrudnienia w ruchu ko\u0142owym i transporcie miejskim.<\/p>\n<p>Wi\u0119cej informacji&nbsp; na temat imprezy na stronie&nbsp;<a href=\"http:\/\/wroclawmaraton.pl\" target=\"_blank\" rel=\"noopener\">http:\/\/wroclawmaraton.pl<\/a>.<\/p>\n<p>&nbsp;<\/p>\n","protected":false},"excerpt":{"rendered":"<p>W niedziel\u0119, 9 wrze\u015bnia, ulicami Wroc\u0142awia przebiegn\u0105 zawodnicy 36 Wroc\u0142aw Maratonu. Biegacze wystartuj\u0105 o godzinie 9 rano ze Stadionu Olimpijskiego, a biegowe zmagania zako\u0144cz\u0105 maksymalnie o godzinie 15 &#8211; w tym samym miejscu. Trasa imprezy (a w zwi\u0105zku z tym zamkni\u0119cie ulic dla ruchu ko\u0142owego) obejmuje r\u00f3wnie\u017c s\u0105siedztwo Gaju.<\/p>\n","protected":false},"author":1,"featured_media":10268,"comment_status":"open","ping_status":"open","sticky":false,"template":"","format":"standard","meta":{"footnotes":""},"categories":[14],"tags":[1028,198,112,767,156,840,1010,710,165],"class_list":["post-10266","post","type-post","status-publish","format-standard","has-post-thumbnail","hentry","category-aktualnosci","tag-36-wroclaw-maraton","tag-armii-krajowej","tag-gaj","tag-maraton","tag-mpk","tag-ruch","tag-slezna","tag-utrudnienia-w-ruchu","tag-wroclaw"],"_links":{"self":[{"href":"https:\/\/online.tvk-gaj.pl\/index.php?rest_route=\/wp\/v2\/posts\/10266","targetHints":{"allow":["GET"]}}],"collection":[{"href":"https:\/\/online.tvk-gaj.pl\/index.php?rest_route=\/wp\/v2\/posts"}],"about":[{"href":"https:\/\/online.tvk-gaj.pl\/index.php?rest_route=\/wp\/v2\/types\/post"}],"author":[{"embeddable":true,"href":"https:\/\/online.tvk-gaj.pl\/index.php?rest_route=\/wp\/v2\/users\/1"}],"replies":[{"embeddable":true,"href":"https:\/\/online.tvk-gaj.pl\/index.php?rest_route=%2Fwp%2Fv2%2Fcomments&post=10266"}],"version-history":[{"count":4,"href":"https:\/\/online.tvk-gaj.pl\/index.php?rest_route=\/wp\/v2\/posts\/10266\/revisions"}],"predecessor-version":[{"id":10272,"href":"https:\/\/online.tvk-gaj.pl\/index.php?rest_route=\/wp\/v2\/posts\/10266\/revisions\/10272"}],"wp:featuredmedia":[{"embeddable":true,"href":"https:\/\/online.tvk-gaj.pl\/index.php?rest_route=\/wp\/v2\/media\/10268"}],"wp:attachment":[{"href":"https:\/\/online.tvk-gaj.pl\/index.php?rest_route=%2Fwp%2Fv2%2Fmedia&parent=10266"}],"wp:term":[{"taxonomy":"category","embeddable":true,"href":"https:\/\/online.tvk-gaj.pl\/index.php?rest_route=%2Fwp%2Fv2%2Fcategories&post=10266"},{"taxonomy":"post_tag","embeddable":true,"href":"https:\/\/online.tvk-gaj.pl\/index.php?rest_route=%2Fwp%2Fv2%2Ftags&post=10266"}],"curies":[{"name":"wp","href":"https:\/\/api.w.org\/{rel}","templated":true}]}}