{"id":10278,"date":"2018-09-12T20:34:35","date_gmt":"2018-09-12T18:34:35","guid":{"rendered":"http:\/\/www.tvk-gaj.pl\/~gajonline\/?p=10278"},"modified":"2018-09-12T20:36:58","modified_gmt":"2018-09-12T18:36:58","slug":"duzy-teren-zielony-na-poludnie-od-gaju","status":"publish","type":"post","link":"https:\/\/online.tvk-gaj.pl\/?p=10278","title":{"rendered":"Du\u017cy teren zielony na po\u0142udnie od Gaju"},"content":{"rendered":"<p>Cho\u0107 opisywane plany inwestycji dotycz\u0105 w g\u0142\u00f3wnej mierze mieszka\u0144c\u00f3w s\u0105siednich Wojszyc i Jagodna to tak\u017ce wa\u017cna informacja dla Gaju. Miasto w oficjalnym dokumencie opublikowanym w tym tygodniu przychyla si\u0119 do koncepcji &#8222;zielonego&#8221; zagospodarowania ponad 40 hektarowego terenu w rejonie ulic Buforowej i Smardzowskiej &#8211; tzw. &#8222;zielonego klina&#8221;.<!--more--><\/p>\n<p>&nbsp;<\/p>\n<p>Du\u017cy obszar p\u00f3l i zieleni pomi\u0119dzy ulicami Buforow\u0105 a Smardzowsk\u0105 (administracyjnie jest to granica Jagodna i Wojszyc) mo\u017ce sta\u0107 si\u0119 wed\u0142ug&nbsp;dyrektora Biura ds. Partycypacji Spo\u0142ecznej Wroc\u0142awia &#8211;&nbsp;Bart\u0142omieja \u015awierczewskiego <em>&#8222;<\/em><i>najwi\u0119kszym terenem zieleni i rekreacji dla rozbudowuj\u0105cych si\u0119 po\u0142udniowych osiedli Wroc\u0142awia&#8221;.&nbsp;<\/i>Wielko\u015b\u0107 terenu szacuje si\u0119 na 40-60 hektar\u00f3w. Ze wzgl\u0119du na po\u0142o\u017cenie oraz obszar teren ten pe\u0142ni wa\u017cn\u0105 funkcj\u0119 dla po\u0142udnia Wroc\u0142awia &#8211; w tym Gaju. Jest to miejsce naturalnej cyrkulacji oraz oczyszczania powietrza. Ponadto to w okolicy trwa prawdziwy boom deweloperski, a okoliczni mieszka\u0144cy&nbsp; szukaj\u0105c najbli\u017cszego odpoczynku na \u0142onie natury musz\u0105 wybiera\u0107 pomi\u0119dzy Parkiem Brochowskim a Wzg\u00f3rzem Gajowym.&nbsp;&nbsp;<\/p>\n<p>&nbsp;<\/p>\n<div id=\"attachment_10279\" style=\"width: 848px\" class=\"wp-caption aligncenter\"><a href=\"http:\/\/www.tvk-gaj.pl\/~gajonline\/wp-content\/uploads\/2018\/09\/pobrane-1.png\"><img loading=\"lazy\" decoding=\"async\" aria-describedby=\"caption-attachment-10279\" class=\"wp-image-10279 size-large\" src=\"http:\/\/www.tvk-gaj.pl\/~gajonline\/wp-content\/uploads\/2018\/09\/pobrane-1-1024x567.png\" alt=\"Zdj\u0119cie pochodzi z serwisu Google Maps\" width=\"838\" height=\"464\" srcset=\"https:\/\/online.tvk-gaj.pl\/wp-content\/uploads\/2018\/09\/pobrane-1-1024x567.png 1024w, https:\/\/online.tvk-gaj.pl\/wp-content\/uploads\/2018\/09\/pobrane-1-300x166.png 300w, https:\/\/online.tvk-gaj.pl\/wp-content\/uploads\/2018\/09\/pobrane-1-768x425.png 768w, https:\/\/online.tvk-gaj.pl\/wp-content\/uploads\/2018\/09\/pobrane-1.png 1502w\" sizes=\"auto, (max-width: 838px) 100vw, 838px\" \/><\/a><p id=\"caption-attachment-10279\" class=\"wp-caption-text\">Zdj\u0119cie pochodzi z serwisu Google Maps<\/p><\/div>\n<p>&nbsp;<\/p>\n<p>Dzi\u015b to tereny rolne nale\u017c\u0105ce formalnie do Krajowego O\u015brodka Wsparcia Rolnictwa, czyli Skarbu Pa\u0144stwa. Mieszka\u0144cy Jagodna i Wojszyc walcz\u0105 jednak by tereny te zosta\u0142y przekazane miastu.&nbsp;Szczeg\u00f3lnie, \u017ce miejscowy plan zagospodarowania przestrzennego wskazuje ten teren jako miejsce rekreacyjne.&nbsp;<\/p>\n<p>Odmienne plany maj\u0105 jednak deweloperzy, kt\u00f3rzy chcieliby wykupi\u0107 dzia\u0142ki pod inwestycje mieszkaniowe.&nbsp;<\/p>\n<p>&nbsp;<\/p>\n<p><a href=\"http:\/\/www.tvk-gaj.pl\/~gajonline\/wp-content\/uploads\/2018\/09\/pobrane-2.png\"><img loading=\"lazy\" decoding=\"async\" class=\"aligncenter size-large wp-image-10287\" src=\"http:\/\/www.tvk-gaj.pl\/~gajonline\/wp-content\/uploads\/2018\/09\/pobrane-2-1024x834.png\" alt=\"\" width=\"838\" height=\"683\" srcset=\"https:\/\/online.tvk-gaj.pl\/wp-content\/uploads\/2018\/09\/pobrane-2-1024x834.png 1024w, https:\/\/online.tvk-gaj.pl\/wp-content\/uploads\/2018\/09\/pobrane-2-300x244.png 300w, https:\/\/online.tvk-gaj.pl\/wp-content\/uploads\/2018\/09\/pobrane-2-768x626.png 768w, https:\/\/online.tvk-gaj.pl\/wp-content\/uploads\/2018\/09\/pobrane-2.png 1062w\" sizes=\"auto, (max-width: 838px) 100vw, 838px\" \/><\/a><\/p>\n<p>&nbsp;<\/p>\n<p>&nbsp;<\/p>\n<p>W tym miesi\u0105cu miasto poda\u0142o jednak informacj\u0119, wed\u0142ug kt\u00f3rej w przysz\u0142ym roku ma zosta\u0107 przygotowana koncepcja zagospodarowania terenu pod cele rekreacyjne, a nie budowlane. Jest to zbie\u017cne z celami mieszka\u0144c\u00f3w pobliskich osiedli, kt\u00f3rzy od zesz\u0142ego roku dzia\u0142aj\u0105 na rzecz takiego pomys\u0142u.<\/p>\n<p>W spraw\u0119 zaanga\u017cowa\u0142 si\u0119 pose\u0142 Micha\u0142 Jaros, kt\u00f3rego interpelacja w tej kwestii skierowana zosta\u0142a w sierpniu do w\u0142adz miasta.&nbsp;<\/p>\n<p>Wiceprezydent Miasta Magdalena Piasecka tak komentuje spraw\u0119:<\/p>\n<blockquote><p>&nbsp;<i>Z jednej strony dla sprostania oczekiwaniom mieszka\u0144c\u00f3w w zakresie dost\u0119pno\u015bci i r\u00f3\u017cnorodno\u015bci funkcji, kt\u00f3re ziele\u0144 w tym miejscu powinna pe\u0142ni\u0107, a z drugiej w kierunku sprostania oczekiwaniom przyrody w zakresie jej bior\u00f3\u017cnorodno\u015bci, ci\u0105g\u0142o\u015bci i warto\u015bci (&#8230;)<br \/>\n<\/i><i>Zielony Klin Po\u0142udnia Wroc\u0142awia jest jednym z najistotniejszych otwartych obszar\u00f3w, kt\u00f3re tworz\u0105 system przewietrzania miasta i nap\u0142ywu czystego powietrza.<\/i><\/p><\/blockquote>\n<p>Stworzenie przez miasto konkretnego planu inwestycji oraz uporz\u0105dkowanie kwestii w\u0142asno\u015bci terenu to priorytety na najbli\u017cszy rok. Dopiero uko\u0144czywszy te kwesti\u0119 b\u0119dzie mo\u017cna konkretnie planowa\u0107 przysz\u0142o\u015b\u0107 teren\u00f3w le\u017c\u0105cych w bliskim pobli\u017cu po\u0142udniowej cz\u0119\u015bci naszego osiedla.<\/p>\n<p>&nbsp;<\/p>\n<h6><em>(*) Materia\u0142 powsta\u0142 w oparciu o publikacj\u0119 serwisu&nbsp;investmap.pl.&nbsp;<\/em><\/h6>\n","protected":false},"excerpt":{"rendered":"<p>Cho\u0107 opisywane plany inwestycji dotycz\u0105 w g\u0142\u00f3wnej mierze mieszka\u0144c\u00f3w s\u0105siednich Wojszyc i Jagodna to tak\u017ce wa\u017cna informacja dla Gaju. Miasto w oficjalnym dokumencie opublikowanym w tym tygodniu przychyla si\u0119 do koncepcji &#8222;zielonego&#8221; zagospodarowania ponad 40 hektarowego terenu w rejonie ulic Buforowej i Smardzowskiej &#8211; tzw. &#8222;zielonego klina&#8221;.<\/p>\n","protected":false},"author":1,"featured_media":10281,"comment_status":"open","ping_status":"open","sticky":false,"template":"","format":"standard","meta":{"footnotes":""},"categories":[14,12],"tags":[744,112,554,992,443,807,648,1029,973,310,165,1030],"class_list":["post-10278","post","type-post","status-publish","format-standard","has-post-thumbnail","hentry","category-aktualnosci","category-artykuly","tag-budowa-parku","tag-gaj","tag-jagodno","tag-nowy-park","tag-park","tag-rekreacja","tag-sport","tag-teren-zielony","tag-tereny-zielone","tag-wojszyce","tag-wroclaw","tag-zielony-klin"],"_links":{"self":[{"href":"https:\/\/online.tvk-gaj.pl\/index.php?rest_route=\/wp\/v2\/posts\/10278","targetHints":{"allow":["GET"]}}],"collection":[{"href":"https:\/\/online.tvk-gaj.pl\/index.php?rest_route=\/wp\/v2\/posts"}],"about":[{"href":"https:\/\/online.tvk-gaj.pl\/index.php?rest_route=\/wp\/v2\/types\/post"}],"author":[{"embeddable":true,"href":"https:\/\/online.tvk-gaj.pl\/index.php?rest_route=\/wp\/v2\/users\/1"}],"replies":[{"embeddable":true,"href":"https:\/\/online.tvk-gaj.pl\/index.php?rest_route=%2Fwp%2Fv2%2Fcomments&post=10278"}],"version-history":[{"count":8,"href":"https:\/\/online.tvk-gaj.pl\/index.php?rest_route=\/wp\/v2\/posts\/10278\/revisions"}],"predecessor-version":[{"id":10289,"href":"https:\/\/online.tvk-gaj.pl\/index.php?rest_route=\/wp\/v2\/posts\/10278\/revisions\/10289"}],"wp:featuredmedia":[{"embeddable":true,"href":"https:\/\/online.tvk-gaj.pl\/index.php?rest_route=\/wp\/v2\/media\/10281"}],"wp:attachment":[{"href":"https:\/\/online.tvk-gaj.pl\/index.php?rest_route=%2Fwp%2Fv2%2Fmedia&parent=10278"}],"wp:term":[{"taxonomy":"category","embeddable":true,"href":"https:\/\/online.tvk-gaj.pl\/index.php?rest_route=%2Fwp%2Fv2%2Fcategories&post=10278"},{"taxonomy":"post_tag","embeddable":true,"href":"https:\/\/online.tvk-gaj.pl\/index.php?rest_route=%2Fwp%2Fv2%2Ftags&post=10278"}],"curies":[{"name":"wp","href":"https:\/\/api.w.org\/{rel}","templated":true}]}}