{"id":10290,"date":"2018-09-14T14:56:46","date_gmt":"2018-09-14T12:56:46","guid":{"rendered":"http:\/\/www.tvk-gaj.pl\/~gajonline\/?p=10290"},"modified":"2018-10-15T19:55:16","modified_gmt":"2018-10-15T17:55:16","slug":"plan-spotkan-oraz-nowosci-w-klubie-seniora-we-wrzesniu","status":"publish","type":"post","link":"https:\/\/online.tvk-gaj.pl\/?p=10290","title":{"rendered":"Plan spotka\u0144 oraz nowo\u015bci w Klubie Seniora we wrze\u015bniu"},"content":{"rendered":"<p>Po kr\u00f3tkiej, wakacyjnej przerwie przedstawiamy harmonogram spotka\u0144 Klubu Seniora na Gaju na wrzesie\u0144.<!--more--><\/p>\n<p>&nbsp;<\/p>\n<p>Wraz z nowym rokiem szkolnym wracaj\u0105 zaj\u0119cia i spotkania w osiedlowym Klubie Seniora.&nbsp;<\/p>\n<p>&nbsp;<\/p>\n<p><a href=\"http:\/\/www.tvk-gaj.pl\/~gajonline\/wp-content\/uploads\/2018\/09\/WP_20170203_10_44_53_Pro.jpg\"><img loading=\"lazy\" decoding=\"async\" class=\"aligncenter size-large wp-image-10291\" src=\"http:\/\/www.tvk-gaj.pl\/~gajonline\/wp-content\/uploads\/2018\/09\/WP_20170203_10_44_53_Pro-1024x333.jpg\" alt=\"\" width=\"838\" height=\"273\" srcset=\"https:\/\/online.tvk-gaj.pl\/wp-content\/uploads\/2018\/09\/WP_20170203_10_44_53_Pro-1024x333.jpg 1024w, https:\/\/online.tvk-gaj.pl\/wp-content\/uploads\/2018\/09\/WP_20170203_10_44_53_Pro-300x98.jpg 300w, https:\/\/online.tvk-gaj.pl\/wp-content\/uploads\/2018\/09\/WP_20170203_10_44_53_Pro-768x250.jpg 768w\" sizes=\"auto, (max-width: 838px) 100vw, 838px\" \/><\/a><\/p>\n<p>&nbsp;<\/p>\n<p>Sierpniowa przerwa nie by\u0142a jednak tylko czasem odpoczynku. Klub nieustannie rozwija si\u0119 &#8211; aktualnie czekamy na monta\u017c aneksu kuchennego wraz z pe\u0142nym wyposa\u017ceniem. Mamy nadziej\u0119, \u017ce przyczyni si\u0119 to do wzrostu komfortu spotka\u0144 oraz urozmaici mo\u017cliwo\u015bci wsp\u00f3lnego sp\u0119dzania czasu. Zam\u00f3wione zosta\u0142y r\u00f3wnie\u017c nowe sto\u0142y i krzes\u0142a.&nbsp;<\/p>\n<p>Cho\u0107 inwestycje s\u0105 istotnym aspektem dzia\u0142alno\u015bci ka\u017cdej organizacji to najwa\u017cniejsi i tak pozostaj\u0105 ludzie. A z my\u015bl\u0105 o nich we wrze\u015bniu przygotowali\u015bmy m.in:<\/p>\n<p>&nbsp;<\/p>\n<p><a href=\"http:\/\/www.tvk-gaj.pl\/~gajonline\/wp-content\/uploads\/2018\/09\/Plakat-o-warsztacie-Klub-Seniora.jpg\"><img loading=\"lazy\" decoding=\"async\" class=\"aligncenter size-large wp-image-10296\" src=\"http:\/\/www.tvk-gaj.pl\/~gajonline\/wp-content\/uploads\/2018\/09\/Plakat-o-warsztacie-Klub-Seniora-724x1024.jpg\" alt=\"\" width=\"724\" height=\"1024\" srcset=\"https:\/\/online.tvk-gaj.pl\/wp-content\/uploads\/2018\/09\/Plakat-o-warsztacie-Klub-Seniora-724x1024.jpg 724w, https:\/\/online.tvk-gaj.pl\/wp-content\/uploads\/2018\/09\/Plakat-o-warsztacie-Klub-Seniora-212x300.jpg 212w, https:\/\/online.tvk-gaj.pl\/wp-content\/uploads\/2018\/09\/Plakat-o-warsztacie-Klub-Seniora-768x1086.jpg 768w, https:\/\/online.tvk-gaj.pl\/wp-content\/uploads\/2018\/09\/Plakat-o-warsztacie-Klub-Seniora.jpg 1587w\" sizes=\"auto, (max-width: 724px) 100vw, 724px\" \/><\/a><\/p>\n<p>&nbsp;<\/p>\n<p><strong>Pe\u0142ny plan spotka\u0144 Klubu Seniora na Gaju na wrzesie\u0144:<\/strong><\/p>\n<p>&nbsp;<\/p>\n<p><a href=\"http:\/\/www.tvk-gaj.pl\/~gajonline\/wp-content\/uploads\/2018\/09\/harmonogram-wrzesie\u0144-2018.jpg\"><img loading=\"lazy\" decoding=\"async\" class=\"aligncenter size-large wp-image-10292\" src=\"http:\/\/www.tvk-gaj.pl\/~gajonline\/wp-content\/uploads\/2018\/09\/harmonogram-wrzesie\u0144-2018-724x1024.jpg\" alt=\"\" width=\"724\" height=\"1024\" srcset=\"https:\/\/online.tvk-gaj.pl\/wp-content\/uploads\/2018\/09\/harmonogram-wrzesie\u0144-2018-724x1024.jpg 724w, https:\/\/online.tvk-gaj.pl\/wp-content\/uploads\/2018\/09\/harmonogram-wrzesie\u0144-2018-212x300.jpg 212w, https:\/\/online.tvk-gaj.pl\/wp-content\/uploads\/2018\/09\/harmonogram-wrzesie\u0144-2018-768x1086.jpg 768w\" sizes=\"auto, (max-width: 724px) 100vw, 724px\" \/><\/a><\/p>\n<p>&nbsp;<\/p>\n<p>&nbsp;<\/p>\n<p><strong>Spotkania odbywaj\u0105 si\u0119 w siedzibie Klubu przy ul. Krynickiej 51 (teren Przychodni Zdrowia) &#8211; wej\u015bcie z zewn\u0105trz, obok apteki.<\/strong><\/p>\n<p>&nbsp;<\/p>\n<p>Serdecznie zapraszamy na zaj\u0119cia wszystkich senior\u00f3w z naszego osiedla!<\/p>\n<p>&nbsp;<\/p>\n","protected":false},"excerpt":{"rendered":"<p>Po kr\u00f3tkiej, wakacyjnej przerwie przedstawiamy harmonogram spotka\u0144 Klubu Seniora na Gaju na wrzesie\u0144.<\/p>\n","protected":false},"author":1,"featured_media":10291,"comment_status":"open","ping_status":"open","sticky":false,"template":"","format":"standard","meta":{"footnotes":""},"categories":[14,441],"tags":[1020,112,431,421,209,135,152,595],"class_list":["post-10290","post","type-post","status-publish","format-standard","has-post-thumbnail","hentry","category-aktualnosci","category-klub","tag-darmowe","tag-gaj","tag-klub-seniora","tag-klub-seniora-na-gaju","tag-krynicka","tag-rada-osiedla-gaj","tag-seniorzy","tag-zajecia"],"_links":{"self":[{"href":"https:\/\/online.tvk-gaj.pl\/index.php?rest_route=\/wp\/v2\/posts\/10290","targetHints":{"allow":["GET"]}}],"collection":[{"href":"https:\/\/online.tvk-gaj.pl\/index.php?rest_route=\/wp\/v2\/posts"}],"about":[{"href":"https:\/\/online.tvk-gaj.pl\/index.php?rest_route=\/wp\/v2\/types\/post"}],"author":[{"embeddable":true,"href":"https:\/\/online.tvk-gaj.pl\/index.php?rest_route=\/wp\/v2\/users\/1"}],"replies":[{"embeddable":true,"href":"https:\/\/online.tvk-gaj.pl\/index.php?rest_route=%2Fwp%2Fv2%2Fcomments&post=10290"}],"version-history":[{"count":5,"href":"https:\/\/online.tvk-gaj.pl\/index.php?rest_route=\/wp\/v2\/posts\/10290\/revisions"}],"predecessor-version":[{"id":10298,"href":"https:\/\/online.tvk-gaj.pl\/index.php?rest_route=\/wp\/v2\/posts\/10290\/revisions\/10298"}],"wp:featuredmedia":[{"embeddable":true,"href":"https:\/\/online.tvk-gaj.pl\/index.php?rest_route=\/wp\/v2\/media\/10291"}],"wp:attachment":[{"href":"https:\/\/online.tvk-gaj.pl\/index.php?rest_route=%2Fwp%2Fv2%2Fmedia&parent=10290"}],"wp:term":[{"taxonomy":"category","embeddable":true,"href":"https:\/\/online.tvk-gaj.pl\/index.php?rest_route=%2Fwp%2Fv2%2Fcategories&post=10290"},{"taxonomy":"post_tag","embeddable":true,"href":"https:\/\/online.tvk-gaj.pl\/index.php?rest_route=%2Fwp%2Fv2%2Ftags&post=10290"}],"curies":[{"name":"wp","href":"https:\/\/api.w.org\/{rel}","templated":true}]}}