{"id":10299,"date":"2018-09-15T14:33:15","date_gmt":"2018-09-15T12:33:15","guid":{"rendered":"http:\/\/www.tvk-gaj.pl\/~gajonline\/?p=10299"},"modified":"2018-09-15T14:33:49","modified_gmt":"2018-09-15T12:33:49","slug":"bezpieczny-senior-we-wroclawiu","status":"publish","type":"post","link":"https:\/\/online.tvk-gaj.pl\/?p=10299","title":{"rendered":"Bezpieczny senior we Wroc\u0142awiu"},"content":{"rendered":"<div class=\"v_krnq8thby f_krnq8p-5z clearfix\">\n<div class=\"clearfix b_krnq8tj4d\">\n<div class=\"clearfix _42ef\">\n<div class=\"e_krnq8tj4i\">\n<div>\n<div class=\"_6a _5u5j\">\n<div class=\"_6a _5u5j _6b\">\n<div id=\"feed_subtitle_138667132830823:-8788980241317602793\" class=\"_5pcp _5lel _2jyu _232_\">Serdecznie zapraszamy wszystkich senior\u00f3w na organizowan\u0105 przez Komend\u0119 Miejsk\u0105 Policji we Wroc\u0142awiu konferencj\u0119 po\u015bwi\u0119con\u0105&nbsp;bezpiecze\u0144stwu os\u00f3b starszych.&nbsp;<\/div>\n<\/div>\n<\/div>\n<\/div>\n<\/div>\n<\/div>\n<\/div>\n<\/div>\n<p><!--more--><\/p>\n<p>&nbsp;<\/p>\n<p>26 wrze\u015bnia w godzinach 13:00-15:30 w Hali Stulecia odb\u0119dzie si\u0119 zorganizowana przez Komend\u0119 Miejsk\u0105 Policji we Wroc\u0142awiu konferencja po\u015bwi\u0119cona bezpiecze\u0144stwu os\u00f3b starszych.<\/p>\n<p>st\u0119p na imprez\u0119 jest darmowy, trzeba jednak wcze\u015bniej zg\u0142osi\u0107 ch\u0119\u0107 uczestnictwa. Mo\u017cna to zrobi\u0107 telefonicznie pod numerem 71 71 91 664.<\/p>\n<p>&nbsp;<\/p>\n<p><a href=\"http:\/\/www.tvk-gaj.pl\/~gajonline\/wp-content\/uploads\/2018\/09\/bezpieczny-senior.jpg\"><img loading=\"lazy\" decoding=\"async\" class=\"aligncenter size-full wp-image-10300\" src=\"http:\/\/www.tvk-gaj.pl\/~gajonline\/wp-content\/uploads\/2018\/09\/bezpieczny-senior.jpg\" alt=\"\" width=\"669\" height=\"923\" srcset=\"https:\/\/online.tvk-gaj.pl\/wp-content\/uploads\/2018\/09\/bezpieczny-senior.jpg 669w, https:\/\/online.tvk-gaj.pl\/wp-content\/uploads\/2018\/09\/bezpieczny-senior-217x300.jpg 217w\" sizes=\"auto, (max-width: 669px) 100vw, 669px\" \/><\/a><\/p>\n<p>&nbsp;<\/p>\n<p>&nbsp;<\/p>\n<p>GajOnline i Rada Osiedla Gaj polecaj\u0105!<\/p>\n<p>&nbsp;<\/p>\n","protected":false},"excerpt":{"rendered":"<p>Serdecznie zapraszamy wszystkich senior\u00f3w na organizowan\u0105 przez Komend\u0119 Miejsk\u0105 Policji we Wroc\u0142awiu konferencj\u0119 po\u015bwi\u0119con\u0105&nbsp;bezpiecze\u0144stwu os\u00f3b starszych.&nbsp;<\/p>\n","protected":false},"author":1,"featured_media":10300,"comment_status":"open","ping_status":"open","sticky":false,"template":"","format":"standard","meta":{"footnotes":""},"categories":[14,441],"tags":[147,1031,1034,1033,1032,148,135,152,165],"class_list":["post-10299","post","type-post","status-publish","format-standard","has-post-thumbnail","hentry","category-aktualnosci","category-klub","tag-bezpieczenstwo","tag-bezpieczny-senior","tag-bezplatna-konferencja","tag-kmp-wroclaw","tag-konferencja","tag-policja","tag-rada-osiedla-gaj","tag-seniorzy","tag-wroclaw"],"_links":{"self":[{"href":"https:\/\/online.tvk-gaj.pl\/index.php?rest_route=\/wp\/v2\/posts\/10299","targetHints":{"allow":["GET"]}}],"collection":[{"href":"https:\/\/online.tvk-gaj.pl\/index.php?rest_route=\/wp\/v2\/posts"}],"about":[{"href":"https:\/\/online.tvk-gaj.pl\/index.php?rest_route=\/wp\/v2\/types\/post"}],"author":[{"embeddable":true,"href":"https:\/\/online.tvk-gaj.pl\/index.php?rest_route=\/wp\/v2\/users\/1"}],"replies":[{"embeddable":true,"href":"https:\/\/online.tvk-gaj.pl\/index.php?rest_route=%2Fwp%2Fv2%2Fcomments&post=10299"}],"version-history":[{"count":2,"href":"https:\/\/online.tvk-gaj.pl\/index.php?rest_route=\/wp\/v2\/posts\/10299\/revisions"}],"predecessor-version":[{"id":10302,"href":"https:\/\/online.tvk-gaj.pl\/index.php?rest_route=\/wp\/v2\/posts\/10299\/revisions\/10302"}],"wp:featuredmedia":[{"embeddable":true,"href":"https:\/\/online.tvk-gaj.pl\/index.php?rest_route=\/wp\/v2\/media\/10300"}],"wp:attachment":[{"href":"https:\/\/online.tvk-gaj.pl\/index.php?rest_route=%2Fwp%2Fv2%2Fmedia&parent=10299"}],"wp:term":[{"taxonomy":"category","embeddable":true,"href":"https:\/\/online.tvk-gaj.pl\/index.php?rest_route=%2Fwp%2Fv2%2Fcategories&post=10299"},{"taxonomy":"post_tag","embeddable":true,"href":"https:\/\/online.tvk-gaj.pl\/index.php?rest_route=%2Fwp%2Fv2%2Ftags&post=10299"}],"curies":[{"name":"wp","href":"https:\/\/api.w.org\/{rel}","templated":true}]}}