{"id":10308,"date":"2018-09-17T19:26:22","date_gmt":"2018-09-17T17:26:22","guid":{"rendered":"http:\/\/www.tvk-gaj.pl\/~gajonline\/?p=10308"},"modified":"2018-10-15T19:52:37","modified_gmt":"2018-10-15T17:52:37","slug":"wroclawski-budzet-obywatelski-2018","status":"publish","type":"post","link":"https:\/\/online.tvk-gaj.pl\/?p=10308","title":{"rendered":"Wroc\u0142awski Bud\u017cet Obywatelski 2018"},"content":{"rendered":"<p>W pi\u0105tek, 14 wrze\u015bnia ruszy\u0142o g\u0142osowanie w ramach tegorocznej edycji Wroc\u0142awskiego Bud\u017cetu Obywatelskiego. Do 1 pa\u017adziernika ka\u017cdy mieszkaniec Wroc\u0142awia mo\u017ce zag\u0142osowa\u0107 na a\u017c 5 projekt\u00f3w. Wi\u0119cej o zasadach g\u0142osowania oraz wspieranych przez Rad\u0119 Osiedla Gaj projektach w dalszej cz\u0119\u015bci artyku\u0142u.<!--more--><\/p>\n<p>&nbsp;<\/p>\n<p><strong>Wroc\u0142awski Bud\u017cet Obywatelski 2018<\/strong><\/p>\n<p>Wroc\u0142awski Bud\u017cet Obywatelski (inaczej nazywany &#8211; bud\u017cet partycypacyjny) &#8211; to proces, kt\u00f3ry umo\u017cliwia mieszka\u0144com Wroc\u0142awia dyskusj\u0119 oraz bezpo\u015bredni wp\u0142yw na decyzje o przeznaczeniu cz\u0119\u015bci miejskiego bud\u017cetu publicznego na przedsi\u0119wzi\u0119cia zg\u0142oszone bezpo\u015brednio przez mieszka\u0144c\u00f3w miasta.<\/p>\n<p>W tym roku na realizacj\u0119 zwyci\u0119skim projekt\u00f3w miasto przeznacza rekordowy bud\u017cet w wysoko\u015bci 25 250 000 z\u0142!&nbsp;<\/p>\n<p>G\u0142osowanie trwa w terminie od 14 wrze\u015bnia do 1 pa\u017adziernika. W pa\u017adzierniku nast\u0105pi oficjalne og\u0142oszenie wynik\u00f3w. Nast\u0119pnie w miesi\u0105cach pa\u017adziernik &#8211; grudzie\u0144 przedstawiciele zwyci\u0119skich projekt\u00f3w spotkaj\u0105 si\u0119 z w\u0142adzami miasta w celu om\u00f3wienia szczeg\u00f3\u0142\u00f3w realizacji inwestycji. Te za\u015b zostan\u0105 rozpocz\u0119te w 2019r.&nbsp;<\/p>\n<p>Jak co roku WBO przyci\u0105ga tysi\u0105ce os\u00f3b zg\u0142aszaj\u0105cych swoje pomys\u0142y na wykorzystanie miejskich \u015brodk\u00f3w. Do lata trwa\u0142 etap zwi\u0105zany z formalno-prawn\u0105 weryfikacj\u0105 zg\u0142aszanych wniosk\u00f3w projektowych. Do g\u0142osowania dopuszczone zosta\u0142y te projekty, kt\u00f3re spe\u0142nia\u0142y wszystkie wymogi formalne.<\/p>\n<p>Z naszej strony zach\u0119camy wszystkich do g\u0142osowania. Jest to element budowania spo\u0142ecze\u0144stwa demokratycznego i obywatelskiego, w kt\u00f3rym g\u0142os ka\u017cdego mieszka\u0144ca ma realny wp\u0142yw na zmian\u0119 swojego najbli\u017cszego otoczenia.&nbsp;<\/p>\n<p>&nbsp;<\/p>\n<p>&nbsp;<\/p>\n<p><a href=\"http:\/\/www.tvk-gaj.pl\/~gajonline\/wp-content\/uploads\/2018\/09\/palaktwbo2018.jpg\"><img loading=\"lazy\" decoding=\"async\" class=\"aligncenter size-full wp-image-10313\" src=\"http:\/\/www.tvk-gaj.pl\/~gajonline\/wp-content\/uploads\/2018\/09\/palaktwbo2018.jpg\" alt=\"\" width=\"671\" height=\"925\" srcset=\"https:\/\/online.tvk-gaj.pl\/wp-content\/uploads\/2018\/09\/palaktwbo2018.jpg 671w, https:\/\/online.tvk-gaj.pl\/wp-content\/uploads\/2018\/09\/palaktwbo2018-218x300.jpg 218w\" sizes=\"auto, (max-width: 671px) 100vw, 671px\" \/><\/a><\/p>\n<p>&nbsp;<\/p>\n<p>&nbsp;<\/p>\n<p><strong>Jak g\u0142osowa\u0107<\/strong><\/p>\n<p>W tym roku g\u0142osowanie trwa w terminie od 14 wrze\u015bnia do 1 pa\u017adziernika. Ka\u017cdy mieszkaniec Wroc\u0142awia, kt\u00f3ry sko\u0144czy\u0142 16 lat mo\u017ce jeden raz zag\u0142osowa\u0107 na maksymalnie 5 wybranych przez siebie projekt\u00f3w. W ramach posiadanych przez ka\u017cdego 5 g\u0142os\u00f3w zag\u0142osowa\u0107 mo\u017cna na:<\/p>\n<ul>\n<li>1 projekt og\u00f3lnomiejski do 1 mln z\u0142<\/li>\n<li>2 projekty rejonowe, w tym 1 ma\u0142y do 250 tys. z\u0142 oraz 1 du\u017cy do 750 tys. z\u0142<\/li>\n<li>1 projekt zabytkowy do 100 tys. z\u0142<\/li>\n<\/ul>\n<p>G\u0142osowa\u0107 mo\u017cna w formie elektronicznej, poprzez wype\u0142nienie formularza dost\u0119pnego na stronie internetowej www.wroclaw.pl\/wbo lub w zorganizowanych na terenie miasta punktach konsultacyjnych, na przeznaczonych do tego formularzach. Do g\u0142osowania potrzebne b\u0119d\u0105 nam numer PESEL oraz telefon kom\u00f3rkowy, na kt\u00f3ry przyjdzie SMS weryfikuj\u0105cy oddanie g\u0142osu.&nbsp;<\/p>\n<p>&nbsp;<\/p>\n<p><a href=\"http:\/\/www.tvk-gaj.pl\/~gajonline\/wp-content\/uploads\/2018\/09\/instrukcja-zasady-WBO-2018.jpg\"><img loading=\"lazy\" decoding=\"async\" class=\"aligncenter size-large wp-image-10314\" src=\"http:\/\/www.tvk-gaj.pl\/~gajonline\/wp-content\/uploads\/2018\/09\/instrukcja-zasady-WBO-2018-724x1024.jpg\" alt=\"\" width=\"724\" height=\"1024\" srcset=\"https:\/\/online.tvk-gaj.pl\/wp-content\/uploads\/2018\/09\/instrukcja-zasady-WBO-2018-724x1024.jpg 724w, https:\/\/online.tvk-gaj.pl\/wp-content\/uploads\/2018\/09\/instrukcja-zasady-WBO-2018-212x300.jpg 212w, https:\/\/online.tvk-gaj.pl\/wp-content\/uploads\/2018\/09\/instrukcja-zasady-WBO-2018-768x1086.jpg 768w\" sizes=\"auto, (max-width: 724px) 100vw, 724px\" \/><\/a><\/p>\n<p>&nbsp;<\/p>\n<p>&nbsp;<\/p>\n<p><strong>Gdzie g\u0142osowa\u0107<\/strong><\/p>\n<p>&nbsp;<\/p>\n<p><a href=\"http:\/\/www.tvk-gaj.pl\/~gajonline\/wp-content\/uploads\/2018\/09\/punktywbo2018.png\"><img loading=\"lazy\" decoding=\"async\" class=\"aligncenter size-full wp-image-10316\" src=\"http:\/\/www.tvk-gaj.pl\/~gajonline\/wp-content\/uploads\/2018\/09\/punktywbo2018.png\" alt=\"\" width=\"835\" height=\"601\" srcset=\"https:\/\/online.tvk-gaj.pl\/wp-content\/uploads\/2018\/09\/punktywbo2018.png 835w, https:\/\/online.tvk-gaj.pl\/wp-content\/uploads\/2018\/09\/punktywbo2018-300x216.png 300w, https:\/\/online.tvk-gaj.pl\/wp-content\/uploads\/2018\/09\/punktywbo2018-768x553.png 768w, https:\/\/online.tvk-gaj.pl\/wp-content\/uploads\/2018\/09\/punktywbo2018-287x208.png 287w\" sizes=\"auto, (max-width: 835px) 100vw, 835px\" \/><\/a><\/p>\n<p>&nbsp;<\/p>\n<p>&nbsp;<\/p>\n<p><strong>Projekty wspierane przez Rad\u0119 Osiedla Gaj<\/strong><\/p>\n<p>&nbsp;<\/p>\n<p><span style=\"text-decoration: underline;\">Projekt og\u00f3lnomiejski do 1 mln z\u0142: 7<\/span><\/p>\n<p>&nbsp;<\/p>\n<p><a href=\"http:\/\/www.tvk-gaj.pl\/~gajonline\/wp-content\/uploads\/2018\/09\/wboprojekt7.png\"><img loading=\"lazy\" decoding=\"async\" class=\"aligncenter size-full wp-image-10321\" src=\"http:\/\/www.tvk-gaj.pl\/~gajonline\/wp-content\/uploads\/2018\/09\/wboprojekt7.png\" alt=\"\" width=\"886\" height=\"242\" srcset=\"https:\/\/online.tvk-gaj.pl\/wp-content\/uploads\/2018\/09\/wboprojekt7.png 886w, https:\/\/online.tvk-gaj.pl\/wp-content\/uploads\/2018\/09\/wboprojekt7-300x82.png 300w, https:\/\/online.tvk-gaj.pl\/wp-content\/uploads\/2018\/09\/wboprojekt7-768x210.png 768w\" sizes=\"auto, (max-width: 886px) 100vw, 886px\" \/><\/a><\/p>\n<p>&nbsp;<\/p>\n<p><span style=\"text-decoration: underline;\">Projekt og\u00f3lnomiejski do 1 mln z\u0142: 218<\/span><\/p>\n<p>&nbsp;<\/p>\n<p><a href=\"http:\/\/www.tvk-gaj.pl\/~gajonline\/wp-content\/uploads\/2018\/09\/wboprojekt218.png\"><img loading=\"lazy\" decoding=\"async\" class=\"aligncenter size-full wp-image-10322\" src=\"http:\/\/www.tvk-gaj.pl\/~gajonline\/wp-content\/uploads\/2018\/09\/wboprojekt218.png\" alt=\"\" width=\"881\" height=\"171\" srcset=\"https:\/\/online.tvk-gaj.pl\/wp-content\/uploads\/2018\/09\/wboprojekt218.png 881w, https:\/\/online.tvk-gaj.pl\/wp-content\/uploads\/2018\/09\/wboprojekt218-300x58.png 300w, https:\/\/online.tvk-gaj.pl\/wp-content\/uploads\/2018\/09\/wboprojekt218-768x149.png 768w\" sizes=\"auto, (max-width: 881px) 100vw, 881px\" \/><\/a><\/p>\n<p>&nbsp;<\/p>\n<p><span style=\"text-decoration: underline;\">Projekt rejonowy du\u017cy do 750 tys. z\u0142: 195<\/span><\/p>\n<p>&nbsp;<\/p>\n<p><a href=\"http:\/\/www.tvk-gaj.pl\/~gajonline\/wp-content\/uploads\/2018\/09\/wboprojekt195.png\"><img loading=\"lazy\" decoding=\"async\" class=\"aligncenter size-full wp-image-10323\" src=\"http:\/\/www.tvk-gaj.pl\/~gajonline\/wp-content\/uploads\/2018\/09\/wboprojekt195.png\" alt=\"\" width=\"875\" height=\"169\" srcset=\"https:\/\/online.tvk-gaj.pl\/wp-content\/uploads\/2018\/09\/wboprojekt195.png 875w, https:\/\/online.tvk-gaj.pl\/wp-content\/uploads\/2018\/09\/wboprojekt195-300x58.png 300w, https:\/\/online.tvk-gaj.pl\/wp-content\/uploads\/2018\/09\/wboprojekt195-768x148.png 768w\" sizes=\"auto, (max-width: 875px) 100vw, 875px\" \/><\/a><\/p>\n<p>&nbsp;<\/p>\n<p><span style=\"text-decoration: underline;\">Projekt rejonowy ma\u0142y do 250 tys. z\u0142: 359<\/span><\/p>\n<p>&nbsp;<\/p>\n<p><a href=\"http:\/\/www.tvk-gaj.pl\/~gajonline\/wp-content\/uploads\/2018\/09\/wboprojekt359.png\"><img loading=\"lazy\" decoding=\"async\" class=\"aligncenter size-full wp-image-10324\" src=\"http:\/\/www.tvk-gaj.pl\/~gajonline\/wp-content\/uploads\/2018\/09\/wboprojekt359.png\" alt=\"\" width=\"865\" height=\"188\" srcset=\"https:\/\/online.tvk-gaj.pl\/wp-content\/uploads\/2018\/09\/wboprojekt359.png 865w, https:\/\/online.tvk-gaj.pl\/wp-content\/uploads\/2018\/09\/wboprojekt359-300x65.png 300w, https:\/\/online.tvk-gaj.pl\/wp-content\/uploads\/2018\/09\/wboprojekt359-768x167.png 768w\" sizes=\"auto, (max-width: 865px) 100vw, 865px\" \/><\/a><\/p>\n<p>&nbsp;<\/p>\n<p>&nbsp;<\/p>\n<p><span style=\"text-decoration: underline;\">Projekt zabytkowy: 365<\/span><\/p>\n<p>&nbsp;<\/p>\n<p>&nbsp;<\/p>\n<p><a href=\"http:\/\/www.tvk-gaj.pl\/~gajonline\/wp-content\/uploads\/2018\/09\/wboprojekt365.png\"><img loading=\"lazy\" decoding=\"async\" class=\"aligncenter size-full wp-image-10325\" src=\"http:\/\/www.tvk-gaj.pl\/~gajonline\/wp-content\/uploads\/2018\/09\/wboprojekt365.png\" alt=\"\" width=\"870\" height=\"211\" srcset=\"https:\/\/online.tvk-gaj.pl\/wp-content\/uploads\/2018\/09\/wboprojekt365.png 870w, https:\/\/online.tvk-gaj.pl\/wp-content\/uploads\/2018\/09\/wboprojekt365-300x73.png 300w, https:\/\/online.tvk-gaj.pl\/wp-content\/uploads\/2018\/09\/wboprojekt365-768x186.png 768w\" sizes=\"auto, (max-width: 870px) 100vw, 870px\" \/><\/a><\/p>\n<p>&nbsp;<\/p>\n<p><strong>Zach\u0119camy do g\u0142osowania!<\/strong><\/p>\n<p>&nbsp;<\/p>\n","protected":false},"excerpt":{"rendered":"<p>W pi\u0105tek, 14 wrze\u015bnia ruszy\u0142o g\u0142osowanie w ramach tegorocznej edycji Wroc\u0142awskiego Bud\u017cetu Obywatelskiego. Do 1 pa\u017adziernika ka\u017cdy mieszkaniec Wroc\u0142awia mo\u017ce zag\u0142osowa\u0107 na a\u017c 5 projekt\u00f3w. Wi\u0119cej o zasadach g\u0142osowania oraz wspieranych przez Rad\u0119 Osiedla Gaj projektach w dalszej cz\u0119\u015bci artyku\u0142u.<\/p>\n","protected":false},"author":1,"featured_media":10328,"comment_status":"open","ping_status":"open","sticky":false,"template":"","format":"standard","meta":{"footnotes":""},"categories":[14],"tags":[532,112,345,377,166,443,1035,340,135,354,523,243,275,930,344,512],"class_list":["post-10308","post","type-post","status-publish","format-standard","has-post-thumbnail","hentry","category-aktualnosci","tag-drzewa","tag-gaj","tag-glosowanie","tag-jak-glosowac","tag-osiedle-gaj","tag-park","tag-popierane-projekty","tag-projekty","tag-rada-osiedla-gaj","tag-rower","tag-rowery","tag-sciezka-rowerowa","tag-wbo","tag-wbo-2018","tag-wroclawski-budzet-obywatelski","tag-zielen"],"_links":{"self":[{"href":"https:\/\/online.tvk-gaj.pl\/index.php?rest_route=\/wp\/v2\/posts\/10308","targetHints":{"allow":["GET"]}}],"collection":[{"href":"https:\/\/online.tvk-gaj.pl\/index.php?rest_route=\/wp\/v2\/posts"}],"about":[{"href":"https:\/\/online.tvk-gaj.pl\/index.php?rest_route=\/wp\/v2\/types\/post"}],"author":[{"embeddable":true,"href":"https:\/\/online.tvk-gaj.pl\/index.php?rest_route=\/wp\/v2\/users\/1"}],"replies":[{"embeddable":true,"href":"https:\/\/online.tvk-gaj.pl\/index.php?rest_route=%2Fwp%2Fv2%2Fcomments&post=10308"}],"version-history":[{"count":5,"href":"https:\/\/online.tvk-gaj.pl\/index.php?rest_route=\/wp\/v2\/posts\/10308\/revisions"}],"predecessor-version":[{"id":10326,"href":"https:\/\/online.tvk-gaj.pl\/index.php?rest_route=\/wp\/v2\/posts\/10308\/revisions\/10326"}],"wp:featuredmedia":[{"embeddable":true,"href":"https:\/\/online.tvk-gaj.pl\/index.php?rest_route=\/wp\/v2\/media\/10328"}],"wp:attachment":[{"href":"https:\/\/online.tvk-gaj.pl\/index.php?rest_route=%2Fwp%2Fv2%2Fmedia&parent=10308"}],"wp:term":[{"taxonomy":"category","embeddable":true,"href":"https:\/\/online.tvk-gaj.pl\/index.php?rest_route=%2Fwp%2Fv2%2Fcategories&post=10308"},{"taxonomy":"post_tag","embeddable":true,"href":"https:\/\/online.tvk-gaj.pl\/index.php?rest_route=%2Fwp%2Fv2%2Ftags&post=10308"}],"curies":[{"name":"wp","href":"https:\/\/api.w.org\/{rel}","templated":true}]}}