{"id":10329,"date":"2018-09-24T22:01:03","date_gmt":"2018-09-24T20:01:03","guid":{"rendered":"http:\/\/www.tvk-gaj.pl\/~gajonline\/?p=10329"},"modified":"2018-09-24T22:01:03","modified_gmt":"2018-09-24T20:01:03","slug":"znany-date-powrotu-tramwajow-na-gaj","status":"publish","type":"post","link":"https:\/\/online.tvk-gaj.pl\/?p=10329","title":{"rendered":"Znany dat\u0119 powrotu tramwaj\u00f3w na Gaj"},"content":{"rendered":"<p>Znamy prawdopodobny termin powrotu tramwaj\u00f3w na Gaj. Wed\u0142ug zapowiedzi Wroc\u0142awskich Inwestycji tramwaje linii 8, 31 i 32 powr\u00f3c\u0105 do pierwotnych tras w najbli\u017cszy poniedzia\u0142ek &#8211; 1 pa\u017adziernika.<!--more--><\/p>\n<p>&nbsp;<\/p>\n<p><a href=\"http:\/\/www.tvk-gaj.pl\/~gajonline\/wp-content\/uploads\/2018\/09\/42543418_2056805457683638_3668535191913103360_n.jpg\"><img loading=\"lazy\" decoding=\"async\" class=\"aligncenter size-full wp-image-10330\" src=\"http:\/\/www.tvk-gaj.pl\/~gajonline\/wp-content\/uploads\/2018\/09\/42543418_2056805457683638_3668535191913103360_n.jpg\" alt=\"\" width=\"960\" height=\"720\" srcset=\"https:\/\/online.tvk-gaj.pl\/wp-content\/uploads\/2018\/09\/42543418_2056805457683638_3668535191913103360_n.jpg 960w, https:\/\/online.tvk-gaj.pl\/wp-content\/uploads\/2018\/09\/42543418_2056805457683638_3668535191913103360_n-300x225.jpg 300w, https:\/\/online.tvk-gaj.pl\/wp-content\/uploads\/2018\/09\/42543418_2056805457683638_3668535191913103360_n-768x576.jpg 768w\" sizes=\"auto, (max-width: 960px) 100vw, 960px\" \/><\/a><\/p>\n<p>&nbsp;<\/p>\n<p>Aktualnie dobiegaj\u0105 ko\u0144ca prace budowlane na ul. Hubskiej &#8211; do skrzy\u017cowania z Glinian\u0105. Je\u017celi uda si\u0119 zako\u0144czy\u0107 prac\u0119 na czas ju\u017c za tydzie\u0144 mieszka\u0144cy Hub, Gaju i Tarnogaju z powrotem b\u0119d\u0105 mogli korzysta\u0107 z transportu szynowego.<\/p>\n<p>Wi\u0119cej na temat remontu ul. Hubskiej i zwi\u0105zanych z nim utrudnieniami <span style=\"color: #000000;\"><a style=\"color: #000000;\" href=\"http:\/\/www.tvk-gaj.pl\/~gajonline\/?p=10200\" target=\"_blank\" rel=\"noopener\">pisali\u015bmy na \u0142amach GajOnline<\/a><\/span> w czerwcu.&nbsp;<\/p>\n<p>&nbsp;<\/p>\n","protected":false},"excerpt":{"rendered":"<p>Znamy prawdopodobny termin powrotu tramwaj\u00f3w na Gaj. Wed\u0142ug zapowiedzi Wroc\u0142awskich Inwestycji tramwaje linii 8, 31 i 32 powr\u00f3c\u0105 do pierwotnych tras w najbli\u017cszy poniedzia\u0142ek &#8211; 1 pa\u017adziernika.<\/p>\n","protected":false},"author":1,"featured_media":10330,"comment_status":"open","ping_status":"open","sticky":false,"template":"","format":"standard","meta":{"footnotes":""},"categories":[14],"tags":[224,1038,112,947,161,1037,156,515,117,1023,199,1040,1036,1039],"class_list":["post-10329","post","type-post","status-publish","format-standard","has-post-thumbnail","hentry","category-aktualnosci","tag-224","tag-1038","tag-gaj","tag-hubska","tag-huby","tag-linie-31","tag-mpk","tag-remont","tag-swieradowska","tag-tarnogaj","tag-tramwaje","tag-tramwaje-wracaja-na-gaj","tag-wi","tag-zakonczenie-remontu"],"_links":{"self":[{"href":"https:\/\/online.tvk-gaj.pl\/index.php?rest_route=\/wp\/v2\/posts\/10329","targetHints":{"allow":["GET"]}}],"collection":[{"href":"https:\/\/online.tvk-gaj.pl\/index.php?rest_route=\/wp\/v2\/posts"}],"about":[{"href":"https:\/\/online.tvk-gaj.pl\/index.php?rest_route=\/wp\/v2\/types\/post"}],"author":[{"embeddable":true,"href":"https:\/\/online.tvk-gaj.pl\/index.php?rest_route=\/wp\/v2\/users\/1"}],"replies":[{"embeddable":true,"href":"https:\/\/online.tvk-gaj.pl\/index.php?rest_route=%2Fwp%2Fv2%2Fcomments&post=10329"}],"version-history":[{"count":1,"href":"https:\/\/online.tvk-gaj.pl\/index.php?rest_route=\/wp\/v2\/posts\/10329\/revisions"}],"predecessor-version":[{"id":10331,"href":"https:\/\/online.tvk-gaj.pl\/index.php?rest_route=\/wp\/v2\/posts\/10329\/revisions\/10331"}],"wp:featuredmedia":[{"embeddable":true,"href":"https:\/\/online.tvk-gaj.pl\/index.php?rest_route=\/wp\/v2\/media\/10330"}],"wp:attachment":[{"href":"https:\/\/online.tvk-gaj.pl\/index.php?rest_route=%2Fwp%2Fv2%2Fmedia&parent=10329"}],"wp:term":[{"taxonomy":"category","embeddable":true,"href":"https:\/\/online.tvk-gaj.pl\/index.php?rest_route=%2Fwp%2Fv2%2Fcategories&post=10329"},{"taxonomy":"post_tag","embeddable":true,"href":"https:\/\/online.tvk-gaj.pl\/index.php?rest_route=%2Fwp%2Fv2%2Ftags&post=10329"}],"curies":[{"name":"wp","href":"https:\/\/api.w.org\/{rel}","templated":true}]}}