{"id":10335,"date":"2018-09-27T17:13:01","date_gmt":"2018-09-27T15:13:01","guid":{"rendered":"http:\/\/www.tvk-gaj.pl\/~gajonline\/?p=10335"},"modified":"2018-10-15T19:54:15","modified_gmt":"2018-10-15T17:54:15","slug":"polecany-projekty-wbo-2018","status":"publish","type":"post","link":"https:\/\/online.tvk-gaj.pl\/?p=10335","title":{"rendered":"Polecane projekty WBO 2018"},"content":{"rendered":"<p>Do ko\u0144ca g\u0142osowania w tegorocznej edycji Wroc\u0142awskiego Bud\u017cetu Obywatelskiego pozosta\u0142o tylko kilka dni. Wszystkim tym, kt\u00f3rzy nie oddali jeszcze swojego g\u0142osu prezentujemy popierane przez Rad\u0119 Osiedla Gaj projekty zwi\u0105zane z naszym osiedlem.&nbsp;<!--more--><\/p>\n<p>&nbsp;<\/p>\n<p><a href=\"http:\/\/www.tvk-gaj.pl\/~gajonline\/wp-content\/uploads\/2018\/09\/wbo-2016-graf_13.jpg\"><img loading=\"lazy\" decoding=\"async\" class=\"aligncenter size-full wp-image-10337\" src=\"http:\/\/www.tvk-gaj.pl\/~gajonline\/wp-content\/uploads\/2018\/09\/wbo-2016-graf_13.jpg\" alt=\"\" width=\"850\" height=\"398\" srcset=\"https:\/\/online.tvk-gaj.pl\/wp-content\/uploads\/2018\/09\/wbo-2016-graf_13.jpg 850w, https:\/\/online.tvk-gaj.pl\/wp-content\/uploads\/2018\/09\/wbo-2016-graf_13-300x140.jpg 300w, https:\/\/online.tvk-gaj.pl\/wp-content\/uploads\/2018\/09\/wbo-2016-graf_13-768x360.jpg 768w\" sizes=\"auto, (max-width: 850px) 100vw, 850px\" \/><\/a><\/p>\n<p>&nbsp;<\/p>\n<p><strong>Na wst\u0119pie przypomnijmy zasady g\u0142osowania w WBO 2018. Jak g\u0142osowa\u0107?&nbsp;<\/strong><\/p>\n<p>W tym roku g\u0142osowanie trwa w terminie od 14 wrze\u015bnia do 1 pa\u017adziernika. Ka\u017cdy mieszkaniec Wroc\u0142awia, kt\u00f3ry sko\u0144czy\u0142 16 lat mo\u017ce jeden raz zag\u0142osowa\u0107 na maksymalnie 5 wybranych przez siebie projekt\u00f3w. W ramach posiadanych przez ka\u017cdego 5 g\u0142os\u00f3w zag\u0142osowa\u0107 mo\u017cna na:<\/p>\n<ul>\n<li>1 projekt og\u00f3lnomiejski do 1 mln z\u0142<\/li>\n<li>2 projekty rejonowe, w tym 1 ma\u0142y do 250 tys. z\u0142 oraz 1 du\u017cy do 750 tys. z\u0142<\/li>\n<li>1 projekt zabytkowy do 100 tys. z\u0142<\/li>\n<\/ul>\n<p>G\u0142osowa\u0107 mo\u017cna w formie elektronicznej, poprzez wype\u0142nienie formularza dost\u0119pnego na stronie internetowej www.wroclaw.pl\/wbo lub w zorganizowanych na terenie miasta punktach konsultacyjnych, na przeznaczonych do tego formularzach. Do g\u0142osowania potrzebne b\u0119d\u0105 nam numer PESEL oraz telefon kom\u00f3rkowy, na kt\u00f3ry przyjdzie SMS weryfikuj\u0105cy oddanie g\u0142osu.&nbsp;<\/p>\n<p>&nbsp;<\/p>\n<p><a href=\"http:\/\/www.tvk-gaj.pl\/~gajonline\/wp-content\/uploads\/2018\/09\/instrukcja-zasady-WBO-2018.jpg\"><img loading=\"lazy\" decoding=\"async\" class=\"aligncenter size-large wp-image-10314\" src=\"http:\/\/www.tvk-gaj.pl\/~gajonline\/wp-content\/uploads\/2018\/09\/instrukcja-zasady-WBO-2018-724x1024.jpg\" alt=\"\" width=\"724\" height=\"1024\" srcset=\"https:\/\/online.tvk-gaj.pl\/wp-content\/uploads\/2018\/09\/instrukcja-zasady-WBO-2018-724x1024.jpg 724w, https:\/\/online.tvk-gaj.pl\/wp-content\/uploads\/2018\/09\/instrukcja-zasady-WBO-2018-212x300.jpg 212w, https:\/\/online.tvk-gaj.pl\/wp-content\/uploads\/2018\/09\/instrukcja-zasady-WBO-2018-768x1086.jpg 768w\" sizes=\"auto, (max-width: 724px) 100vw, 724px\" \/><\/a><\/p>\n<p>&nbsp;<\/p>\n<p>&nbsp;<\/p>\n<p><strong>Popierane przez Rad\u0119 Osiedla Gaj projekty:<\/strong><\/p>\n<p>Rada Osiedla Gaj po konsultacjach spo\u0142ecznych oraz rozmowami z autorami projekt\u00f3w postanowi\u0142a wspiera\u0107 \u0142\u0105cznie 5 projekt\u00f3w, na kt\u00f3re mo\u017cna odda\u0107 g\u0142os w ramach jednego g\u0142osowania jednej osoby.&nbsp;<\/p>\n<p>&nbsp;<\/p>\n<p><span style=\"text-decoration: underline;\">Projekt og\u00f3lnomiejski do 1 mln z\u0142: 7<\/span><\/p>\n<p>&nbsp;<\/p>\n<p><a href=\"http:\/\/www.tvk-gaj.pl\/~gajonline\/wp-content\/uploads\/2018\/09\/wboprojekt7.png\"><img loading=\"lazy\" decoding=\"async\" class=\"aligncenter size-full wp-image-10321\" src=\"http:\/\/www.tvk-gaj.pl\/~gajonline\/wp-content\/uploads\/2018\/09\/wboprojekt7.png\" alt=\"\" width=\"886\" height=\"242\" srcset=\"https:\/\/online.tvk-gaj.pl\/wp-content\/uploads\/2018\/09\/wboprojekt7.png 886w, https:\/\/online.tvk-gaj.pl\/wp-content\/uploads\/2018\/09\/wboprojekt7-300x82.png 300w, https:\/\/online.tvk-gaj.pl\/wp-content\/uploads\/2018\/09\/wboprojekt7-768x210.png 768w\" sizes=\"auto, (max-width: 886px) 100vw, 886px\" \/><\/a><\/p>\n<p>Projekt zak\u0142ada po\u0142\u0105czenie kilku wroc\u0142awskich park\u00f3w i dzielnic zielon\u0105 \u015bcie\u017ck\u0105 dla rowerzyst\u00f3w, pieszych i biegaczy.&nbsp; Projekt jest rozwini\u0119ciem zwyci\u0119skiego projektu z zesz\u0142ego roku. W ramach jego realizacji powsta\u0107 ma m.in. cz\u0119\u015b\u0107 przebiegaj\u0105ca wzd\u0142u\u017c nasypu kolejowego rozdzielaj\u0105cego Gaj i Wojszyce.&nbsp;<\/p>\n<p>&nbsp;<\/p>\n<p><a href=\"http:\/\/www.tvk-gaj.pl\/~gajonline\/wp-content\/uploads\/2018\/09\/064d544732e5b684b06467074f6bbfc0.jpg\"><img loading=\"lazy\" decoding=\"async\" class=\"aligncenter size-full wp-image-10339\" src=\"http:\/\/www.tvk-gaj.pl\/~gajonline\/wp-content\/uploads\/2018\/09\/064d544732e5b684b06467074f6bbfc0.jpg\" alt=\"\" width=\"591\" height=\"429\" srcset=\"https:\/\/online.tvk-gaj.pl\/wp-content\/uploads\/2018\/09\/064d544732e5b684b06467074f6bbfc0.jpg 591w, https:\/\/online.tvk-gaj.pl\/wp-content\/uploads\/2018\/09\/064d544732e5b684b06467074f6bbfc0-300x218.jpg 300w, https:\/\/online.tvk-gaj.pl\/wp-content\/uploads\/2018\/09\/064d544732e5b684b06467074f6bbfc0-578x420.jpg 578w, https:\/\/online.tvk-gaj.pl\/wp-content\/uploads\/2018\/09\/064d544732e5b684b06467074f6bbfc0-287x208.jpg 287w\" sizes=\"auto, (max-width: 591px) 100vw, 591px\" \/><\/a><\/p>\n<p>&nbsp;<\/p>\n<p>&nbsp;<\/p>\n<p><span style=\"text-decoration: underline;\">Projekt og\u00f3lnomiejski do 1 mln z\u0142: 218<\/span><\/p>\n<p>&nbsp;<\/p>\n<p><a href=\"http:\/\/www.tvk-gaj.pl\/~gajonline\/wp-content\/uploads\/2018\/09\/wboprojekt218.png\"><img loading=\"lazy\" decoding=\"async\" class=\"aligncenter size-full wp-image-10322\" src=\"http:\/\/www.tvk-gaj.pl\/~gajonline\/wp-content\/uploads\/2018\/09\/wboprojekt218.png\" alt=\"\" width=\"881\" height=\"171\" srcset=\"https:\/\/online.tvk-gaj.pl\/wp-content\/uploads\/2018\/09\/wboprojekt218.png 881w, https:\/\/online.tvk-gaj.pl\/wp-content\/uploads\/2018\/09\/wboprojekt218-300x58.png 300w, https:\/\/online.tvk-gaj.pl\/wp-content\/uploads\/2018\/09\/wboprojekt218-768x149.png 768w\" sizes=\"auto, (max-width: 881px) 100vw, 881px\" \/><\/a><\/p>\n<p>Projekt dotyczy zielonego zagospodarowania Wzg\u00f3rza Gajowego. Zak\u0142ada m.in.: uporz\u0105dkowanie terenu, piel\u0119gnacje zieleni oraz przeprowadzenie bada\u0144 \u015brodowiskowych. Nasadzenia zieleni mia\u0142yby wed\u0142ug autor\u00f3w projekt\u00f3w nawi\u0105zywa\u0107 do alpejskiej flory i krajobraz\u00f3w.&nbsp;<\/p>\n<p>&nbsp;<\/p>\n<p><a href=\"http:\/\/www.tvk-gaj.pl\/~gajonline\/wp-content\/uploads\/2018\/09\/alpynagaju.png\"><img loading=\"lazy\" decoding=\"async\" class=\"aligncenter size-full wp-image-10342\" src=\"http:\/\/www.tvk-gaj.pl\/~gajonline\/wp-content\/uploads\/2018\/09\/alpynagaju.png\" alt=\"\" width=\"801\" height=\"275\" srcset=\"https:\/\/online.tvk-gaj.pl\/wp-content\/uploads\/2018\/09\/alpynagaju.png 801w, https:\/\/online.tvk-gaj.pl\/wp-content\/uploads\/2018\/09\/alpynagaju-300x103.png 300w, https:\/\/online.tvk-gaj.pl\/wp-content\/uploads\/2018\/09\/alpynagaju-768x264.png 768w\" sizes=\"auto, (max-width: 801px) 100vw, 801px\" \/><\/a><\/p>\n<p>&nbsp;<\/p>\n<p>&nbsp;<\/p>\n<p><span style=\"text-decoration: underline;\">Projekt rejonowy du\u017cy do 750 tys. z\u0142: 195<\/span><\/p>\n<p>&nbsp;<\/p>\n<p><a href=\"http:\/\/www.tvk-gaj.pl\/~gajonline\/wp-content\/uploads\/2018\/09\/wboprojekt195.png\"><img loading=\"lazy\" decoding=\"async\" class=\"aligncenter size-full wp-image-10323\" src=\"http:\/\/www.tvk-gaj.pl\/~gajonline\/wp-content\/uploads\/2018\/09\/wboprojekt195.png\" alt=\"\" width=\"875\" height=\"169\" srcset=\"https:\/\/online.tvk-gaj.pl\/wp-content\/uploads\/2018\/09\/wboprojekt195.png 875w, https:\/\/online.tvk-gaj.pl\/wp-content\/uploads\/2018\/09\/wboprojekt195-300x58.png 300w, https:\/\/online.tvk-gaj.pl\/wp-content\/uploads\/2018\/09\/wboprojekt195-768x148.png 768w\" sizes=\"auto, (max-width: 875px) 100vw, 875px\" \/><\/a><\/p>\n<p>&nbsp;<\/p>\n<p>Projekt niejako konkurencyjny dla projektu nr 218. R\u00f3wnie\u017c dotyczy rewitalizacji Wzg\u00f3rza Gajowego. Wed\u0142ug projektu prace zwi\u0105zane z jego realizacj\u0105 obejm\u0105 budow\u0119 \u015bcie\u017cki dooko\u0142a Zielonego Wzg\u00f3rza, uruchomienie si\u0142owni na wolnym powietrzu w parku oraz wst\u0119pne zagospodarowanie szczytu Zielonego Wzg\u00f3rza.<\/p>\n<p>&nbsp;<\/p>\n<p><a href=\"http:\/\/www.tvk-gaj.pl\/~gajonline\/wp-content\/uploads\/2014\/07\/DSC00453.jpg\"><img loading=\"lazy\" decoding=\"async\" class=\"aligncenter wp-image-2942\" src=\"http:\/\/www.tvk-gaj.pl\/~gajonline\/wp-content\/uploads\/2014\/07\/DSC00453-300x225.jpg\" alt=\"\" width=\"600\" height=\"450\" srcset=\"https:\/\/online.tvk-gaj.pl\/wp-content\/uploads\/2014\/07\/DSC00453-300x225.jpg 300w, https:\/\/online.tvk-gaj.pl\/wp-content\/uploads\/2014\/07\/DSC00453.jpg 1024w\" sizes=\"auto, (max-width: 600px) 100vw, 600px\" \/><\/a><\/p>\n<p>&nbsp;<\/p>\n<p>&nbsp;<\/p>\n<p><span style=\"text-decoration: underline;\">Projekt rejonowy ma\u0142y do 250 tys. z\u0142: 359<\/span><\/p>\n<p>&nbsp;<\/p>\n<p><a href=\"http:\/\/www.tvk-gaj.pl\/~gajonline\/wp-content\/uploads\/2018\/09\/wboprojekt359.png\"><img loading=\"lazy\" decoding=\"async\" class=\"aligncenter size-full wp-image-10324\" src=\"http:\/\/www.tvk-gaj.pl\/~gajonline\/wp-content\/uploads\/2018\/09\/wboprojekt359.png\" alt=\"\" width=\"865\" height=\"188\" srcset=\"https:\/\/online.tvk-gaj.pl\/wp-content\/uploads\/2018\/09\/wboprojekt359.png 865w, https:\/\/online.tvk-gaj.pl\/wp-content\/uploads\/2018\/09\/wboprojekt359-300x65.png 300w, https:\/\/online.tvk-gaj.pl\/wp-content\/uploads\/2018\/09\/wboprojekt359-768x167.png 768w\" sizes=\"auto, (max-width: 865px) 100vw, 865px\" \/><\/a><\/p>\n<div class=\"boxProjectDesc\">\n<p>Projekt zak\u0142ada uporz\u0105dkowanie zieleni przyulicznej i przyblokowej przed blokiem stoj\u0105cym przy ul. Krynickiej 54-92. Ziele\u0144 ma zosta\u0107 zinwentaryzowana i piel\u0119gnowana, a tak\u017ce uzupe\u0142niona nasadzeniami krzew\u00f3w. Autorzy projektu chc\u0105 tak\u017ce odnowi\u0107 trawniki.<br \/>\nOdnowiony teren wzd\u0142u\u017c tej cz\u0119\u015bci ul. Krynickiej mo\u017ce sta\u0107 si\u0119 modelem dobrej praktyki dla pozosta\u0142ej cz\u0119\u015bci osiedla Gaj. Nasadzenia podnios\u0105 estetyk\u0119 i jako\u015b\u0107 przestrzeni. Projekt zak\u0142ada tak\u017ce uporz\u0105dkowanie parkowania.<\/p>\n<\/div>\n<div class=\"boxProjectDesc\">\n<p>&nbsp;<\/p>\n<\/div>\n<p><a href=\"http:\/\/www.tvk-gaj.pl\/~gajonline\/wp-content\/uploads\/2018\/09\/projektzielenkrynicka.png\"><img loading=\"lazy\" decoding=\"async\" class=\"aligncenter wp-image-10345\" src=\"http:\/\/www.tvk-gaj.pl\/~gajonline\/wp-content\/uploads\/2018\/09\/projektzielenkrynicka-300x300.png\" alt=\"\" width=\"600\" height=\"602\" srcset=\"https:\/\/online.tvk-gaj.pl\/wp-content\/uploads\/2018\/09\/projektzielenkrynicka-300x300.png 300w, https:\/\/online.tvk-gaj.pl\/wp-content\/uploads\/2018\/09\/projektzielenkrynicka-150x150.png 150w, https:\/\/online.tvk-gaj.pl\/wp-content\/uploads\/2018\/09\/projektzielenkrynicka-768x771.png 768w, https:\/\/online.tvk-gaj.pl\/wp-content\/uploads\/2018\/09\/projektzielenkrynicka-160x160.png 160w, https:\/\/online.tvk-gaj.pl\/wp-content\/uploads\/2018\/09\/projektzielenkrynicka-240x240.png 240w, https:\/\/online.tvk-gaj.pl\/wp-content\/uploads\/2018\/09\/projektzielenkrynicka-60x60.png 60w, https:\/\/online.tvk-gaj.pl\/wp-content\/uploads\/2018\/09\/projektzielenkrynicka-184x184.png 184w, https:\/\/online.tvk-gaj.pl\/wp-content\/uploads\/2018\/09\/projektzielenkrynicka.png 864w\" sizes=\"auto, (max-width: 600px) 100vw, 600px\" \/><\/a><\/p>\n<p>&nbsp;<\/p>\n<p>&nbsp;<\/p>\n<p><span style=\"text-decoration: underline;\">Projekt zabytkowy: 365<\/span><\/p>\n<p>&nbsp;<\/p>\n<p>&nbsp;<\/p>\n<p><a href=\"http:\/\/www.tvk-gaj.pl\/~gajonline\/wp-content\/uploads\/2018\/09\/wboprojekt365.png\"><img loading=\"lazy\" decoding=\"async\" class=\"aligncenter size-full wp-image-10325\" src=\"http:\/\/www.tvk-gaj.pl\/~gajonline\/wp-content\/uploads\/2018\/09\/wboprojekt365.png\" alt=\"\" width=\"870\" height=\"211\" srcset=\"https:\/\/online.tvk-gaj.pl\/wp-content\/uploads\/2018\/09\/wboprojekt365.png 870w, https:\/\/online.tvk-gaj.pl\/wp-content\/uploads\/2018\/09\/wboprojekt365-300x73.png 300w, https:\/\/online.tvk-gaj.pl\/wp-content\/uploads\/2018\/09\/wboprojekt365-768x186.png 768w\" sizes=\"auto, (max-width: 870px) 100vw, 870px\" \/><\/a><\/p>\n<p>&nbsp;<\/p>\n<p>Tym razem projekt nie dotyczy Gaju, ale naszego bliskiego s\u0105siada &#8211; osiedla Tarnogaj. Projekt nale\u017cy do nowej kategorii bud\u017cetowej &#8211; projekt zabytkowy.&nbsp;<\/p>\n<p>Zak\u0142ada rekonstrukcje i renowacje pos\u0105gu zintegrowanego ze schodami zewn\u0119trznymi g\u0142\u00f3wnego wej\u015bcia do budynku Szko\u0142y Podstawowej Nr 9 przy ul. Nyskiej oraz zabezpieczenie przed ponown\u0105 dewastacj\u0105. Umieszczenie na postumencie tabliczki informacyjnej (autor, data powstania, ewentualnie nazwa pos\u0105gu). Projekt zak\u0142ada te\u017c renowacje portalu po\u0142udniowego nad wej\u015bciem g\u0142\u00f3wnym do budynku szko\u0142y i zabezpieczenie przed ponown\u0105 dewastacj\u0105. Dodatkowo renowacje portalu p\u00f3\u0142nocnego nad bocznym wej\u015bciem do budynku szko\u0142y oraz zabezpieczenie przed ponown\u0105 dewastacj\u0105. Usuni\u0119cie graffiti z elewacji budynku szko\u0142y i zabezpieczenie przed ponown\u0105 dewastacj\u0105.<\/p>\n<p>&nbsp;<\/p>\n<p><a href=\"http:\/\/www.tvk-gaj.pl\/~gajonline\/wp-content\/uploads\/2018\/09\/wbotarnogaj.png\"><img loading=\"lazy\" decoding=\"async\" class=\"aligncenter wp-image-10346 size-large\" src=\"http:\/\/www.tvk-gaj.pl\/~gajonline\/wp-content\/uploads\/2018\/09\/wbotarnogaj-1024x618.png\" alt=\"\" width=\"838\" height=\"506\" srcset=\"https:\/\/online.tvk-gaj.pl\/wp-content\/uploads\/2018\/09\/wbotarnogaj-1024x618.png 1024w, https:\/\/online.tvk-gaj.pl\/wp-content\/uploads\/2018\/09\/wbotarnogaj-300x181.png 300w, https:\/\/online.tvk-gaj.pl\/wp-content\/uploads\/2018\/09\/wbotarnogaj-768x463.png 768w, https:\/\/online.tvk-gaj.pl\/wp-content\/uploads\/2018\/09\/wbotarnogaj.png 1416w\" sizes=\"auto, (max-width: 838px) 100vw, 838px\" \/><\/a><\/p>\n<p>&nbsp;<\/p>\n<p>&nbsp;<\/p>\n<p><strong>Serdecznie zapraszamy i zach\u0119camy do g\u0142osowania!&nbsp;<\/strong><\/p>\n<p>&nbsp;<\/p>\n","protected":false},"excerpt":{"rendered":"<p>Do ko\u0144ca g\u0142osowania w tegorocznej edycji Wroc\u0142awskiego Bud\u017cetu Obywatelskiego pozosta\u0142o tylko kilka dni. Wszystkim tym, kt\u00f3rzy nie oddali jeszcze swojego g\u0142osu prezentujemy popierane przez Rad\u0119 Osiedla Gaj projekty zwi\u0105zane z naszym osiedlem.&nbsp;<\/p>\n","protected":false},"author":1,"featured_media":10337,"comment_status":"open","ping_status":"open","sticky":false,"template":"","format":"standard","meta":{"footnotes":""},"categories":[14],"tags":[112,166,443,809,817,1041,605,340,135,523,243,275,930,344,301,512],"class_list":["post-10335","post","type-post","status-publish","format-standard","has-post-thumbnail","hentry","category-aktualnosci","tag-gaj","tag-osiedle-gaj","tag-park","tag-plac-zabaw","tag-podworko","tag-popierane-przez-rade-osiedla-gaj","tag-projekt","tag-projekty","tag-rada-osiedla-gaj","tag-rowery","tag-sciezka-rowerowa","tag-wbo","tag-wbo-2018","tag-wroclawski-budzet-obywatelski","tag-wzgorze-gajowe","tag-zielen"],"_links":{"self":[{"href":"https:\/\/online.tvk-gaj.pl\/index.php?rest_route=\/wp\/v2\/posts\/10335","targetHints":{"allow":["GET"]}}],"collection":[{"href":"https:\/\/online.tvk-gaj.pl\/index.php?rest_route=\/wp\/v2\/posts"}],"about":[{"href":"https:\/\/online.tvk-gaj.pl\/index.php?rest_route=\/wp\/v2\/types\/post"}],"author":[{"embeddable":true,"href":"https:\/\/online.tvk-gaj.pl\/index.php?rest_route=\/wp\/v2\/users\/1"}],"replies":[{"embeddable":true,"href":"https:\/\/online.tvk-gaj.pl\/index.php?rest_route=%2Fwp%2Fv2%2Fcomments&post=10335"}],"version-history":[{"count":8,"href":"https:\/\/online.tvk-gaj.pl\/index.php?rest_route=\/wp\/v2\/posts\/10335\/revisions"}],"predecessor-version":[{"id":10349,"href":"https:\/\/online.tvk-gaj.pl\/index.php?rest_route=\/wp\/v2\/posts\/10335\/revisions\/10349"}],"wp:featuredmedia":[{"embeddable":true,"href":"https:\/\/online.tvk-gaj.pl\/index.php?rest_route=\/wp\/v2\/media\/10337"}],"wp:attachment":[{"href":"https:\/\/online.tvk-gaj.pl\/index.php?rest_route=%2Fwp%2Fv2%2Fmedia&parent=10335"}],"wp:term":[{"taxonomy":"category","embeddable":true,"href":"https:\/\/online.tvk-gaj.pl\/index.php?rest_route=%2Fwp%2Fv2%2Fcategories&post=10335"},{"taxonomy":"post_tag","embeddable":true,"href":"https:\/\/online.tvk-gaj.pl\/index.php?rest_route=%2Fwp%2Fv2%2Ftags&post=10335"}],"curies":[{"name":"wp","href":"https:\/\/api.w.org\/{rel}","templated":true}]}}