{"id":10350,"date":"2018-10-05T20:29:54","date_gmt":"2018-10-05T18:29:54","guid":{"rendered":"http:\/\/www.tvk-gaj.pl\/~gajonline\/?p=10350"},"modified":"2018-10-03T20:51:19","modified_gmt":"2018-10-03T18:51:19","slug":"wiecej-zieleni-na-gaju-przybedzie-nowych-drzew","status":"publish","type":"post","link":"https:\/\/online.tvk-gaj.pl\/?p=10350","title":{"rendered":"Wi\u0119cej zieleni na Gaju! Przyb\u0119dzie nowych drzew!"},"content":{"rendered":"<p>W zwi\u0105zku z nadchodz\u0105cymi obchodami setnej rocznicy odzyskania przez Polsk\u0119 niepodleg\u0142o\u015bci wroc\u0142awski magistrat zaplanowa\u0142 posadzenie przy 100 wroc\u0142awskich ulicach ponad 600 drzew i 37 tysi\u0119cy krzew\u00f3w. Cz\u0119\u015b\u0107 z nich posadzona zostanie na Gaju.&nbsp;<!--more--><\/p>\n<p>Jeszcze tej jesieni ruszy\u0107 maj\u0105 nasadzenia drzew i krzew\u00f3w, kt\u00f3re symbolicznie maj\u0105 uczci\u0107 100 lat niepodleg\u0142o\u015bci Polski. Lokalizacje nasadze\u0144 wybrali mieszka\u0144cy Wroc\u0142awia w g\u0142osowaniu, kt\u00f3re trwa\u0142o w okresie wakacyjnym. Ostatecznie wybrano 100 ulic i 10 skwer\u00f3w, w tym kilka na osiedlu Gaj.<\/p>\n<p>&nbsp;<\/p>\n<p><a href=\"http:\/\/www.tvk-gaj.pl\/~gajonline\/wp-content\/uploads\/2018\/05\/2018-04-25-15.44.162.jpg\"><img loading=\"lazy\" decoding=\"async\" class=\"aligncenter wp-image-10064 size-large\" src=\"http:\/\/www.tvk-gaj.pl\/~gajonline\/wp-content\/uploads\/2018\/05\/2018-04-25-15.44.162-1024x623.jpg\" alt=\"\" width=\"838\" height=\"510\" srcset=\"https:\/\/online.tvk-gaj.pl\/wp-content\/uploads\/2018\/05\/2018-04-25-15.44.162-1024x623.jpg 1024w, https:\/\/online.tvk-gaj.pl\/wp-content\/uploads\/2018\/05\/2018-04-25-15.44.162-300x182.jpg 300w, https:\/\/online.tvk-gaj.pl\/wp-content\/uploads\/2018\/05\/2018-04-25-15.44.162-768x467.jpg 768w\" sizes=\"auto, (max-width: 838px) 100vw, 838px\" \/><\/a><\/p>\n<p>&nbsp;<\/p>\n<p>Je\u017celi chodzi o gatunki to przedstawiciele miasta wskazuj\u0105 na lipy, d\u0119by, klony oraz jawory.&nbsp; Wszystkie drzewa maj\u0105 zosta\u0107 obj\u0119te 3 letni\u0105 gwarancj\u0105.<\/p>\n<p>&nbsp;<\/p>\n<div id=\"attachment_10354\" style=\"width: 856px\" class=\"wp-caption aligncenter\"><a href=\"http:\/\/www.tvk-gaj.pl\/~gajonline\/wp-content\/uploads\/2018\/10\/drzewa100lecie.png\"><img loading=\"lazy\" decoding=\"async\" aria-describedby=\"caption-attachment-10354\" class=\"wp-image-10354 size-full\" src=\"http:\/\/www.tvk-gaj.pl\/~gajonline\/wp-content\/uploads\/2018\/10\/drzewa100lecie.png\" alt=\"Mapa pochodzi z serwisu internetowego Wroc\u0142awia - www.wroclaw.pl\" width=\"846\" height=\"511\" srcset=\"https:\/\/online.tvk-gaj.pl\/wp-content\/uploads\/2018\/10\/drzewa100lecie.png 846w, https:\/\/online.tvk-gaj.pl\/wp-content\/uploads\/2018\/10\/drzewa100lecie-300x181.png 300w, https:\/\/online.tvk-gaj.pl\/wp-content\/uploads\/2018\/10\/drzewa100lecie-768x464.png 768w\" sizes=\"auto, (max-width: 846px) 100vw, 846px\" \/><\/a><p id=\"caption-attachment-10354\" class=\"wp-caption-text\">Mapa pochodzi z serwisu internetowego Wroc\u0142awia &#8211; www.wroclaw.pl<\/p><\/div>\n<p>&nbsp;<\/p>\n<p><strong>Oto lokalizacj\u0119 nasadze\u0144 nowych drzew i krzew\u00f3w na naszym osiedlu:<\/strong><\/p>\n<p>Ul. Brzoskwiniowa &#8211; krzewy w ilo\u015bci 150 sztuk.<br \/>\nUl. Stro\u0144ska &#8211; drzewa w ilo\u015bci 3 sztuk.<br \/>\nUl. \u015awieradowska &#8211; drzewa w ilo\u015bci 10 sztuk.<\/p>\n<p>Wed\u0142ug zapewnie\u0144 Zieleni Miejskiej nasadzenia maj\u0105 odby\u0107 si\u0119 jeszcze tej jesieni. Natomiast je\u015bli ze wzgl\u0119d\u00f3w pogodowych nie uda si\u0119 zasadzi\u0107 wszystkich drzew i krzak\u00f3w to pozosta\u0142a cze\u015b\u0107 doko\u0144czona zostanie wiosn\u0105 przysz\u0142ego roku.<\/p>\n<p>&nbsp;<\/p>\n","protected":false},"excerpt":{"rendered":"<p>W zwi\u0105zku z nadchodz\u0105cymi obchodami setnej rocznicy odzyskania przez Polsk\u0119 niepodleg\u0142o\u015bci wroc\u0142awski magistrat zaplanowa\u0142 posadzenie przy 100 wroc\u0142awskich ulicach ponad 600 drzew i 37 tysi\u0119cy krzew\u00f3w. Cz\u0119\u015b\u0107 z nich posadzona zostanie na Gaju.&nbsp;<\/p>\n","protected":false},"author":1,"featured_media":10066,"comment_status":"open","ping_status":"open","sticky":false,"template":"","format":"standard","meta":{"footnotes":""},"categories":[14,12],"tags":[869,532,112,1042,1043,135,117,165,512],"class_list":["post-10350","post","type-post","status-publish","format-standard","has-post-thumbnail","hentry","category-aktualnosci","category-artykuly","tag-brzoskwiniowa","tag-drzewa","tag-gaj","tag-krzewy","tag-nowe-drzewa","tag-rada-osiedla-gaj","tag-swieradowska","tag-wroclaw","tag-zielen"],"_links":{"self":[{"href":"https:\/\/online.tvk-gaj.pl\/index.php?rest_route=\/wp\/v2\/posts\/10350","targetHints":{"allow":["GET"]}}],"collection":[{"href":"https:\/\/online.tvk-gaj.pl\/index.php?rest_route=\/wp\/v2\/posts"}],"about":[{"href":"https:\/\/online.tvk-gaj.pl\/index.php?rest_route=\/wp\/v2\/types\/post"}],"author":[{"embeddable":true,"href":"https:\/\/online.tvk-gaj.pl\/index.php?rest_route=\/wp\/v2\/users\/1"}],"replies":[{"embeddable":true,"href":"https:\/\/online.tvk-gaj.pl\/index.php?rest_route=%2Fwp%2Fv2%2Fcomments&post=10350"}],"version-history":[{"count":5,"href":"https:\/\/online.tvk-gaj.pl\/index.php?rest_route=\/wp\/v2\/posts\/10350\/revisions"}],"predecessor-version":[{"id":10356,"href":"https:\/\/online.tvk-gaj.pl\/index.php?rest_route=\/wp\/v2\/posts\/10350\/revisions\/10356"}],"wp:featuredmedia":[{"embeddable":true,"href":"https:\/\/online.tvk-gaj.pl\/index.php?rest_route=\/wp\/v2\/media\/10066"}],"wp:attachment":[{"href":"https:\/\/online.tvk-gaj.pl\/index.php?rest_route=%2Fwp%2Fv2%2Fmedia&parent=10350"}],"wp:term":[{"taxonomy":"category","embeddable":true,"href":"https:\/\/online.tvk-gaj.pl\/index.php?rest_route=%2Fwp%2Fv2%2Fcategories&post=10350"},{"taxonomy":"post_tag","embeddable":true,"href":"https:\/\/online.tvk-gaj.pl\/index.php?rest_route=%2Fwp%2Fv2%2Ftags&post=10350"}],"curies":[{"name":"wp","href":"https:\/\/api.w.org\/{rel}","templated":true}]}}