{"id":10479,"date":"2018-10-16T11:20:14","date_gmt":"2018-10-16T09:20:14","guid":{"rendered":"http:\/\/www.tvk-gaj.pl\/~gajonline\/?p=10479"},"modified":"2018-12-10T19:06:58","modified_gmt":"2018-12-10T18:06:58","slug":"seniorzy-z-gaju-zwiedzaja-dolny-slask","status":"publish","type":"post","link":"https:\/\/online.tvk-gaj.pl\/?p=10479","title":{"rendered":"Seniorzy z Gaju zwiedzaj\u0105 Dolny \u015al\u0105sk"},"content":{"rendered":"<p>Zapraszamy do obszernej fotorelacji z wycieczki senior\u00f3w z Gaju do pere\u0142 Dolnego \u015al\u0105ska &#8211; Opactwa cysters\u00f3w w Henrykowie oraz Jaskini Nied\u017awiedziej i L\u0105dka Zdr\u00f3j.&nbsp;<!--more--><\/p>\n<p>&nbsp;<\/p>\n<p><a href=\"http:\/\/www.tvk-gaj.pl\/~gajonline\/wp-content\/uploads\/2018\/10\/Hewesville-invites-you-to.jpg\"><img loading=\"lazy\" decoding=\"async\" class=\"aligncenter wp-image-10535 size-large\" src=\"http:\/\/www.tvk-gaj.pl\/~gajonline\/wp-content\/uploads\/2018\/10\/Hewesville-invites-you-to-724x1024.jpg\" alt=\"\" width=\"724\" height=\"1024\" srcset=\"https:\/\/online.tvk-gaj.pl\/wp-content\/uploads\/2018\/10\/Hewesville-invites-you-to-724x1024.jpg 724w, https:\/\/online.tvk-gaj.pl\/wp-content\/uploads\/2018\/10\/Hewesville-invites-you-to-212x300.jpg 212w, https:\/\/online.tvk-gaj.pl\/wp-content\/uploads\/2018\/10\/Hewesville-invites-you-to-768x1086.jpg 768w, https:\/\/online.tvk-gaj.pl\/wp-content\/uploads\/2018\/10\/Hewesville-invites-you-to.jpg 1587w\" sizes=\"auto, (max-width: 724px) 100vw, 724px\" \/><\/a><\/p>\n<p>&nbsp;<\/p>\n<p>Wycieczka odby\u0142a si\u0119 w sobot\u0119, 6 pa\u017adziernika. W zorganizowanym przez Rad\u0119 Osiedla Gaj wyje\u017adzie uczestniczyli seniorzy z Klubu Seniora na Gaju,&nbsp;Zwi\u0105zku Emeryt\u00f3w i Rencist\u00f3w oraz Zwi\u0105zku \u017bo\u0142nierzy Wojska Polskiego &#8211; ko\u0142a z Gaju.&nbsp;<\/p>\n<p>&nbsp;<\/p>\n<p><a href=\"http:\/\/www.tvk-gaj.pl\/~gajonline\/wp-content\/uploads\/2018\/10\/IMG_20181006_081209.jpg\"><img loading=\"lazy\" decoding=\"async\" class=\"aligncenter wp-image-10487 size-large\" src=\"http:\/\/www.tvk-gaj.pl\/~gajonline\/wp-content\/uploads\/2018\/10\/IMG_20181006_081209-1024x768.jpg\" alt=\"\" width=\"838\" height=\"629\" srcset=\"https:\/\/online.tvk-gaj.pl\/wp-content\/uploads\/2018\/10\/IMG_20181006_081209-1024x768.jpg 1024w, https:\/\/online.tvk-gaj.pl\/wp-content\/uploads\/2018\/10\/IMG_20181006_081209-300x225.jpg 300w, https:\/\/online.tvk-gaj.pl\/wp-content\/uploads\/2018\/10\/IMG_20181006_081209-768x576.jpg 768w\" sizes=\"auto, (max-width: 838px) 100vw, 838px\" \/><\/a><\/p>\n<p>&nbsp;<\/p>\n<p>Autokar z seniorami wyjecha\u0142 spod Szko\u0142y Podstawowej Nr 90 przy ul. Orzechowej oko\u0142o godziny 8 rano.&nbsp;&nbsp;Pogoda dopisa\u0142a, a plan by\u0142 napi\u0119ty.<\/p>\n<p>&nbsp;<\/p>\n<p><a href=\"http:\/\/www.tvk-gaj.pl\/~gajonline\/wp-content\/uploads\/2018\/10\/IMG_20181006_093430.jpg\"><img loading=\"lazy\" decoding=\"async\" class=\"aligncenter wp-image-10480 size-large\" src=\"http:\/\/www.tvk-gaj.pl\/~gajonline\/wp-content\/uploads\/2018\/10\/IMG_20181006_093430-1024x440.jpg\" alt=\"\" width=\"838\" height=\"360\" srcset=\"https:\/\/online.tvk-gaj.pl\/wp-content\/uploads\/2018\/10\/IMG_20181006_093430-1024x440.jpg 1024w, https:\/\/online.tvk-gaj.pl\/wp-content\/uploads\/2018\/10\/IMG_20181006_093430-300x129.jpg 300w, https:\/\/online.tvk-gaj.pl\/wp-content\/uploads\/2018\/10\/IMG_20181006_093430-768x330.jpg 768w\" sizes=\"auto, (max-width: 838px) 100vw, 838px\" \/><\/a><\/p>\n<p>&nbsp;<\/p>\n<p>Najpierw autokar zawi\u00f3z\u0142 uczestnik\u00f3w wycieczki do Opactwa Cysters\u00f3w w Henrykowie, gdzie wraz z przewodnikiem odby\u0142o si\u0119 zwiedzanie kompleksu.<\/p>\n<p>&nbsp;<\/p>\n<p><a href=\"http:\/\/www.tvk-gaj.pl\/~gajonline\/wp-content\/uploads\/2018\/10\/IMG_20181006_125339.jpg\"><img loading=\"lazy\" decoding=\"async\" class=\"aligncenter wp-image-10484 size-large\" src=\"http:\/\/www.tvk-gaj.pl\/~gajonline\/wp-content\/uploads\/2018\/10\/IMG_20181006_125339-1024x768.jpg\" alt=\"\" width=\"838\" height=\"629\" srcset=\"https:\/\/online.tvk-gaj.pl\/wp-content\/uploads\/2018\/10\/IMG_20181006_125339-1024x768.jpg 1024w, https:\/\/online.tvk-gaj.pl\/wp-content\/uploads\/2018\/10\/IMG_20181006_125339-300x225.jpg 300w, https:\/\/online.tvk-gaj.pl\/wp-content\/uploads\/2018\/10\/IMG_20181006_125339-768x576.jpg 768w\" sizes=\"auto, (max-width: 838px) 100vw, 838px\" \/><\/a><\/p>\n<p>&nbsp;<\/p>\n<p>Nast\u0119pny w programie by\u0142 obiad w K\u0142odzku. Po nim odby\u0142o si\u0119 zwiedzanie Jaskini Nied\u017awiedziej w Kletnie oraz kr\u00f3tki spacer po okolicy.<\/p>\n<p>&nbsp;<\/p>\n<p><a href=\"http:\/\/www.tvk-gaj.pl\/~gajonline\/wp-content\/uploads\/2018\/10\/IMG_20181006_143714.jpg\"><img loading=\"lazy\" decoding=\"async\" class=\"aligncenter wp-image-10485 size-large\" src=\"http:\/\/www.tvk-gaj.pl\/~gajonline\/wp-content\/uploads\/2018\/10\/IMG_20181006_143714-1024x768.jpg\" alt=\"\" width=\"838\" height=\"629\" srcset=\"https:\/\/online.tvk-gaj.pl\/wp-content\/uploads\/2018\/10\/IMG_20181006_143714-1024x768.jpg 1024w, https:\/\/online.tvk-gaj.pl\/wp-content\/uploads\/2018\/10\/IMG_20181006_143714-300x225.jpg 300w, https:\/\/online.tvk-gaj.pl\/wp-content\/uploads\/2018\/10\/IMG_20181006_143714-768x576.jpg 768w\" sizes=\"auto, (max-width: 838px) 100vw, 838px\" \/><\/a><\/p>\n<p>&nbsp;<\/p>\n<p><a href=\"http:\/\/www.tvk-gaj.pl\/~gajonline\/wp-content\/uploads\/2018\/10\/IMG_20181006_170502.jpg\"><img loading=\"lazy\" decoding=\"async\" class=\"aligncenter wp-image-10486 size-large\" src=\"http:\/\/www.tvk-gaj.pl\/~gajonline\/wp-content\/uploads\/2018\/10\/IMG_20181006_170502-768x1024.jpg\" alt=\"\" width=\"768\" height=\"1024\" srcset=\"https:\/\/online.tvk-gaj.pl\/wp-content\/uploads\/2018\/10\/IMG_20181006_170502-768x1024.jpg 768w, https:\/\/online.tvk-gaj.pl\/wp-content\/uploads\/2018\/10\/IMG_20181006_170502-225x300.jpg 225w, https:\/\/online.tvk-gaj.pl\/wp-content\/uploads\/2018\/10\/IMG_20181006_170502.jpg 1728w\" sizes=\"auto, (max-width: 768px) 100vw, 768px\" \/><\/a><\/p>\n<p>&nbsp;<\/p>\n<p>Wieczorem za\u015b uczestnicy wyjazdu integrowali si\u0119 przy ognisku w L\u0105dku Zdr\u00f3j.&nbsp;<\/p>\n<p>&nbsp;<\/p>\n<p><a href=\"http:\/\/www.tvk-gaj.pl\/~gajonline\/wp-content\/uploads\/2018\/10\/IMG_20181006_182230.jpg\"><img loading=\"lazy\" decoding=\"async\" class=\"aligncenter wp-image-10493 size-large\" src=\"http:\/\/www.tvk-gaj.pl\/~gajonline\/wp-content\/uploads\/2018\/10\/IMG_20181006_182230-1024x768.jpg\" alt=\"\" width=\"838\" height=\"629\" srcset=\"https:\/\/online.tvk-gaj.pl\/wp-content\/uploads\/2018\/10\/IMG_20181006_182230-1024x768.jpg 1024w, https:\/\/online.tvk-gaj.pl\/wp-content\/uploads\/2018\/10\/IMG_20181006_182230-300x225.jpg 300w, https:\/\/online.tvk-gaj.pl\/wp-content\/uploads\/2018\/10\/IMG_20181006_182230-768x576.jpg 768w\" sizes=\"auto, (max-width: 838px) 100vw, 838px\" \/><\/a><\/p>\n<p>&nbsp;<\/p>\n<p>Wyjazd zosta\u0142 ca\u0142kowicie sfinansowany z \u015brodk\u00f3w Rady Osiedla Gaj. Wyjazd do nie tylko zwiedzanie pi\u0119knych miejsc naszego rejonu, ale przede wszystkim szansa na aktywizacj\u0119 i integracj\u0119 starszych mieszka\u0144c\u00f3w osiedla.&nbsp;<\/p>\n<p>&nbsp;<\/p>\n<p><strong>GALERIA ZDJ\u0118\u0106<\/strong><\/p>\n<p>[ngg src=&#8221;galleries&#8221; ids=&#8221;97&#8243; display=&#8221;basic_thumbnail&#8221;]<\/p>\n<p>&nbsp;<\/p>\n","protected":false},"excerpt":{"rendered":"<p>Zapraszamy do obszernej fotorelacji z wycieczki senior\u00f3w z Gaju do pere\u0142 Dolnego \u015al\u0105ska &#8211; Opactwa cysters\u00f3w w Henrykowie oraz Jaskini Nied\u017awiedziej i L\u0105dka Zdr\u00f3j.&nbsp;<\/p>\n","protected":false},"author":1,"featured_media":10482,"comment_status":"open","ping_status":"open","sticky":false,"template":"","format":"standard","meta":{"footnotes":""},"categories":[14,12,441],"tags":[1052,112,1045,1046,421,1050,1047,1048,135,152,810,1044,1053,650,1051,1049],"class_list":["post-10479","post","type-post","status-publish","format-standard","has-post-thumbnail","hentry","category-aktualnosci","category-artykuly","category-klub","tag-emeryci","tag-gaj","tag-henrykow","tag-jaskinia-niedzwiedzia","tag-klub-seniora-na-gaju","tag-kolo-gaj","tag-klodzko","tag-ladek-zdroj","tag-rada-osiedla-gaj","tag-seniorzy","tag-seniorzy-z-gaju","tag-wycieczka","tag-wycieczka-z-gaju","tag-zdjecia","tag-zolnierze","tag-zwiazek-emerytow-i-rencistow"],"_links":{"self":[{"href":"https:\/\/online.tvk-gaj.pl\/index.php?rest_route=\/wp\/v2\/posts\/10479","targetHints":{"allow":["GET"]}}],"collection":[{"href":"https:\/\/online.tvk-gaj.pl\/index.php?rest_route=\/wp\/v2\/posts"}],"about":[{"href":"https:\/\/online.tvk-gaj.pl\/index.php?rest_route=\/wp\/v2\/types\/post"}],"author":[{"embeddable":true,"href":"https:\/\/online.tvk-gaj.pl\/index.php?rest_route=\/wp\/v2\/users\/1"}],"replies":[{"embeddable":true,"href":"https:\/\/online.tvk-gaj.pl\/index.php?rest_route=%2Fwp%2Fv2%2Fcomments&post=10479"}],"version-history":[{"count":7,"href":"https:\/\/online.tvk-gaj.pl\/index.php?rest_route=\/wp\/v2\/posts\/10479\/revisions"}],"predecessor-version":[{"id":10536,"href":"https:\/\/online.tvk-gaj.pl\/index.php?rest_route=\/wp\/v2\/posts\/10479\/revisions\/10536"}],"wp:featuredmedia":[{"embeddable":true,"href":"https:\/\/online.tvk-gaj.pl\/index.php?rest_route=\/wp\/v2\/media\/10482"}],"wp:attachment":[{"href":"https:\/\/online.tvk-gaj.pl\/index.php?rest_route=%2Fwp%2Fv2%2Fmedia&parent=10479"}],"wp:term":[{"taxonomy":"category","embeddable":true,"href":"https:\/\/online.tvk-gaj.pl\/index.php?rest_route=%2Fwp%2Fv2%2Fcategories&post=10479"},{"taxonomy":"post_tag","embeddable":true,"href":"https:\/\/online.tvk-gaj.pl\/index.php?rest_route=%2Fwp%2Fv2%2Ftags&post=10479"}],"curies":[{"name":"wp","href":"https:\/\/api.w.org\/{rel}","templated":true}]}}