{"id":10538,"date":"2018-10-26T17:26:25","date_gmt":"2018-10-26T15:26:25","guid":{"rendered":"http:\/\/www.tvk-gaj.pl\/~gajonline\/?p=10538"},"modified":"2018-10-26T20:24:12","modified_gmt":"2018-10-26T18:24:12","slug":"nowy-maly-wielki-chodnik","status":"publish","type":"post","link":"https:\/\/online.tvk-gaj.pl\/?p=10538","title":{"rendered":"Nowy ma\u0142y, wielki chodnik"},"content":{"rendered":"<div class=\"v_krnq8thby f_krnq8p-5z clearfix\">\n<div class=\"clearfix b_krnq8tj4d\">\n<div class=\"clearfix _42ef\">\n<div class=\"e_krnq8tj4i\">\n<div>\n<div class=\"_6a _5u5j\">\n<div class=\"_6a _5u5j _6b\">\n<div id=\"feed_subtitle_138667132830823:9024936969880745271\" class=\"_5pcp _5lel _2jyu _232_\" data-testid=\"story-subtitle\">Drobna, ale potrzebna inwestycja infrastrukturalna rozpocz\u0119\u0142a si\u0119 przy Centrum Handlowym Ferio Gaj. Na po\u0142udnie od centrum handlowego (tu\u017c przy osiedlu Archicomu) powstanie nowy chodnik.&nbsp;<\/div>\n<\/div>\n<\/div>\n<\/div>\n<\/div>\n<\/div>\n<\/div>\n<\/div>\n<p><!--more--><\/p>\n<p>&nbsp;<\/p>\n<p>Obecnie trwaj\u0105 prace budowlane, tak\u017ce ju\u017c niebawem chodnik powinien s\u0142u\u017cy\u0107 mieszka\u0144com po\u0142udniowej cz\u0119\u015bci Gaju szukaj\u0105cych skr\u00f3tu w drodze mi\u0119dzy domem a centrum handlowym.&nbsp;<\/p>\n<p>&nbsp;<\/p>\n<p><a href=\"http:\/\/www.tvk-gaj.pl\/~gajonline\/wp-content\/uploads\/2018\/10\/44756306_2098052103558973_5864963926441066496_o.jpg\"><img loading=\"lazy\" decoding=\"async\" class=\"aligncenter wp-image-10539 size-large\" src=\"http:\/\/www.tvk-gaj.pl\/~gajonline\/wp-content\/uploads\/2018\/10\/44756306_2098052103558973_5864963926441066496_o-1024x768.jpg\" alt=\"\" width=\"838\" height=\"629\" srcset=\"https:\/\/online.tvk-gaj.pl\/wp-content\/uploads\/2018\/10\/44756306_2098052103558973_5864963926441066496_o-1024x768.jpg 1024w, https:\/\/online.tvk-gaj.pl\/wp-content\/uploads\/2018\/10\/44756306_2098052103558973_5864963926441066496_o-300x225.jpg 300w, https:\/\/online.tvk-gaj.pl\/wp-content\/uploads\/2018\/10\/44756306_2098052103558973_5864963926441066496_o-768x576.jpg 768w, https:\/\/online.tvk-gaj.pl\/wp-content\/uploads\/2018\/10\/44756306_2098052103558973_5864963926441066496_o.jpg 2048w\" sizes=\"auto, (max-width: 838px) 100vw, 838px\" \/><\/a><\/p>\n<p>&nbsp;<\/p>\n<p><a href=\"http:\/\/www.tvk-gaj.pl\/~gajonline\/wp-content\/uploads\/2018\/10\/44816330_2098052216892295_908958660590305280_n.jpg\"><img loading=\"lazy\" decoding=\"async\" class=\"aligncenter wp-image-10540\" src=\"http:\/\/www.tvk-gaj.pl\/~gajonline\/wp-content\/uploads\/2018\/10\/44816330_2098052216892295_908958660590305280_n.jpg\" alt=\"\" width=\"838\" height=\"629\" srcset=\"https:\/\/online.tvk-gaj.pl\/wp-content\/uploads\/2018\/10\/44816330_2098052216892295_908958660590305280_n.jpg 960w, https:\/\/online.tvk-gaj.pl\/wp-content\/uploads\/2018\/10\/44816330_2098052216892295_908958660590305280_n-300x225.jpg 300w, https:\/\/online.tvk-gaj.pl\/wp-content\/uploads\/2018\/10\/44816330_2098052216892295_908958660590305280_n-768x576.jpg 768w\" sizes=\"auto, (max-width: 838px) 100vw, 838px\" \/><\/a><\/p>\n<p>&nbsp;<\/p>\n<p>Inwestycja cho\u0107 zdecydowanie niezbyt imponuj\u0105ca rozmachem zosta\u0142a jednak ciep\u0142o przyj\u0119ta w dyskusji na naszym profilu spo\u0142eczno\u015bciowym. Chcia\u0142oby si\u0119 spuentowa\u0107 &#8211; ma\u0142a rzecz, a cieszy.<\/p>\n<p>&nbsp;<\/p>\n","protected":false},"excerpt":{"rendered":"<p>Drobna, ale potrzebna inwestycja infrastrukturalna rozpocz\u0119\u0142a si\u0119 przy Centrum Handlowym Ferio Gaj. Na po\u0142udnie od centrum handlowego (tu\u017c przy osiedlu Archicomu) powstanie nowy chodnik.&nbsp;<\/p>\n","protected":false},"author":1,"featured_media":10539,"comment_status":"open","ping_status":"open","sticky":false,"template":"","format":"standard","meta":{"footnotes":""},"categories":[14],"tags":[158,212,406,131,112,200,868,420],"class_list":["post-10538","post","type-post","status-publish","format-standard","has-post-thumbnail","hentry","category-aktualnosci","tag-budowa","tag-centrum-handlowe-ferio-gaj","tag-chodnik","tag-ferio-gaj","tag-gaj","tag-piesi","tag-poludnie","tag-sciezka"],"_links":{"self":[{"href":"https:\/\/online.tvk-gaj.pl\/index.php?rest_route=\/wp\/v2\/posts\/10538","targetHints":{"allow":["GET"]}}],"collection":[{"href":"https:\/\/online.tvk-gaj.pl\/index.php?rest_route=\/wp\/v2\/posts"}],"about":[{"href":"https:\/\/online.tvk-gaj.pl\/index.php?rest_route=\/wp\/v2\/types\/post"}],"author":[{"embeddable":true,"href":"https:\/\/online.tvk-gaj.pl\/index.php?rest_route=\/wp\/v2\/users\/1"}],"replies":[{"embeddable":true,"href":"https:\/\/online.tvk-gaj.pl\/index.php?rest_route=%2Fwp%2Fv2%2Fcomments&post=10538"}],"version-history":[{"count":4,"href":"https:\/\/online.tvk-gaj.pl\/index.php?rest_route=\/wp\/v2\/posts\/10538\/revisions"}],"predecessor-version":[{"id":10544,"href":"https:\/\/online.tvk-gaj.pl\/index.php?rest_route=\/wp\/v2\/posts\/10538\/revisions\/10544"}],"wp:featuredmedia":[{"embeddable":true,"href":"https:\/\/online.tvk-gaj.pl\/index.php?rest_route=\/wp\/v2\/media\/10539"}],"wp:attachment":[{"href":"https:\/\/online.tvk-gaj.pl\/index.php?rest_route=%2Fwp%2Fv2%2Fmedia&parent=10538"}],"wp:term":[{"taxonomy":"category","embeddable":true,"href":"https:\/\/online.tvk-gaj.pl\/index.php?rest_route=%2Fwp%2Fv2%2Fcategories&post=10538"},{"taxonomy":"post_tag","embeddable":true,"href":"https:\/\/online.tvk-gaj.pl\/index.php?rest_route=%2Fwp%2Fv2%2Ftags&post=10538"}],"curies":[{"name":"wp","href":"https:\/\/api.w.org\/{rel}","templated":true}]}}