{"id":10545,"date":"2018-10-30T21:16:27","date_gmt":"2018-10-30T20:16:27","guid":{"rendered":"http:\/\/www.tvk-gaj.pl\/~gajonline\/?p=10545"},"modified":"2018-12-01T09:30:14","modified_gmt":"2018-12-01T08:30:14","slug":"wszystkich-swietych-zmiany-w-komunikacji-na-osiedlu-3","status":"publish","type":"post","link":"https:\/\/online.tvk-gaj.pl\/?p=10545","title":{"rendered":"Wszystkich \u015awi\u0119tych &#8211; zmiany w komunikacji na osiedlu"},"content":{"rendered":"<p>Przedstawiamy szczeg\u00f3\u0142y zmian w organizacji ruchu i komunikacji miejskiej zwi\u0105zanych z obchodami \u015awi\u0119ta Wszystkich \u015awi\u0119tych. Prezentujemy informacje istotne dla mieszka\u0144c\u00f3w Gaju oraz os\u00f3b odwiedzaj\u0105cych cmentarze przy ul. Bardzkiej i Dzia\u0142kowej.&nbsp;<!--more--><\/p>\n<p>&nbsp;<\/p>\n<p>Na terenie osiedla znajduj\u0105 si\u0119 dwa cmentarze parafialne \u2013 \u015aw. Ducha na ul. Bardziej oraz \u015aw. Maurycego na ul. Dzia\u0142kowej (pod kt\u00f3ry podlega te\u017c Parafia \u015aw. Franciszka z Asy\u017cu z ul Borowskiej).<\/p>\n<p>&nbsp;<\/p>\n<h2><strong>Cmentarz Parafialny Ducha \u015awi\u0119tego przy ul. Bardzkiej<\/strong><\/h2>\n<p>&nbsp;<\/p>\n<p><a href=\"http:\/\/www.tvk-gaj.pl\/~gajonline\/wp-content\/uploads\/2015\/10\/cmentarz-przy-bardzkiej.jpg\"><img loading=\"lazy\" decoding=\"async\" class=\"aligncenter wp-image-5148\" src=\"http:\/\/www.tvk-gaj.pl\/~gajonline\/wp-content\/uploads\/2015\/10\/cmentarz-przy-bardzkiej.jpg\" alt=\"cmentarz-przy-bardzkiej\" width=\"838\" height=\"558\" srcset=\"https:\/\/online.tvk-gaj.pl\/wp-content\/uploads\/2015\/10\/cmentarz-przy-bardzkiej.jpg 626w, https:\/\/online.tvk-gaj.pl\/wp-content\/uploads\/2015\/10\/cmentarz-przy-bardzkiej-300x200.jpg 300w, https:\/\/online.tvk-gaj.pl\/wp-content\/uploads\/2015\/10\/cmentarz-przy-bardzkiej-321x214.jpg 321w, https:\/\/online.tvk-gaj.pl\/wp-content\/uploads\/2015\/10\/cmentarz-przy-bardzkiej-140x94.jpg 140w\" sizes=\"auto, (max-width: 838px) 100vw, 838px\" \/><\/a><\/p>\n<p>&nbsp;<\/p>\n<p><em>Nekropolia nale\u017c\u0105ca obecnie do Parafii Ducha \u015awi\u0119tego z ul. Bardzkiej powsta\u0142 w 1918 roku jako Cmentarz \u015bw. Henryka. Cmentarz zajmuje powierzchni\u0119 ponad 8ha. Nekropolia posiada unikatow\u0105 architektur\u0119 zaprojektowan\u0105 przez wroc\u0142awskiego architekta Theo Effenberger &#8211; znajduj\u0105 si\u0119 tutaj m.in. pomniki wojenne. Na cmentarzu swoje groby ma wielu znanych wroc\u0142awian &#8211; m.in.&nbsp;prof. Stanis\u0142aw To\u0142pa &#8211; botanik, Aleksandra Natalli-\u015awiat &#8211; pos\u0142anka na sejm RP, prof. Karol Jo\u0144ca \u2013 prawnik i historyk, ks. Piotr Nitecki \u2013 profesor Papieskiego Wydzia\u0142u Teologicznego we Wroc\u0142awiu.&nbsp;<\/em><\/p>\n<p>&nbsp;<\/p>\n<p>W obr\u0119bie tej nekropolii zmiany w organizacji ruchu zostan\u0105 wprowadzone wy\u0142\u0105cznie 1 listopada.&nbsp;<\/p>\n<p><strong>PARKOWANIE<\/strong><br \/>\nW rejonie cmentarza zorganizowany zostanie parking p\u0142atny na terenie przy ulicy Buforowej 2.<\/p>\n<p><strong>RUCH DROGOWY<\/strong><br \/>\nNa ul. Morwowej w dniu 1.11 zostanie wprowadzony jeden kierunek ruchu pojazd\u00f3w &#8211; od ul. Bardzkiej do ul. Tarnogajskiej.<\/p>\n<p><strong>KOMUNIKACJA MIEJSKA<\/strong><br \/>\nNa cmentarz dojecha\u0107 mo\u017cna autobusami linii 125, 133, 134, 136, 145, 146 oraz specjalnymi liniami tramwajowymi i autobusowymi: E8, 334,&nbsp;<\/p>\n<p>&nbsp;<\/p>\n<p>&nbsp;<\/p>\n<p><a href=\"http:\/\/www.tvk-gaj.pl\/~gajonline\/wp-content\/uploads\/2018\/10\/5bd6c62169178_o.jpg\"><img loading=\"lazy\" decoding=\"async\" class=\"aligncenter wp-image-10546 size-full\" src=\"http:\/\/www.tvk-gaj.pl\/~gajonline\/wp-content\/uploads\/2018\/10\/5bd6c62169178_o.jpg\" alt=\"\" width=\"1000\" height=\"720\" srcset=\"https:\/\/online.tvk-gaj.pl\/wp-content\/uploads\/2018\/10\/5bd6c62169178_o.jpg 1000w, https:\/\/online.tvk-gaj.pl\/wp-content\/uploads\/2018\/10\/5bd6c62169178_o-300x216.jpg 300w, https:\/\/online.tvk-gaj.pl\/wp-content\/uploads\/2018\/10\/5bd6c62169178_o-768x553.jpg 768w, https:\/\/online.tvk-gaj.pl\/wp-content\/uploads\/2018\/10\/5bd6c62169178_o-287x208.jpg 287w\" sizes=\"auto, (max-width: 1000px) 100vw, 1000px\" \/><\/a><\/p>\n<p>&nbsp;<\/p>\n<h2><strong>Cmentarz na Skowroniej G\u00f3rze przy ul. Dzia\u0142kowej<\/strong><\/h2>\n<p>&nbsp;<\/p>\n<p><a href=\"http:\/\/www.tvk-gaj.pl\/~gajonline\/wp-content\/uploads\/2015\/10\/14.jpg\"><img loading=\"lazy\" decoding=\"async\" class=\"size-large wp-image-5150 aligncenter\" src=\"http:\/\/www.tvk-gaj.pl\/~gajonline\/wp-content\/uploads\/2015\/10\/14-1024x768.jpg\" alt=\"OLYMPUS DIGITAL CAMERA\" width=\"838\" height=\"629\" srcset=\"https:\/\/online.tvk-gaj.pl\/wp-content\/uploads\/2015\/10\/14-1024x768.jpg 1024w, https:\/\/online.tvk-gaj.pl\/wp-content\/uploads\/2015\/10\/14-300x225.jpg 300w, https:\/\/online.tvk-gaj.pl\/wp-content\/uploads\/2015\/10\/14.jpg 2048w\" sizes=\"auto, (max-width: 838px) 100vw, 838px\" \/><br \/>\n<\/a><\/p>\n<p><a href=\"http:\/\/www.tvk-gaj.pl\/~gajonline\/wp-content\/uploads\/2013\/10\/2013-10-31-13.25.46.jpg\"><img loading=\"lazy\" decoding=\"async\" class=\"aligncenter size-large wp-image-1724\" src=\"http:\/\/www.tvk-gaj.pl\/~gajonline\/wp-content\/uploads\/2013\/10\/2013-10-31-13.25.46-1024x576.jpg\" alt=\"2013-10-31 13.25.46\" width=\"838\" height=\"471\" srcset=\"https:\/\/online.tvk-gaj.pl\/wp-content\/uploads\/2013\/10\/2013-10-31-13.25.46-1024x576.jpg 1024w, https:\/\/online.tvk-gaj.pl\/wp-content\/uploads\/2013\/10\/2013-10-31-13.25.46-300x168.jpg 300w, https:\/\/online.tvk-gaj.pl\/wp-content\/uploads\/2013\/10\/2013-10-31-13.25.46.jpg 1536w\" sizes=\"auto, (max-width: 838px) 100vw, 838px\" \/><\/a><\/p>\n<p>&nbsp;<\/p>\n<p><em>Cmentarz nazywany potocznie &#8222;Cmentarzem na Skowroniej G\u00f3rze&#8221;&nbsp; znajduje si\u0119 pod zarz\u0105dem parafii rzymskokatolickiej pw. \u015bw. Maurycego we Wroc\u0142awiu. Jest jednak u\u017cytkowany przez Parafi\u0119 \u015awi\u0119tego Franciszka z ul. Borowskiej. Od 1945r. cmentarz wykorzystywany by\u0142 jako miejsce poch\u00f3wku \u017co\u0142nierzy radzieckich. Obecnie cz\u0119\u015b\u0107 nekropolii ma charakter muzeum.&nbsp; Od 1994r. zachodnia cz\u0119\u015b\u0107 cmentarz nadal pe\u0142ni funkcj\u0119 cmentarza parafialnego ko\u015bcio\u0142a \u015bw. Maurycego.<\/em><\/p>\n<p>&nbsp;<\/p>\n<p><strong>PARKOWANIE<\/strong><br \/>\nPrzy cmentarzu 1 listopada Policja wprowadzi zakaz zatrzymywania si\u0119 pojazd\u00f3w.<\/p>\n<p><strong>RUCH DROGOWY<\/strong><br \/>\nNie b\u0119dzie zamian w organizacji ruchu dla cmentarza \u201eSkowronia G\u00f3ra\u201d przy ul. Dzia\u0142kowej.<\/p>\n<p><strong>KOMUNIKACJA MIEJSKA<\/strong><br \/>\nDo cmentarza mo\u017cna dojecha\u0107 autobusami linii 136, 145, 146, K, 112, 113, 612 oraz tramwajami linii 31, 32.<\/p>\n<p>&nbsp;<\/p>\n<h2><strong>Komunikacja miejska w obr\u0119bie Gaju<\/strong><\/h2>\n<p>&nbsp;<\/p>\n<p><a href=\"http:\/\/www.tvk-gaj.pl\/~gajonline\/wp-content\/uploads\/2018\/10\/mapa_autobusy.png\"><img loading=\"lazy\" decoding=\"async\" class=\"aligncenter wp-image-10547 size-full\" src=\"http:\/\/www.tvk-gaj.pl\/~gajonline\/wp-content\/uploads\/2018\/10\/mapa_autobusy.png\" alt=\"\" width=\"800\" height=\"576\" srcset=\"https:\/\/online.tvk-gaj.pl\/wp-content\/uploads\/2018\/10\/mapa_autobusy.png 800w, https:\/\/online.tvk-gaj.pl\/wp-content\/uploads\/2018\/10\/mapa_autobusy-300x216.png 300w, https:\/\/online.tvk-gaj.pl\/wp-content\/uploads\/2018\/10\/mapa_autobusy-768x553.png 768w, https:\/\/online.tvk-gaj.pl\/wp-content\/uploads\/2018\/10\/mapa_autobusy-287x208.png 287w\" sizes=\"auto, (max-width: 800px) 100vw, 800px\" \/><\/a><\/p>\n<p>&nbsp;<\/p>\n<p><a href=\"http:\/\/www.tvk-gaj.pl\/~gajonline\/wp-content\/uploads\/2018\/10\/mapa_tramwaje.png\"><img loading=\"lazy\" decoding=\"async\" class=\"aligncenter wp-image-10548 size-full\" src=\"http:\/\/www.tvk-gaj.pl\/~gajonline\/wp-content\/uploads\/2018\/10\/mapa_tramwaje.png\" alt=\"\" width=\"800\" height=\"576\" srcset=\"https:\/\/online.tvk-gaj.pl\/wp-content\/uploads\/2018\/10\/mapa_tramwaje.png 800w, https:\/\/online.tvk-gaj.pl\/wp-content\/uploads\/2018\/10\/mapa_tramwaje-300x216.png 300w, https:\/\/online.tvk-gaj.pl\/wp-content\/uploads\/2018\/10\/mapa_tramwaje-768x553.png 768w, https:\/\/online.tvk-gaj.pl\/wp-content\/uploads\/2018\/10\/mapa_tramwaje-287x208.png 287w\" sizes=\"auto, (max-width: 800px) 100vw, 800px\" \/><\/a><\/p>\n<p>&nbsp;<\/p>\n<p>Od&nbsp; \u015brody b\u0119d\u0105&nbsp; kursowa\u0142y dodatkowe linie tramwajowe i autobusowe na wroc\u0142awskie nekropolie.&nbsp;<\/p>\n<p>&nbsp;<\/p>\n<p><strong><u>Linia 145<\/u><\/strong><\/p>\n<p>W godzinach 8:00 \u2013 20:00 wszystkie kursy zostan\u0105 przed\u0142u\u017cone w obu kierunkach od skrzy\u017cowania alei Armii Krajowej i ulicy Bardzkiej przez przystanek&nbsp;<strong>Bardzka (Cmentarz)<\/strong>&nbsp;do p\u0119tli na rondzie w Iwinach.<\/p>\n<p><strong><u>Linia 146<\/u><\/strong><\/p>\n<p>W godzinach 8:00 \u2013 20:00 wszystkie kursy zostan\u0105 przed\u0142u\u017cone w obu kierunkach od ulicy \u015awieradowskiej przez przystanek&nbsp;<strong>Bardzka (Cmentarz)<\/strong>&nbsp;do p\u0119tli na rondzie&nbsp;<br \/>\nw Iwinach.<\/p>\n<p><strong><u>Linia E8<\/u><\/strong><\/p>\n<p><strong>Gaj&nbsp;<\/strong>\u2013 \u015awieradowska &#8211; Bardzka \u2013 Hubska \u2013 Gliniana \u2013 Borowska \u2013 Peronowa \u2013 Ko\u0142\u0142\u0105taja \u2013 Skargi \u2013 pl. Dominika\u0144ski \u2013 b\u0142. Czes\u0142awa &#8211; \u015bw. Katarzyny \u2013 Piaskowa \u2013 Grodzka \u2013 most Uniwersytecki \u2013 Dubois &#8211; Pomorska \u2013 pl. Staszica \u2013 Reymonta \u2013 most Osobowicki \u2013 Osobowicka &#8211;&nbsp;<strong>Osobowice<\/strong><\/p>\n<p><strong>Osobowice<\/strong>&nbsp;\u2013 Osobowicka \u2013 most Osobowicki \u2013 Reymonta \u2013 pl. Staszica \u2013 Pomorska \u2013 most Pomorski \u2013 Nowy \u015awiat \u2013 Kazimierza Wielkiego \u2013 Widok \u2013 Teatralna \u2013 Skargi &#8211; Ko\u0142\u0142\u0105taja \u2013 Peronowa \u2013 Borowska \u2013 Gliniana \u2013 Hubska \u2013 Bardzka \u2013 \u015awieradowska &#8211;&nbsp;<strong>Gaj<\/strong><\/p>\n<p>&nbsp;<\/p>\n<p><strong><em>Linie kursuj\u0105 z cz\u0119stotliwo\u015bci\u0105 co 10 minut w godz. 8:00 \u2013 18:00 oraz co 20 minut w godz. 18:00 \u2013 20:00.<\/em><\/strong><\/p>\n<p>&nbsp;<\/p>\n<h6><em>\u0179r\u00f3d\u0142o: www.wroclaw.pl&nbsp;<\/em><\/h6>\n","protected":false},"excerpt":{"rendered":"<p>Przedstawiamy szczeg\u00f3\u0142y zmian w organizacji ruchu i komunikacji miejskiej zwi\u0105zanych z obchodami \u015awi\u0119ta Wszystkich \u015awi\u0119tych. Prezentujemy informacje istotne dla mieszka\u0144c\u00f3w Gaju oraz os\u00f3b odwiedzaj\u0105cych cmentarze przy ul. Bardzkiej i Dzia\u0142kowej.&nbsp;<\/p>\n","protected":false},"author":1,"featured_media":5150,"comment_status":"open","ping_status":"open","sticky":false,"template":"","format":"standard","meta":{"footnotes":""},"categories":[14],"tags":[364,415,197,251,112,122,413,1059,965,964,1057,798,121,1058],"class_list":["post-10545","post","type-post","status-publish","format-standard","has-post-thumbnail","hentry","category-aktualnosci","tag-1-listopada","tag-autobusy","tag-bardzka","tag-dzialkowa","tag-gaj","tag-komunikacja","tag-mpk-wroclaw","tag-skowronia-gora","tag-sw-duch","tag-sw-franciszek","tag-swieto-wszystkich-swietych","tag-swieto-zmarlych","tag-wszystkich-swietych","tag-zmiany-w-komunikacji-miejskiej"],"_links":{"self":[{"href":"https:\/\/online.tvk-gaj.pl\/index.php?rest_route=\/wp\/v2\/posts\/10545","targetHints":{"allow":["GET"]}}],"collection":[{"href":"https:\/\/online.tvk-gaj.pl\/index.php?rest_route=\/wp\/v2\/posts"}],"about":[{"href":"https:\/\/online.tvk-gaj.pl\/index.php?rest_route=\/wp\/v2\/types\/post"}],"author":[{"embeddable":true,"href":"https:\/\/online.tvk-gaj.pl\/index.php?rest_route=\/wp\/v2\/users\/1"}],"replies":[{"embeddable":true,"href":"https:\/\/online.tvk-gaj.pl\/index.php?rest_route=%2Fwp%2Fv2%2Fcomments&post=10545"}],"version-history":[{"count":4,"href":"https:\/\/online.tvk-gaj.pl\/index.php?rest_route=\/wp\/v2\/posts\/10545\/revisions"}],"predecessor-version":[{"id":11688,"href":"https:\/\/online.tvk-gaj.pl\/index.php?rest_route=\/wp\/v2\/posts\/10545\/revisions\/11688"}],"wp:featuredmedia":[{"embeddable":true,"href":"https:\/\/online.tvk-gaj.pl\/index.php?rest_route=\/wp\/v2\/media\/5150"}],"wp:attachment":[{"href":"https:\/\/online.tvk-gaj.pl\/index.php?rest_route=%2Fwp%2Fv2%2Fmedia&parent=10545"}],"wp:term":[{"taxonomy":"category","embeddable":true,"href":"https:\/\/online.tvk-gaj.pl\/index.php?rest_route=%2Fwp%2Fv2%2Fcategories&post=10545"},{"taxonomy":"post_tag","embeddable":true,"href":"https:\/\/online.tvk-gaj.pl\/index.php?rest_route=%2Fwp%2Fv2%2Ftags&post=10545"}],"curies":[{"name":"wp","href":"https:\/\/api.w.org\/{rel}","templated":true}]}}