{"id":10553,"date":"2018-11-07T11:47:34","date_gmt":"2018-11-07T10:47:34","guid":{"rendered":"http:\/\/www.tvk-gaj.pl\/~gajonline\/?p=10553"},"modified":"2018-11-09T17:25:07","modified_gmt":"2018-11-09T16:25:07","slug":"szkola-przy-ul-klodzkiej-otrzyma-imie","status":"publish","type":"post","link":"https:\/\/online.tvk-gaj.pl\/?p=10553","title":{"rendered":"Szko\u0142a przy ul. K\u0142odzkiej otrzyma\u0142a imi\u0119!"},"content":{"rendered":"<p>Znajduj\u0105ca si\u0119 przy ul. K\u0142odzkiej Szko\u0142a Podstawowa Nr 32 otrzyma\u0142a imi\u0119 Stulecia Niepodleg\u0142o\u015bci. Oficjalna uroczysto\u015b\u0107 nadania plac\u00f3wce imienia odby\u0142a si\u0119 8 listopada.&nbsp;<!--more--><\/p>\n<p>&nbsp;<\/p>\n<p><a href=\"http:\/\/www.tvk-gaj.pl\/~gajonline\/wp-content\/uploads\/2017\/12\/cropped-fotaDDA702C0-BFB5-4F18-9E4F-873DCBDBC114.jpg\"><img loading=\"lazy\" decoding=\"async\" class=\"aligncenter wp-image-9743 size-large\" src=\"http:\/\/www.tvk-gaj.pl\/~gajonline\/wp-content\/uploads\/2017\/12\/cropped-fotaDDA702C0-BFB5-4F18-9E4F-873DCBDBC114-1024x283.jpg\" alt=\"\" width=\"838\" height=\"232\" srcset=\"https:\/\/online.tvk-gaj.pl\/wp-content\/uploads\/2017\/12\/cropped-fotaDDA702C0-BFB5-4F18-9E4F-873DCBDBC114-1024x283.jpg 1024w, https:\/\/online.tvk-gaj.pl\/wp-content\/uploads\/2017\/12\/cropped-fotaDDA702C0-BFB5-4F18-9E4F-873DCBDBC114-300x83.jpg 300w, https:\/\/online.tvk-gaj.pl\/wp-content\/uploads\/2017\/12\/cropped-fotaDDA702C0-BFB5-4F18-9E4F-873DCBDBC114-768x212.jpg 768w\" sizes=\"auto, (max-width: 838px) 100vw, 838px\" \/><\/a><\/p>\n<p>&nbsp;<\/p>\n<p>W lipcu b.r. miejscy radni zadecydowali, \u017ce Szko\u0142a Podstawowa Nr 32, zlokalizowana na Gaju (ul. K\u0142odzka 40) otrzyma oficjalne imi\u0119 Stulecia Niepodleg\u0142o\u015bci. W uzasadnieniu swojej decyzji radni wskazali na uniwersalny charakter nazwy oraz nawi\u0105zanie do warto\u015bci promowanych przez plac\u00f3wk\u0119.&nbsp;<\/p>\n<p>&nbsp;<\/p>\n<p><a href=\"http:\/\/www.tvk-gaj.pl\/~gajonline\/wp-content\/uploads\/2018\/11\/20181108_104741.jpg\"><img loading=\"lazy\" decoding=\"async\" class=\"aligncenter wp-image-10562 size-large\" src=\"http:\/\/www.tvk-gaj.pl\/~gajonline\/wp-content\/uploads\/2018\/11\/20181108_104741-1024x738.jpg\" alt=\"\" width=\"838\" height=\"604\" srcset=\"https:\/\/online.tvk-gaj.pl\/wp-content\/uploads\/2018\/11\/20181108_104741-1024x738.jpg 1024w, https:\/\/online.tvk-gaj.pl\/wp-content\/uploads\/2018\/11\/20181108_104741-300x216.jpg 300w, https:\/\/online.tvk-gaj.pl\/wp-content\/uploads\/2018\/11\/20181108_104741-768x553.jpg 768w, https:\/\/online.tvk-gaj.pl\/wp-content\/uploads\/2018\/11\/20181108_104741-287x208.jpg 287w\" sizes=\"auto, (max-width: 838px) 100vw, 838px\" \/><\/a><\/p>\n<p>&nbsp;<\/p>\n<p>Oficjalna uroczysto\u015b\u0107 nadania szkole imienia odby\u0142a si\u0119 w czwartek, 8 listopada. Data nieprzypadkowo pokrywa si\u0119 z blisko\u015bci\u0105 \u015bwi\u0119ta 100 &#8211; lecia odzyskania przez Polsk\u0119 niepodleg\u0142o\u015bci.&nbsp;<\/p>\n<p>&nbsp;<\/p>\n<p><a href=\"http:\/\/www.tvk-gaj.pl\/~gajonline\/wp-content\/uploads\/2018\/11\/20181108_101117-1.jpg\"><img loading=\"lazy\" decoding=\"async\" class=\"aligncenter wp-image-10563 size-large\" src=\"http:\/\/www.tvk-gaj.pl\/~gajonline\/wp-content\/uploads\/2018\/11\/20181108_101117-1-768x1024.jpg\" alt=\"\" width=\"768\" height=\"1024\" srcset=\"https:\/\/online.tvk-gaj.pl\/wp-content\/uploads\/2018\/11\/20181108_101117-1-768x1024.jpg 768w, https:\/\/online.tvk-gaj.pl\/wp-content\/uploads\/2018\/11\/20181108_101117-1-225x300.jpg 225w\" sizes=\"auto, (max-width: 768px) 100vw, 768px\" \/><\/a><\/p>\n<p>&nbsp;<\/p>\n<p>W\u0142adze Wroc\u0142awia w zwi\u0105zku z t\u0105 okazj\u0105 ufundowa\u0142y szkole sztandar, nawi\u0105zuj\u0105cy do 100 lecia odzyskania przez Polsk\u0119 niepodleg\u0142o\u015bci. Sztandar podczas uroczysto\u015bci pob\u0142ogos\u0142awi\u0142 Proboszcz Parafii \u015awi\u0119tego Franciszka z Asy\u017cu &#8211; ks. Kazimierz Sroka.&nbsp;<\/p>\n<p>&nbsp;<\/p>\n<p><a href=\"http:\/\/www.tvk-gaj.pl\/~gajonline\/wp-content\/uploads\/2018\/11\/20181108_103139.jpg\"><img loading=\"lazy\" decoding=\"async\" class=\"aligncenter wp-image-10564 size-large\" src=\"http:\/\/www.tvk-gaj.pl\/~gajonline\/wp-content\/uploads\/2018\/11\/20181108_103139-768x1024.jpg\" alt=\"\" width=\"768\" height=\"1024\" srcset=\"https:\/\/online.tvk-gaj.pl\/wp-content\/uploads\/2018\/11\/20181108_103139-768x1024.jpg 768w, https:\/\/online.tvk-gaj.pl\/wp-content\/uploads\/2018\/11\/20181108_103139-225x300.jpg 225w\" sizes=\"auto, (max-width: 768px) 100vw, 768px\" \/><\/a><\/p>\n<p>&nbsp;<\/p>\n<p>Po oficjalnych wyst\u0105pieniach zaproszonych go\u015bci (w tym w\u0142adz miasta i Rady Osiedla Gaj)&nbsp; nast\u0105pi\u0142a cz\u0119\u015b\u0107 artystyczna, podczas kt\u00f3rej wyst\u0105pili uczniowie szko\u0142y.&nbsp; A tych \u0142\u0105cznie z przedszkolakami ucz\u0119szcza blisko tysi\u0105c. Przypomnimy, \u017ce szko\u0142a otwarta zosta\u0142a 1 wrze\u015bnia 2017r.<\/p>\n<p>&nbsp;<\/p>\n<p><a href=\"http:\/\/www.tvk-gaj.pl\/~gajonline\/wp-content\/uploads\/2018\/11\/20181108_105906.jpg\"><img loading=\"lazy\" decoding=\"async\" class=\"aligncenter wp-image-10565 size-large\" src=\"http:\/\/www.tvk-gaj.pl\/~gajonline\/wp-content\/uploads\/2018\/11\/20181108_105906-768x1024.jpg\" alt=\"\" width=\"768\" height=\"1024\" srcset=\"https:\/\/online.tvk-gaj.pl\/wp-content\/uploads\/2018\/11\/20181108_105906-768x1024.jpg 768w, https:\/\/online.tvk-gaj.pl\/wp-content\/uploads\/2018\/11\/20181108_105906-225x300.jpg 225w\" sizes=\"auto, (max-width: 768px) 100vw, 768px\" \/><\/a><\/p>\n<p>&nbsp;<\/p>\n<p>&nbsp;<\/p>\n","protected":false},"excerpt":{"rendered":"<p>Znajduj\u0105ca si\u0119 przy ul. K\u0142odzkiej Szko\u0142a Podstawowa Nr 32 otrzyma\u0142a imi\u0119 Stulecia Niepodleg\u0142o\u015bci. Oficjalna uroczysto\u015b\u0107 nadania plac\u00f3wce imienia odby\u0142a si\u0119 8 listopada.&nbsp;<\/p>\n","protected":false},"author":1,"featured_media":9743,"comment_status":"open","ping_status":"open","sticky":false,"template":"","format":"standard","meta":{"footnotes":""},"categories":[14,12],"tags":[112,1064,235,323,1065,135,1063,1066,273,1061,1060,1062],"class_list":["post-10553","post","type-post","status-publish","format-standard","has-post-thumbnail","hentry","category-aktualnosci","category-artykuly","tag-gaj","tag-imie","tag-klodzka","tag-na-gaju","tag-nadanie-imienia","tag-rada-osiedla-gaj","tag-sp-32","tag-stulecia-niepodleglosci","tag-szkola","tag-szkola-na-gaju","tag-szkola-podstawowa-nr-32","tag-zespol-szkolno-przedszkolny-na-gaju"],"_links":{"self":[{"href":"https:\/\/online.tvk-gaj.pl\/index.php?rest_route=\/wp\/v2\/posts\/10553","targetHints":{"allow":["GET"]}}],"collection":[{"href":"https:\/\/online.tvk-gaj.pl\/index.php?rest_route=\/wp\/v2\/posts"}],"about":[{"href":"https:\/\/online.tvk-gaj.pl\/index.php?rest_route=\/wp\/v2\/types\/post"}],"author":[{"embeddable":true,"href":"https:\/\/online.tvk-gaj.pl\/index.php?rest_route=\/wp\/v2\/users\/1"}],"replies":[{"embeddable":true,"href":"https:\/\/online.tvk-gaj.pl\/index.php?rest_route=%2Fwp%2Fv2%2Fcomments&post=10553"}],"version-history":[{"count":7,"href":"https:\/\/online.tvk-gaj.pl\/index.php?rest_route=\/wp\/v2\/posts\/10553\/revisions"}],"predecessor-version":[{"id":10566,"href":"https:\/\/online.tvk-gaj.pl\/index.php?rest_route=\/wp\/v2\/posts\/10553\/revisions\/10566"}],"wp:featuredmedia":[{"embeddable":true,"href":"https:\/\/online.tvk-gaj.pl\/index.php?rest_route=\/wp\/v2\/media\/9743"}],"wp:attachment":[{"href":"https:\/\/online.tvk-gaj.pl\/index.php?rest_route=%2Fwp%2Fv2%2Fmedia&parent=10553"}],"wp:term":[{"taxonomy":"category","embeddable":true,"href":"https:\/\/online.tvk-gaj.pl\/index.php?rest_route=%2Fwp%2Fv2%2Fcategories&post=10553"},{"taxonomy":"post_tag","embeddable":true,"href":"https:\/\/online.tvk-gaj.pl\/index.php?rest_route=%2Fwp%2Fv2%2Ftags&post=10553"}],"curies":[{"name":"wp","href":"https:\/\/api.w.org\/{rel}","templated":true}]}}