{"id":10575,"date":"2018-11-11T11:10:12","date_gmt":"2018-11-11T10:10:12","guid":{"rendered":"http:\/\/www.tvk-gaj.pl\/~gajonline\/?p=10575"},"modified":"2018-11-11T11:11:06","modified_gmt":"2018-11-11T10:11:06","slug":"apel-niepodleglosciowy-w-sp-nr-90","status":"publish","type":"post","link":"https:\/\/online.tvk-gaj.pl\/?p=10575","title":{"rendered":"Apel niepodleg\u0142o\u015bciowy w SP Nr 90"},"content":{"rendered":"<p>Z okazji \u015bwi\u0119ta 100-lecia odzyskania przez Polsk\u0119 niepodleg\u0142o\u015bci w Szkole Podstawowej Nr 90 odby\u0142a si\u0119 uroczysta akademia po\u0142\u0105czona z wystaw\u0105 plac artystycznych uczni\u00f3w.&nbsp;<!--more--><\/p>\n<p>&nbsp;<\/p>\n<p>Akademia odby\u0142a si\u0119 w \u015brod\u0119, 7 listopada. W\u015br\u00f3d zaproszonych go\u015bci pojawili si\u0119 przedstawiciele Rady Osiedla Gaj.<\/p>\n<p>&nbsp;<\/p>\n<p><a href=\"http:\/\/www.tvk-gaj.pl\/~gajonline\/wp-content\/uploads\/2018\/11\/20181107_1152302.jpg\"><img loading=\"lazy\" decoding=\"async\" class=\"aligncenter wp-image-10576 size-large\" src=\"http:\/\/www.tvk-gaj.pl\/~gajonline\/wp-content\/uploads\/2018\/11\/20181107_1152302-1024x592.jpg\" alt=\"\" width=\"838\" height=\"484\" srcset=\"https:\/\/online.tvk-gaj.pl\/wp-content\/uploads\/2018\/11\/20181107_1152302-1024x592.jpg 1024w, https:\/\/online.tvk-gaj.pl\/wp-content\/uploads\/2018\/11\/20181107_1152302-300x174.jpg 300w, https:\/\/online.tvk-gaj.pl\/wp-content\/uploads\/2018\/11\/20181107_1152302-768x444.jpg 768w\" sizes=\"auto, (max-width: 838px) 100vw, 838px\" \/><\/a><\/p>\n<p>&nbsp;<\/p>\n<p>&nbsp;<\/p>\n<p>Zapraszamy do kr\u00f3tkiej fotorelacji.&nbsp;<\/p>\n<p>[ngg src=&#8221;galleries&#8221; ids=&#8221;99&#8243; display=&#8221;basic_thumbnail&#8221;]<\/p>\n<p>&nbsp;<\/p>\n","protected":false},"excerpt":{"rendered":"<p>Z okazji \u015bwi\u0119ta 100-lecia odzyskania przez Polsk\u0119 niepodleg\u0142o\u015bci w Szkole Podstawowej Nr 90 odby\u0142a si\u0119 uroczysta akademia po\u0142\u0105czona z wystaw\u0105 plac artystycznych uczni\u00f3w.&nbsp;<\/p>\n","protected":false},"author":1,"featured_media":10576,"comment_status":"open","ping_status":"open","sticky":false,"template":"","format":"standard","meta":{"footnotes":""},"categories":[14],"tags":[335,218,135,789,1067,120,650],"class_list":["post-10575","post","type-post","status-publish","format-standard","has-post-thumbnail","hentry","category-aktualnosci","tag-apel","tag-orzechowa","tag-rada-osiedla-gaj","tag-sp-90","tag-swieto-niepodleglosci","tag-szkola-podstawowa-nr-90","tag-zdjecia"],"_links":{"self":[{"href":"https:\/\/online.tvk-gaj.pl\/index.php?rest_route=\/wp\/v2\/posts\/10575","targetHints":{"allow":["GET"]}}],"collection":[{"href":"https:\/\/online.tvk-gaj.pl\/index.php?rest_route=\/wp\/v2\/posts"}],"about":[{"href":"https:\/\/online.tvk-gaj.pl\/index.php?rest_route=\/wp\/v2\/types\/post"}],"author":[{"embeddable":true,"href":"https:\/\/online.tvk-gaj.pl\/index.php?rest_route=\/wp\/v2\/users\/1"}],"replies":[{"embeddable":true,"href":"https:\/\/online.tvk-gaj.pl\/index.php?rest_route=%2Fwp%2Fv2%2Fcomments&post=10575"}],"version-history":[{"count":4,"href":"https:\/\/online.tvk-gaj.pl\/index.php?rest_route=\/wp\/v2\/posts\/10575\/revisions"}],"predecessor-version":[{"id":10580,"href":"https:\/\/online.tvk-gaj.pl\/index.php?rest_route=\/wp\/v2\/posts\/10575\/revisions\/10580"}],"wp:featuredmedia":[{"embeddable":true,"href":"https:\/\/online.tvk-gaj.pl\/index.php?rest_route=\/wp\/v2\/media\/10576"}],"wp:attachment":[{"href":"https:\/\/online.tvk-gaj.pl\/index.php?rest_route=%2Fwp%2Fv2%2Fmedia&parent=10575"}],"wp:term":[{"taxonomy":"category","embeddable":true,"href":"https:\/\/online.tvk-gaj.pl\/index.php?rest_route=%2Fwp%2Fv2%2Fcategories&post=10575"},{"taxonomy":"post_tag","embeddable":true,"href":"https:\/\/online.tvk-gaj.pl\/index.php?rest_route=%2Fwp%2Fv2%2Ftags&post=10575"}],"curies":[{"name":"wp","href":"https:\/\/api.w.org\/{rel}","templated":true}]}}