{"id":10582,"date":"2018-11-16T20:32:47","date_gmt":"2018-11-16T19:32:47","guid":{"rendered":"http:\/\/www.tvk-gaj.pl\/~gajonline\/?p=10582"},"modified":"2018-11-17T16:54:08","modified_gmt":"2018-11-17T15:54:08","slug":"zintegrowane-centrum-bezpieczenstwa-przy-borowskiej","status":"publish","type":"post","link":"https:\/\/online.tvk-gaj.pl\/?p=10582","title":{"rendered":"Zintegrowane Centrum Bezpiecze\u0144stwa przy Borowskiej"},"content":{"rendered":"<p>Na terenie Komendy Wojew\u00f3dzkiej Pa\u0144stwowej Stra\u017cy Po\u017carnej we Wroc\u0142awiu przy ul. Borowskiej 138 otwarto Zintegrowane Centrum Bezpiecze\u0144stwa. To unikatowe w skali kraju rozwi\u0105zanie, gdzie wszystkie miejskie s\u0142u\u017cby ratunkowe koordynowane s\u0105 w jednym miejscu.&nbsp;<!--more--><\/p>\n<p>Centrum mie\u015bci si\u0119 w nowo wybudowanym budynku przy ul. Borowskiej &#8211; zlokalizowanym na terenie Komendy Wojew\u00f3dzkiej Stra\u017cy Po\u017carnej. Koszt inwestycji to ponad 30 milin\u00f3w z\u0142otych.<\/p>\n<p>&nbsp;<\/p>\n<p><a href=\"http:\/\/www.tvk-gaj.pl\/~gajonline\/wp-content\/uploads\/2018\/11\/IMG_20181117_110435.jpg\"><img loading=\"lazy\" decoding=\"async\" class=\"aligncenter wp-image-10590 size-large\" src=\"http:\/\/www.tvk-gaj.pl\/~gajonline\/wp-content\/uploads\/2018\/11\/IMG_20181117_110435-1024x768.jpg\" alt=\"\" width=\"838\" height=\"629\" srcset=\"https:\/\/online.tvk-gaj.pl\/wp-content\/uploads\/2018\/11\/IMG_20181117_110435-1024x768.jpg 1024w, https:\/\/online.tvk-gaj.pl\/wp-content\/uploads\/2018\/11\/IMG_20181117_110435-300x225.jpg 300w, https:\/\/online.tvk-gaj.pl\/wp-content\/uploads\/2018\/11\/IMG_20181117_110435-768x576.jpg 768w\" sizes=\"auto, (max-width: 838px) 100vw, 838px\" \/><\/a><\/p>\n<p>&nbsp;<\/p>\n<p>&nbsp;<\/p>\n<p>7 listopada mia\u0142o miejsce uroczyste otwarcie obiektu.&nbsp;W uroczysto\u015bci wzi\u0119li udzia\u0142 liczni go\u015bcie, w tym wojewoda dolno\u015bl\u0105ski Pawe\u0142 Hreniak.<\/p>\n<p><a href=\"http:\/\/www.tvk-gaj.pl\/~gajonline\/wp-content\/uploads\/2018\/11\/DSC01788.jpg\"><img loading=\"lazy\" decoding=\"async\" class=\"aligncenter size-full wp-image-10583\" src=\"http:\/\/www.tvk-gaj.pl\/~gajonline\/wp-content\/uploads\/2018\/11\/DSC01788.jpg\" alt=\"\" width=\"600\" height=\"399\" srcset=\"https:\/\/online.tvk-gaj.pl\/wp-content\/uploads\/2018\/11\/DSC01788.jpg 600w, https:\/\/online.tvk-gaj.pl\/wp-content\/uploads\/2018\/11\/DSC01788-300x200.jpg 300w, https:\/\/online.tvk-gaj.pl\/wp-content\/uploads\/2018\/11\/DSC01788-321x214.jpg 321w, https:\/\/online.tvk-gaj.pl\/wp-content\/uploads\/2018\/11\/DSC01788-140x94.jpg 140w\" sizes=\"auto, (max-width: 600px) 100vw, 600px\" \/><\/a><\/p>\n<p>&nbsp;<\/p>\n<p>Idea zintegrowanego centrum ma na celu zwi\u0119kszy\u0107 efektywno\u015b\u0107 koordynowania dzia\u0142aniami s\u0142u\u017cb ratunkowych. W ramach swojej dzia\u0142alno\u015bci Zintegrowane Centrum Bezpiecze\u0144stwa integruje stanowisko kierowania&nbsp;Pa\u0144stwowej Stra\u017cy Po\u017carnej, Wojew\u00f3dzkie Stanowisko Koordynacji Ratownictwa, Wojew\u00f3dzkie Centrum Zarz\u0105dzania Kryzysowego oraz&nbsp;Centrum Powiadamiania Ratunkowego.<\/p>\n<p>&nbsp;<\/p>\n<p><a href=\"http:\/\/www.tvk-gaj.pl\/~gajonline\/wp-content\/uploads\/2018\/11\/DSC01808.jpg\"><img loading=\"lazy\" decoding=\"async\" class=\"aligncenter size-full wp-image-10584\" src=\"http:\/\/www.tvk-gaj.pl\/~gajonline\/wp-content\/uploads\/2018\/11\/DSC01808.jpg\" alt=\"\" width=\"600\" height=\"399\" srcset=\"https:\/\/online.tvk-gaj.pl\/wp-content\/uploads\/2018\/11\/DSC01808.jpg 600w, https:\/\/online.tvk-gaj.pl\/wp-content\/uploads\/2018\/11\/DSC01808-300x200.jpg 300w, https:\/\/online.tvk-gaj.pl\/wp-content\/uploads\/2018\/11\/DSC01808-321x214.jpg 321w, https:\/\/online.tvk-gaj.pl\/wp-content\/uploads\/2018\/11\/DSC01808-140x94.jpg 140w\" sizes=\"auto, (max-width: 600px) 100vw, 600px\" \/><\/a><\/p>\n<p>&nbsp;<\/p>\n<p>Centrum umo\u017cliwia prac\u0119 32 operator\u00f3w numeru 112 oraz wojew\u00f3dzkiego Oficera Dy\u017curnego PSP. Wed\u0142ug zapewnie\u0144 stra\u017cak\u00f3w nowo powsta\u0142y budynek centrum oferuje najnowocze\u015bniejszy sprz\u0119t oraz du\u017ce zaplecze lokalowe. Zapewni\u0107 ma to nie tylko komfortow\u0105 prac\u0119 s\u0142u\u017cb, ale i przysz\u0142e mo\u017cliwo\u015bci rozbudowy.&nbsp; W\u0142adze wojew\u00f3dztwa chcia\u0142yby, aby w przysz\u0142o\u015bci przy Borowskiej mie\u015bci\u0142a si\u0119 r\u00f3wnie\u017c dyspozytornia pogotowia ratunkowego.<\/p>\n<p>&nbsp;<\/p>\n<p><a href=\"http:\/\/www.tvk-gaj.pl\/~gajonline\/wp-content\/uploads\/2018\/11\/DSC01924.jpg\"><img loading=\"lazy\" decoding=\"async\" class=\"aligncenter size-full wp-image-10585\" src=\"http:\/\/www.tvk-gaj.pl\/~gajonline\/wp-content\/uploads\/2018\/11\/DSC01924.jpg\" alt=\"\" width=\"600\" height=\"399\" srcset=\"https:\/\/online.tvk-gaj.pl\/wp-content\/uploads\/2018\/11\/DSC01924.jpg 600w, https:\/\/online.tvk-gaj.pl\/wp-content\/uploads\/2018\/11\/DSC01924-300x200.jpg 300w, https:\/\/online.tvk-gaj.pl\/wp-content\/uploads\/2018\/11\/DSC01924-321x214.jpg 321w, https:\/\/online.tvk-gaj.pl\/wp-content\/uploads\/2018\/11\/DSC01924-140x94.jpg 140w\" sizes=\"auto, (max-width: 600px) 100vw, 600px\" \/><\/a><\/p>\n<p>&nbsp;<\/p>\n<p>&nbsp;<\/p>\n<p>&nbsp;<\/p>\n<p>&nbsp;<\/p>\n<p><em>* Zdj\u0119cia pochodz\u0105 ze strony internetowej Komendy Wojew\u00f3dzkiej Pa\u0144stwowej Stra\u017cy Po\u017carnej we Wroc\u0142awiu.&nbsp;<\/em><\/p>\n<p>&nbsp;<\/p>\n","protected":false},"excerpt":{"rendered":"<p>Na terenie Komendy Wojew\u00f3dzkiej Pa\u0144stwowej Stra\u017cy Po\u017carnej we Wroc\u0142awiu przy ul. Borowskiej 138 otwarto Zintegrowane Centrum Bezpiecze\u0144stwa. To unikatowe w skali kraju rozwi\u0105zanie, gdzie wszystkie miejskie s\u0142u\u017cby ratunkowe koordynowane s\u0105 w jednym miejscu.&nbsp;<\/p>\n","protected":false},"author":1,"featured_media":10593,"comment_status":"open","ping_status":"open","sticky":false,"template":"","format":"standard","meta":{"footnotes":""},"categories":[14,12],"tags":[113,1073,1074,112,1070,494,1071,1069,148,1072,700,1076,1075,1068],"class_list":["post-10582","post","type-post","status-publish","format-standard","has-post-thumbnail","hentry","category-aktualnosci","category-artykuly","tag-borowska","tag-centrum","tag-centrum-powiadamiania-ratunkowego","tag-gaj","tag-komenda-wojewodzka-strazy-pozarnej","tag-otwarcie","tag-pcr","tag-pogotowie","tag-policja","tag-ratunkowe","tag-straz-pozarna","tag-wojewodzkie-centrum-zarzadzania-kryzysowego","tag-wojewodzkie-stanowisko-koordynacji-ratownictwa","tag-zintegrowane-centrum-bezpieczenstwa"],"_links":{"self":[{"href":"https:\/\/online.tvk-gaj.pl\/index.php?rest_route=\/wp\/v2\/posts\/10582","targetHints":{"allow":["GET"]}}],"collection":[{"href":"https:\/\/online.tvk-gaj.pl\/index.php?rest_route=\/wp\/v2\/posts"}],"about":[{"href":"https:\/\/online.tvk-gaj.pl\/index.php?rest_route=\/wp\/v2\/types\/post"}],"author":[{"embeddable":true,"href":"https:\/\/online.tvk-gaj.pl\/index.php?rest_route=\/wp\/v2\/users\/1"}],"replies":[{"embeddable":true,"href":"https:\/\/online.tvk-gaj.pl\/index.php?rest_route=%2Fwp%2Fv2%2Fcomments&post=10582"}],"version-history":[{"count":5,"href":"https:\/\/online.tvk-gaj.pl\/index.php?rest_route=\/wp\/v2\/posts\/10582\/revisions"}],"predecessor-version":[{"id":10592,"href":"https:\/\/online.tvk-gaj.pl\/index.php?rest_route=\/wp\/v2\/posts\/10582\/revisions\/10592"}],"wp:featuredmedia":[{"embeddable":true,"href":"https:\/\/online.tvk-gaj.pl\/index.php?rest_route=\/wp\/v2\/media\/10593"}],"wp:attachment":[{"href":"https:\/\/online.tvk-gaj.pl\/index.php?rest_route=%2Fwp%2Fv2%2Fmedia&parent=10582"}],"wp:term":[{"taxonomy":"category","embeddable":true,"href":"https:\/\/online.tvk-gaj.pl\/index.php?rest_route=%2Fwp%2Fv2%2Fcategories&post=10582"},{"taxonomy":"post_tag","embeddable":true,"href":"https:\/\/online.tvk-gaj.pl\/index.php?rest_route=%2Fwp%2Fv2%2Ftags&post=10582"}],"curies":[{"name":"wp","href":"https:\/\/api.w.org\/{rel}","templated":true}]}}