{"id":10594,"date":"2018-11-17T17:14:41","date_gmt":"2018-11-17T16:14:41","guid":{"rendered":"http:\/\/www.tvk-gaj.pl\/~gajonline\/?p=10594"},"modified":"2018-11-17T18:26:44","modified_gmt":"2018-11-17T17:26:44","slug":"dzien-seniora-na-gaju-2","status":"publish","type":"post","link":"https:\/\/online.tvk-gaj.pl\/?p=10594","title":{"rendered":"Dzie\u0144 seniora na Gaju"},"content":{"rendered":"<p>W pi\u0105tek, 16 listopada, na terenie Szko\u0142y Podstawowej Nr 90 przy ul. Orzechowej odby\u0142y si\u0119 uroczyste obchody Dnia Seniora &#8211; zorganizowane przez Rad\u0119 Osiedla Gaj oraz osiedlowy Klub Seniora. Zapraszamy do fotorelacji z wydarzenia.<!--more--><\/p>\n<p>&nbsp;<\/p>\n<p><a href=\"http:\/\/www.tvk-gaj.pl\/~gajonline\/wp-content\/uploads\/2018\/11\/IMG_20181116_172954.jpg\"><img loading=\"lazy\" decoding=\"async\" class=\"aligncenter wp-image-10619 size-large\" src=\"http:\/\/www.tvk-gaj.pl\/~gajonline\/wp-content\/uploads\/2018\/11\/IMG_20181116_172954-1024x768.jpg\" alt=\"\" width=\"838\" height=\"629\" srcset=\"https:\/\/online.tvk-gaj.pl\/wp-content\/uploads\/2018\/11\/IMG_20181116_172954-1024x768.jpg 1024w, https:\/\/online.tvk-gaj.pl\/wp-content\/uploads\/2018\/11\/IMG_20181116_172954-300x225.jpg 300w, https:\/\/online.tvk-gaj.pl\/wp-content\/uploads\/2018\/11\/IMG_20181116_172954-768x576.jpg 768w\" sizes=\"auto, (max-width: 838px) 100vw, 838px\" \/><\/a><\/p>\n<p>&nbsp;<\/p>\n<p>Uroczyste spotkanie senior\u00f3w z naszego osiedla odby\u0142o si\u0119 jak co roku w Szkole Podstawowej Nr 90. Spotkanie zwi\u0105zane z obchodzonym 20-listopada Europejskim Dniem ma na celu integrowa\u0107 starszych mieszka\u0144c\u00f3w Gaju. Na spotkaniu zorganizowanym wsp\u00f3lnie przez Rad\u0119 Osiedla Gaj oraz Osiedlowy Klub Seniora pojawili si\u0119 m.in.: Przewodnicz\u0105cy Rady Osiedla Gaj Adam Wojtaszewski, Koordynator Klubu Seniora na Gaju Ma\u0142gorzata Ryfa, przedstawiciele w\u0142adz miasta, w tym asystentki prezydenta &#8211; elekta Wroc\u0142awia Pana Jacka Sutryka, Pan Miros\u0142aw Strzelczyk z biura obs\u0142ugi osiedli Wroc\u0142awskiego Centrum Rozwoju Spo\u0142ecznego, Dyrektor SP Nr 90 Joanna Sinicka oraz przedstawiciele m.in. Zwi\u0105zku Emeryt\u00f3w i Rencist\u00f3w, Zwi\u0105zku \u017bo\u0142nierzy Wojska Polskiego.&nbsp;<\/p>\n<p>&nbsp;<\/p>\n<p><a href=\"http:\/\/www.tvk-gaj.pl\/~gajonline\/wp-content\/uploads\/2018\/11\/IMG_20181116_171050.jpg\"><img loading=\"lazy\" decoding=\"async\" class=\"aligncenter wp-image-10620 size-large\" src=\"http:\/\/www.tvk-gaj.pl\/~gajonline\/wp-content\/uploads\/2018\/11\/IMG_20181116_171050-1024x768.jpg\" alt=\"\" width=\"838\" height=\"629\" srcset=\"https:\/\/online.tvk-gaj.pl\/wp-content\/uploads\/2018\/11\/IMG_20181116_171050-1024x768.jpg 1024w, https:\/\/online.tvk-gaj.pl\/wp-content\/uploads\/2018\/11\/IMG_20181116_171050-300x225.jpg 300w, https:\/\/online.tvk-gaj.pl\/wp-content\/uploads\/2018\/11\/IMG_20181116_171050-768x576.jpg 768w\" sizes=\"auto, (max-width: 838px) 100vw, 838px\" \/><\/a><\/p>\n<p>&nbsp;<\/p>\n<p>Uroczysto\u015b\u0107 wzbogaci\u0142 wyst\u0119p dzieci ze Szko\u0142y Podstawowej Nr 90. Za opraw\u0119 artystyczn\u0105 odpowiada\u0142 r\u00f3wnie\u017c Pan Miros\u0142aw Majcherek, kt\u00f3ry poprowadzi\u0142 wsp\u00f3lne \u015bpiewanie pie\u015bni patriotycznych, zwi\u0105zanych z obchodem przez Polsk\u0119 100-lecia odzyskania niepodleg\u0142o\u015bci.&nbsp;<\/p>\n<p>&nbsp;<\/p>\n<p><a href=\"http:\/\/www.tvk-gaj.pl\/~gajonline\/wp-content\/uploads\/2018\/11\/IMG_20181116_180743.jpg\"><img loading=\"lazy\" decoding=\"async\" class=\"aligncenter wp-image-10621 size-large\" src=\"http:\/\/www.tvk-gaj.pl\/~gajonline\/wp-content\/uploads\/2018\/11\/IMG_20181116_180743-1024x768.jpg\" alt=\"\" width=\"838\" height=\"629\" srcset=\"https:\/\/online.tvk-gaj.pl\/wp-content\/uploads\/2018\/11\/IMG_20181116_180743-1024x768.jpg 1024w, https:\/\/online.tvk-gaj.pl\/wp-content\/uploads\/2018\/11\/IMG_20181116_180743-300x225.jpg 300w, https:\/\/online.tvk-gaj.pl\/wp-content\/uploads\/2018\/11\/IMG_20181116_180743-768x576.jpg 768w\" sizes=\"auto, (max-width: 838px) 100vw, 838px\" \/><\/a><\/p>\n<p>&nbsp;<\/p>\n<p>&nbsp;<\/p>\n<p><strong>\u017byczenia dla Senior\u00f3w od Przewodnicz\u0105cego Rady Osiedla Gaj Adama Wojtaszewskiego:<\/strong><\/p>\n<blockquote><p>Z okazji Dnia Seniora pragn\u0119 z ogromnym szacunkiem pochyli\u0107 g\u0142owy przed szacownym pokoleniem najstarszych mieszka\u0144c\u00f3w Osiedla Gaj. To szczeg\u00f3lny moment, kt\u00f3ry pozwala doceni\u0107 i podkr\u015bli\u0107 potencja\u0142 do\u015bwiadczenia, warto\u015bci i wiedzy, z kt\u00f3rych mog\u0105 czerpa\u0107 m\u0142odsze pokolenia. To seniorzy s\u0105 bowiem \u017ar\u00f3d\u0142em \u017cyciowej m\u0105dro\u015bci, kt\u00f3rej nabywa si\u0119 w\u0142a\u015bnie z up\u0142ywem lat. W tym uroczystym dniu prosz\u0119, aby\u015bcie przyj\u0119li moje najserdeczniejsze \u017cyczenia: aby by\u0142 to dla Pa\u0144stwa okres zas\u0142u\u017conego, prawdziwego odpoczynku i pe\u0142nej satysfakcji z prze\u017cytych lat. Niech jesie\u0144 \u017cycia b\u0119dzie najlepszym czasem do niespe\u0142nionych marze\u0144 i zamierze\u0144 oraz w\u0142a\u015bciwego wykorzystania \u017cyciowej wiedzy. Szanowni Seniorzy \u017cycz\u0119 Wam d\u0142ugich lat \u017cycia w dobrym zdrowiu, pe\u0142nych radosnego ciep\u0142a, pogody ducha, a ka\u017cy dzie\u0144 niech dostarcza Pa\u0144stwu wiele rado\u015bci i u\u015bmiechu na twarzy. Znany ameryka\u0144ski polityk Beniamin Franklin powiedzia\u0142, \u017ce &#8222;Nie starzeje si\u0119 ten, kto nie ma na to czasu&#8221;. Wszystkim Pa\u0144stwu \u017cycz\u0119 zatem braku czasu&#8230;<\/p><\/blockquote>\n<p>&nbsp;<\/p>\n<p>&nbsp;<\/p>\n<p><strong>Fotorelacja:<\/strong><\/p>\n<p>[ngg src=&#8221;galleries&#8221; ids=&#8221;100&#8243; display=&#8221;basic_thumbnail&#8221;]<\/p>\n<p>&nbsp;<\/p>\n","protected":false},"excerpt":{"rendered":"<p>W pi\u0105tek, 16 listopada, na terenie Szko\u0142y Podstawowej Nr 90 przy ul. Orzechowej odby\u0142y si\u0119 uroczyste obchody Dnia Seniora &#8211; zorganizowane przez Rad\u0119 Osiedla Gaj oraz osiedlowy Klub Seniora. Zapraszamy do fotorelacji z wydarzenia.<\/p>\n","protected":false},"author":1,"featured_media":10625,"comment_status":"open","ping_status":"open","sticky":false,"template":"","format":"standard","meta":{"footnotes":""},"categories":[14],"tags":[150,379,112,421,1077,135,152,269,835],"class_list":["post-10594","post","type-post","status-publish","format-standard","has-post-thumbnail","hentry","category-aktualnosci","tag-dzien-seniora","tag-dzien-seniora-na-gaju","tag-gaj","tag-klub-seniora-na-gaju","tag-prezydent-sutryk","tag-rada-osiedla-gaj","tag-seniorzy","tag-sp-nr-90","tag-uroczystosc"],"_links":{"self":[{"href":"https:\/\/online.tvk-gaj.pl\/index.php?rest_route=\/wp\/v2\/posts\/10594","targetHints":{"allow":["GET"]}}],"collection":[{"href":"https:\/\/online.tvk-gaj.pl\/index.php?rest_route=\/wp\/v2\/posts"}],"about":[{"href":"https:\/\/online.tvk-gaj.pl\/index.php?rest_route=\/wp\/v2\/types\/post"}],"author":[{"embeddable":true,"href":"https:\/\/online.tvk-gaj.pl\/index.php?rest_route=\/wp\/v2\/users\/1"}],"replies":[{"embeddable":true,"href":"https:\/\/online.tvk-gaj.pl\/index.php?rest_route=%2Fwp%2Fv2%2Fcomments&post=10594"}],"version-history":[{"count":4,"href":"https:\/\/online.tvk-gaj.pl\/index.php?rest_route=\/wp\/v2\/posts\/10594\/revisions"}],"predecessor-version":[{"id":10627,"href":"https:\/\/online.tvk-gaj.pl\/index.php?rest_route=\/wp\/v2\/posts\/10594\/revisions\/10627"}],"wp:featuredmedia":[{"embeddable":true,"href":"https:\/\/online.tvk-gaj.pl\/index.php?rest_route=\/wp\/v2\/media\/10625"}],"wp:attachment":[{"href":"https:\/\/online.tvk-gaj.pl\/index.php?rest_route=%2Fwp%2Fv2%2Fmedia&parent=10594"}],"wp:term":[{"taxonomy":"category","embeddable":true,"href":"https:\/\/online.tvk-gaj.pl\/index.php?rest_route=%2Fwp%2Fv2%2Fcategories&post=10594"},{"taxonomy":"post_tag","embeddable":true,"href":"https:\/\/online.tvk-gaj.pl\/index.php?rest_route=%2Fwp%2Fv2%2Ftags&post=10594"}],"curies":[{"name":"wp","href":"https:\/\/api.w.org\/{rel}","templated":true}]}}