{"id":10645,"date":"2018-11-22T15:44:32","date_gmt":"2018-11-22T14:44:32","guid":{"rendered":"http:\/\/www.tvk-gaj.pl\/~gajonline\/?p=10645"},"modified":"2018-12-10T19:05:55","modified_gmt":"2018-12-10T18:05:55","slug":"kiermasz-swiateczny-na-gaju","status":"publish","type":"post","link":"https:\/\/online.tvk-gaj.pl\/?p=10645","title":{"rendered":"Kiermasz \u015awi\u0105teczny na Gaju"},"content":{"rendered":"<p>Rada Osiedla Gaj serdecznie zach\u0119ca do wzi\u0119cia udzia\u0142u w charytatywnym Kiermaszu \u015awi\u0105tecznym na Gaju!<!--more--><\/p>\n<p>&nbsp;<\/p>\n<p><strong>[AKTUALIZACJA Z DNIA 30 LISTOPADA 2018]<\/strong><\/p>\n<div class=\"v_krnq8thby f_krnq8p-5z clearfix\">\n<div class=\"clearfix b_krnq8tj4d\">\n<div class=\"clearfix _42ef\">\n<div class=\"e_krnq8tj4i\">\n<div class=\"_5pcp _5lel _2jyu _232_\" data-testid=\"story-subtitle\">&nbsp;<\/div>\n<\/div>\n<\/div>\n<\/div>\n<\/div>\n<div id=\"js_5l\" class=\"_5pbx userContent _3576\" data-ad-preview=\"message\" data-ft=\"{&quot;tn&quot;:&quot;K&quot;}\">\n<p><a href=\"http:\/\/www.tvk-gaj.pl\/~gajonline\/wp-content\/uploads\/2018\/11\/4.jpg\"><img loading=\"lazy\" decoding=\"async\" class=\"aligncenter size-full wp-image-10658\" src=\"http:\/\/www.tvk-gaj.pl\/~gajonline\/wp-content\/uploads\/2018\/11\/4.jpg\" alt=\"\" width=\"800\" height=\"600\" srcset=\"https:\/\/online.tvk-gaj.pl\/wp-content\/uploads\/2018\/11\/4.jpg 800w, https:\/\/online.tvk-gaj.pl\/wp-content\/uploads\/2018\/11\/4-300x225.jpg 300w, https:\/\/online.tvk-gaj.pl\/wp-content\/uploads\/2018\/11\/4-768x576.jpg 768w\" sizes=\"auto, (max-width: 800px) 100vw, 800px\" \/><\/a><\/p>\n<p>&nbsp;<\/p>\n<p>Prezentujemy zdj\u0119cia z wczorajszego kiermaszu charytatywnego w Centrum Handlowym Ferio Gaj. Dzi\u0119ki pracy senior\u00f3w z Klubu Seniora na Gaju oraz dzieci i m\u0142odzie\u017c ze szk\u00f3\u0142 na Gaju, a tak\u017ce wsparciu ze strony mieszka\u0144c\u00f3w osiedla i klient\u00f3w CH Ferio Gaj uda si\u0119 wesprze\u0107 oddzia\u0142 dzieci\u0119cy Uniwersyteckiego Szpitala Klinicznego z ul. Borowskiej.&nbsp;<\/p>\n<\/div>\n<p>&nbsp;<\/p>\n<p><a href=\"http:\/\/www.tvk-gaj.pl\/~gajonline\/wp-content\/uploads\/2018\/11\/6.jpg\"><img loading=\"lazy\" decoding=\"async\" class=\"aligncenter size-full wp-image-10662\" src=\"http:\/\/www.tvk-gaj.pl\/~gajonline\/wp-content\/uploads\/2018\/11\/6.jpg\" alt=\"\" width=\"800\" height=\"533\" srcset=\"https:\/\/online.tvk-gaj.pl\/wp-content\/uploads\/2018\/11\/6.jpg 800w, https:\/\/online.tvk-gaj.pl\/wp-content\/uploads\/2018\/11\/6-300x200.jpg 300w, https:\/\/online.tvk-gaj.pl\/wp-content\/uploads\/2018\/11\/6-768x512.jpg 768w, https:\/\/online.tvk-gaj.pl\/wp-content\/uploads\/2018\/11\/6-321x214.jpg 321w, https:\/\/online.tvk-gaj.pl\/wp-content\/uploads\/2018\/11\/6-140x94.jpg 140w\" sizes=\"auto, (max-width: 800px) 100vw, 800px\" \/><\/a><\/p>\n<p>&nbsp;<\/p>\n<div id=\"js_5l\" class=\"_5pbx userContent _3576\" data-ad-preview=\"message\" data-ft=\"{&quot;tn&quot;:&quot;K&quot;}\">\n<p>Wszystkim serdecznie dzi\u0119kujemy za wsparcie i zaanga\u017cowanie:)<\/p>\n<\/div>\n<p>&nbsp;<\/p>\n<p><span style=\"text-decoration: underline;\">Galeria zdj\u0119\u0107 z kiermaszu:&nbsp;<\/span><\/p>\n<p>[ngg src=&#8221;galleries&#8221; ids=&#8221;102&#8243; display=&#8221;basic_thumbnail&#8221;]<\/p>\n<p>&nbsp;<\/p>\n<p>&nbsp;<\/p>\n<p><strong>Kiermasz charytatywny w Centrum Handlowym Ferio GAJ<\/strong><\/p>\n<p>&nbsp;<\/p>\n<p>W czwartek, 29 listopada, na terenie Centrum Handlowego Ferio Gaj przy ul. \u015awieradowskiej b\u0119dzie mo\u017cna zakupi\u0107 ozdoby \u015bwi\u0105teczne wykonane przez dzieci oraz senior\u00f3w z naszego osiedla. Doch\u00f3d z akcji przeznaczony zostanie na doposa\u017cenie Uniwersyteckiego Szpitala Klinicznego przy ul. Borowskiej.<\/p>\n<p>Akcj\u0119 wspiera Rada Osiedla Gaj, GajOnline, Miejski O\u015brodek Pomocy Spo\u0142ecznej, Centrum Handlowe Ferio Gaj, Osiedlowy Klub Seniora na Gaju oraz przedszkola i szko\u0142y z terenu osiedla.&nbsp;<\/p>\n<p>&nbsp;<\/p>\n<p><a href=\"http:\/\/www.tvk-gaj.pl\/~gajonline\/wp-content\/uploads\/2018\/11\/46523562_347236502708059_7926632611743531008_n.jpg\"><img loading=\"lazy\" decoding=\"async\" class=\"aligncenter size-full wp-image-10650\" src=\"http:\/\/www.tvk-gaj.pl\/~gajonline\/wp-content\/uploads\/2018\/11\/46523562_347236502708059_7926632611743531008_n.jpg\" alt=\"\" width=\"480\" height=\"684\" srcset=\"https:\/\/online.tvk-gaj.pl\/wp-content\/uploads\/2018\/11\/46523562_347236502708059_7926632611743531008_n.jpg 480w, https:\/\/online.tvk-gaj.pl\/wp-content\/uploads\/2018\/11\/46523562_347236502708059_7926632611743531008_n-211x300.jpg 211w\" sizes=\"auto, (max-width: 480px) 100vw, 480px\" \/><\/a><\/p>\n<p>&nbsp;<\/p>\n<p>&nbsp;<\/p>\n","protected":false},"excerpt":{"rendered":"<p>Rada Osiedla Gaj serdecznie zach\u0119ca do wzi\u0119cia udzia\u0142u w charytatywnym Kiermaszu \u015awi\u0105tecznym na Gaju!<\/p>\n","protected":false},"author":1,"featured_media":10661,"comment_status":"open","ping_status":"open","sticky":false,"template":"","format":"standard","meta":{"footnotes":""},"categories":[14],"tags":[659,113,212,400,1080,671,323,1081,135,810,117,1082],"class_list":["post-10645","post","type-post","status-publish","format-standard","has-post-thumbnail","hentry","category-aktualnosci","tag-akcja-charytatywna","tag-borowska","tag-centrum-handlowe-ferio-gaj","tag-dzieci","tag-kiermasz-swiateczny","tag-mlodziez","tag-na-gaju","tag-osiedlowy-klub-seniora-na-gaju","tag-rada-osiedla-gaj","tag-seniorzy-z-gaju","tag-swieradowska","tag-uniwersytecki-szpital-kliniczny"],"_links":{"self":[{"href":"https:\/\/online.tvk-gaj.pl\/index.php?rest_route=\/wp\/v2\/posts\/10645","targetHints":{"allow":["GET"]}}],"collection":[{"href":"https:\/\/online.tvk-gaj.pl\/index.php?rest_route=\/wp\/v2\/posts"}],"about":[{"href":"https:\/\/online.tvk-gaj.pl\/index.php?rest_route=\/wp\/v2\/types\/post"}],"author":[{"embeddable":true,"href":"https:\/\/online.tvk-gaj.pl\/index.php?rest_route=\/wp\/v2\/users\/1"}],"replies":[{"embeddable":true,"href":"https:\/\/online.tvk-gaj.pl\/index.php?rest_route=%2Fwp%2Fv2%2Fcomments&post=10645"}],"version-history":[{"count":4,"href":"https:\/\/online.tvk-gaj.pl\/index.php?rest_route=\/wp\/v2\/posts\/10645\/revisions"}],"predecessor-version":[{"id":10663,"href":"https:\/\/online.tvk-gaj.pl\/index.php?rest_route=\/wp\/v2\/posts\/10645\/revisions\/10663"}],"wp:featuredmedia":[{"embeddable":true,"href":"https:\/\/online.tvk-gaj.pl\/index.php?rest_route=\/wp\/v2\/media\/10661"}],"wp:attachment":[{"href":"https:\/\/online.tvk-gaj.pl\/index.php?rest_route=%2Fwp%2Fv2%2Fmedia&parent=10645"}],"wp:term":[{"taxonomy":"category","embeddable":true,"href":"https:\/\/online.tvk-gaj.pl\/index.php?rest_route=%2Fwp%2Fv2%2Fcategories&post=10645"},{"taxonomy":"post_tag","embeddable":true,"href":"https:\/\/online.tvk-gaj.pl\/index.php?rest_route=%2Fwp%2Fv2%2Ftags&post=10645"}],"curies":[{"name":"wp","href":"https:\/\/api.w.org\/{rel}","templated":true}]}}