{"id":10768,"date":"2018-12-14T19:54:58","date_gmt":"2018-12-14T18:54:58","guid":{"rendered":"http:\/\/www.tvk-gaj.pl\/~gajonline\/?p=10768"},"modified":"2018-12-14T19:57:33","modified_gmt":"2018-12-14T18:57:33","slug":"wigilia-osiedlowa-na-gaju","status":"publish","type":"post","link":"https:\/\/online.tvk-gaj.pl\/?p=10768","title":{"rendered":"Wigilia osiedlowa na Gaju"},"content":{"rendered":"<p>W czwartek, 13 grudnia w Szkole Podstawowej Nr 90 przy ul. Orzechowej odby\u0142a si\u0119 uroczysta wigilia osiedlowa zorganizowana przez Rad\u0119 Osiedla Gaj. Zapraszamy do fotorelacji z imprezy.&nbsp;<!--more--><\/p>\n<p>&nbsp;<\/p>\n<p><a href=\"http:\/\/www.tvk-gaj.pl\/~gajonline\/wp-content\/uploads\/2018\/12\/wigilia-ro-2018.jpg\"><img loading=\"lazy\" decoding=\"async\" class=\"aligncenter size-large wp-image-10773\" src=\"http:\/\/www.tvk-gaj.pl\/~gajonline\/wp-content\/uploads\/2018\/12\/wigilia-ro-2018-1024x504.jpg\" alt=\"\" width=\"838\" height=\"412\" srcset=\"https:\/\/online.tvk-gaj.pl\/wp-content\/uploads\/2018\/12\/wigilia-ro-2018-1024x504.jpg 1024w, https:\/\/online.tvk-gaj.pl\/wp-content\/uploads\/2018\/12\/wigilia-ro-2018-300x148.jpg 300w, https:\/\/online.tvk-gaj.pl\/wp-content\/uploads\/2018\/12\/wigilia-ro-2018-768x378.jpg 768w, https:\/\/online.tvk-gaj.pl\/wp-content\/uploads\/2018\/12\/wigilia-ro-2018.jpg 2045w\" sizes=\"auto, (max-width: 838px) 100vw, 838px\" \/><\/a><\/p>\n<p>&nbsp;<\/p>\n<p>W czwartek, 13 grudnia, odby\u0142a si\u0119 osiedlowa wigilia zorganizowana przez Rad\u0119 Osiedla Gaj. Na uroczystej, wigilijnej kolacji pojawili si\u0119 przedstawiciele Rady Osiedla, w\u0142adze miasta, przedstawiciele lokalnego biznesu, organizacji spo\u0142ecznych oraz mieszka\u0144cy i przyjaciele Gaju!&nbsp;<\/p>\n<p>Op\u0142atkowe spotkanie zorganizowane zosta\u0142o w Szkole Podstawowej Nr 90 przy ul. Orzechowej.&nbsp;<\/p>\n<p>&nbsp;<\/p>\n<p><a href=\"http:\/\/www.tvk-gaj.pl\/~gajonline\/wp-content\/uploads\/2018\/12\/IMG_20181213_171136.jpg\"><img loading=\"lazy\" decoding=\"async\" class=\"aligncenter size-large wp-image-10777\" src=\"http:\/\/www.tvk-gaj.pl\/~gajonline\/wp-content\/uploads\/2018\/12\/IMG_20181213_171136-1024x768.jpg\" alt=\"\" width=\"838\" height=\"629\" srcset=\"https:\/\/online.tvk-gaj.pl\/wp-content\/uploads\/2018\/12\/IMG_20181213_171136-1024x768.jpg 1024w, https:\/\/online.tvk-gaj.pl\/wp-content\/uploads\/2018\/12\/IMG_20181213_171136-300x225.jpg 300w, https:\/\/online.tvk-gaj.pl\/wp-content\/uploads\/2018\/12\/IMG_20181213_171136-768x576.jpg 768w\" sizes=\"auto, (max-width: 838px) 100vw, 838px\" \/><\/a><\/p>\n<p>&nbsp;<\/p>\n<p>Zgromadzonych go\u015bci przywita\u0142 Przewodnicz\u0105cy Rady Osiedla &#8222;GAJ&#8221; &#8211; Pan Adam Wojtaszewski. Nast\u0119pnie g\u0142os zabra\u0142 go\u015b\u0107 honorowy &#8211; Prezydent Wroc\u0142awia &#8211; Pan Jacek Sutryk. Swoje przem\u00f3wienia z\u0142o\u017cy\u0142a rownie\u017c Dyrektor Szko\u0142y Podstawowej Nr 90 &#8211; Pani Joanna Sinicka oraz Proboszcz Parafii \u015awi\u0119tego Franciszka z Asy\u017cu &#8211; ks. Kazimierz Sroka.&nbsp;<\/p>\n<p>&nbsp;<\/p>\n<p><a href=\"http:\/\/www.tvk-gaj.pl\/~gajonline\/wp-content\/uploads\/2018\/12\/IMG_20181213_170329.jpg\"><img loading=\"lazy\" decoding=\"async\" class=\"aligncenter size-large wp-image-10776\" src=\"http:\/\/www.tvk-gaj.pl\/~gajonline\/wp-content\/uploads\/2018\/12\/IMG_20181213_170329-1024x768.jpg\" alt=\"\" width=\"838\" height=\"629\" srcset=\"https:\/\/online.tvk-gaj.pl\/wp-content\/uploads\/2018\/12\/IMG_20181213_170329-1024x768.jpg 1024w, https:\/\/online.tvk-gaj.pl\/wp-content\/uploads\/2018\/12\/IMG_20181213_170329-300x225.jpg 300w, https:\/\/online.tvk-gaj.pl\/wp-content\/uploads\/2018\/12\/IMG_20181213_170329-768x576.jpg 768w\" sizes=\"auto, (max-width: 838px) 100vw, 838px\" \/><\/a><\/p>\n<p>&nbsp;<\/p>\n<p>Wyst\u0105pili r\u00f3wnie\u017c zaproszeni go\u015bcie, w tym m.in przedstawiciele organizacji spo\u0142ecznych (m.in. zwi\u0105zki emeryt\u00f3w, MOPS) oraz darczy\u0144cy Rady Osiedla.&nbsp;<\/p>\n<p>&nbsp;<\/p>\n<p><strong>W\u015br\u00f3d zaproszonych go\u015bci znale\u017ali si\u0119 m.in.:<\/strong><\/p>\n<ul>\n<li>prezydent Wroc\u0142awia Jacek Sutryk<\/li>\n<li>proboszcz Parafii \u015aw. Franciszka z Asy\u017cu ks. Kazimierz Sroka<\/li>\n<li>radna Rady Miejskiej Wroc\u0142awia Agnieszka Rybczak<\/li>\n<li>dyrektor SP Nr 90 Joanna Sinicka<\/li>\n<li>dyrektor SP Nr 32 Edyta Krajewska<\/li>\n<li>dyrektor Przedszkola Nr 49 Izabela Chmiel<\/li>\n<li>dyrektor Przedszkola Nr 92 Ewa Paszkowska<\/li>\n<li>prezes Centrum Handlowego Gaj Wojciech Kobierski<\/li>\n<li>przedstawiciel Fabryki Idei (CH Ferio Gaj) Justyna Zalewska<\/li>\n<li>w\u0142a\u015bciciel firmy Tatarek Jerzy Tatarek<\/li>\n<li>w\u0142a\u015bciciel Sklepu AGA Ryszard Konopka<\/li>\n<li>w\u0142a\u015bciciel Drukarni Osiedlowej Igor Mojzesowicz<\/li>\n<li>przedstawicielki MOPS Violeta Ogrodowicz i Monika Witczak-Szyma\u0144ska<\/li>\n<li>kierownik Rewiru Dzielnicowych KP Krzyki asp.szt. Grzegorz \u0141ata<\/li>\n<li>naczelnik Oddzia\u0142u Stra\u017cy Miejskiej Grzegorz Borowski<\/li>\n<li>stra\u017cnik osiedlowy Sebastian Go\u0142owacz<\/li>\n<li>prezes UKS Silesia Wroc\u0142aw Gaj Renato D\u017cugaj<\/li>\n<li>przedstawiciel Stowarzyszenia Odr\u0119bna W\u0142asno\u015b\u0107 Krynicka 2-52 Ryszard Rybicki<\/li>\n<li>przedstawicielka&nbsp;Zwi\u0105zku \u017bo\u0142nierzy Wojska Polskiego ko\u0142o \u015brodowiskowe Gaj Halina Walczyk \u2013 Makowska&nbsp;<\/li>\n<li>przewodnicz\u0105ca Polskiego Zwi\u0105zku Emeryt\u00f3w, Rencist\u00f3w i Inwalid\u00f3w RP&nbsp;Urszula Musia\u0142<\/li>\n<li>przedstawicielka&nbsp;Caritas przy parafii \u015aw. Franciszka z Asy\u017cu Wanda Dutkowska&nbsp;<\/li>\n<li>radni Rady Osiedlas Gaj<\/li>\n<li>inni szanowni go\u015bcie oraz dzieci ze Szko\u0142y Podstawowej Nr 90<\/li>\n<\/ul>\n<p>&nbsp;<\/p>\n<p>Wigili\u0119 wzbogaci\u0142 wyst\u0119p dzieci ze szko\u0142y podstawowej, kt\u00f3re przygotowa\u0142y koncert kol\u0119d.<\/p>\n<p>&nbsp;<\/p>\n<p><a href=\"http:\/\/www.tvk-gaj.pl\/~gajonline\/wp-content\/uploads\/2018\/12\/IMG_20181213_171103.jpg\"><img loading=\"lazy\" decoding=\"async\" class=\"aligncenter size-large wp-image-10778\" src=\"http:\/\/www.tvk-gaj.pl\/~gajonline\/wp-content\/uploads\/2018\/12\/IMG_20181213_171103-1024x768.jpg\" alt=\"\" width=\"838\" height=\"629\" srcset=\"https:\/\/online.tvk-gaj.pl\/wp-content\/uploads\/2018\/12\/IMG_20181213_171103-1024x768.jpg 1024w, https:\/\/online.tvk-gaj.pl\/wp-content\/uploads\/2018\/12\/IMG_20181213_171103-300x225.jpg 300w, https:\/\/online.tvk-gaj.pl\/wp-content\/uploads\/2018\/12\/IMG_20181213_171103-768x576.jpg 768w\" sizes=\"auto, (max-width: 838px) 100vw, 838px\" \/><\/a><\/p>\n<p>&nbsp;<\/p>\n<p>W \u015bwi\u0105tecznej atmosferze wigilijnej kolacji rozmawiano o osiedlu, jego historii, planach na przysz\u0142o\u015b\u0107 oraz o dzia\u0142aniach maj\u0105cych na celu integracj\u0119 mieszka\u0144c\u00f3w Osiedla.<\/p>\n<p>&nbsp;<\/p>\n<p>&nbsp;<\/p>\n<p><strong>Zapraszamy do fotorelacji ze spotkania!<\/strong><\/p>\n<p>[ngg src=&#8221;galleries&#8221; ids=&#8221;103&#8243; display=&#8221;basic_thumbnail&#8221;]<\/p>\n\n\n<p><\/p>\n","protected":false},"excerpt":{"rendered":"<p>W czwartek, 13 grudnia w Szkole Podstawowej Nr 90 przy ul. Orzechowej odby\u0142a si\u0119 uroczysta wigilia osiedlowa zorganizowana przez Rad\u0119 Osiedla Gaj. Zapraszamy do fotorelacji z imprezy.&nbsp;<\/p>\n","protected":false},"author":1,"featured_media":10773,"comment_status":"open","ping_status":"open","sticky":false,"template":"","format":"standard","meta":{"footnotes":""},"categories":[14,12],"tags":[1091,269,402,921],"class_list":["post-10768","post","type-post","status-publish","format-standard","has-post-thumbnail","hentry","category-aktualnosci","category-artykuly","tag-goscie","tag-sp-nr-90","tag-wigilia","tag-wigilia-rady-osiedla-gaj"],"_links":{"self":[{"href":"https:\/\/online.tvk-gaj.pl\/index.php?rest_route=\/wp\/v2\/posts\/10768","targetHints":{"allow":["GET"]}}],"collection":[{"href":"https:\/\/online.tvk-gaj.pl\/index.php?rest_route=\/wp\/v2\/posts"}],"about":[{"href":"https:\/\/online.tvk-gaj.pl\/index.php?rest_route=\/wp\/v2\/types\/post"}],"author":[{"embeddable":true,"href":"https:\/\/online.tvk-gaj.pl\/index.php?rest_route=\/wp\/v2\/users\/1"}],"replies":[{"embeddable":true,"href":"https:\/\/online.tvk-gaj.pl\/index.php?rest_route=%2Fwp%2Fv2%2Fcomments&post=10768"}],"version-history":[{"count":5,"href":"https:\/\/online.tvk-gaj.pl\/index.php?rest_route=\/wp\/v2\/posts\/10768\/revisions"}],"predecessor-version":[{"id":10781,"href":"https:\/\/online.tvk-gaj.pl\/index.php?rest_route=\/wp\/v2\/posts\/10768\/revisions\/10781"}],"wp:featuredmedia":[{"embeddable":true,"href":"https:\/\/online.tvk-gaj.pl\/index.php?rest_route=\/wp\/v2\/media\/10773"}],"wp:attachment":[{"href":"https:\/\/online.tvk-gaj.pl\/index.php?rest_route=%2Fwp%2Fv2%2Fmedia&parent=10768"}],"wp:term":[{"taxonomy":"category","embeddable":true,"href":"https:\/\/online.tvk-gaj.pl\/index.php?rest_route=%2Fwp%2Fv2%2Fcategories&post=10768"},{"taxonomy":"post_tag","embeddable":true,"href":"https:\/\/online.tvk-gaj.pl\/index.php?rest_route=%2Fwp%2Fv2%2Ftags&post=10768"}],"curies":[{"name":"wp","href":"https:\/\/api.w.org\/{rel}","templated":true}]}}