{"id":10799,"date":"2018-12-23T17:37:09","date_gmt":"2018-12-23T16:37:09","guid":{"rendered":"http:\/\/www.tvk-gaj.pl\/~gajonline\/?p=10799"},"modified":"2018-12-26T22:54:51","modified_gmt":"2018-12-26T21:54:51","slug":"swiateczne-zyczenia-od-rady-osiedla-gaj","status":"publish","type":"post","link":"https:\/\/online.tvk-gaj.pl\/?p=10799","title":{"rendered":"\u015awi\u0105teczne \u017cyczenia od Rady Osiedla Gaj"},"content":{"rendered":"\n<p>\u017byczenia zdrowych, pe\u0142nych mi\u0142o\u015bci, spokoju i rodzinnego ciep\u0142a \u015awi\u0105t Bo\u017cego Narodzenia oraz pomy\u015blno\u015bci i samych sukces\u00f3w w nadchodz\u0105cym Nowym Roku &#8211; \u017cycz\u0105 Radni Osiedla Gaj oraz redakcja GajOnline.<\/p>\n\n\n\n<!--more-->\n\n\n\n<p><\/p>\n\n\n\n<p>Z okazji nadchodz\u0105cych \u015awi\u0105t Narodzenia Pa\u0144skiego&nbsp;oraz zbli\u017caj\u0105cego si\u0119 wielkimi krokami nowego \u2013 2019 roku, chcieliby\u015bmy w imieniu GajOnline oraz Rady Osiedla GAJ z\u0142o\u017cy\u0107 wszystkim naszym Czytelnikom, Sympatykom oraz&nbsp;Mieszka\u0144com Osiedla najszczersze \u017cyczenia zdrowych, pogodnych i radosnych \u015awi\u0105t Bo\u017cego Narodzenia oraz pe\u0142nego pomy\u015blno\u015bci Nowego Roku!<\/p>\n\n\n\n<div class=\"wp-block-image\"><figure class=\"aligncenter\"><a href=\"http:\/\/www.tvk-gaj.pl\/~gajonline\/wp-content\/uploads\/2012\/12\/choinka.gif\"><img loading=\"lazy\" decoding=\"async\" width=\"189\" height=\"234\" src=\"http:\/\/www.tvk-gaj.pl\/~gajonline\/wp-content\/uploads\/2012\/12\/choinka.gif\" alt=\"\" class=\"wp-image-513\"\/><\/a><\/figure><\/div>\n\n\n\n<p><\/p>\n\n\n\n<p>Rada Osiedla Gaj &amp; Redakcja GajOnline<\/p>\n\n\n\n<p><\/p>\n","protected":false},"excerpt":{"rendered":"<p>\u017byczenia zdrowych, pe\u0142nych mi\u0142o\u015bci, spokoju i rodzinnego ciep\u0142a \u015awi\u0105t Bo\u017cego Narodzenia oraz pomy\u015blno\u015bci i samych sukces\u00f3w w nadchodz\u0105cym Nowym Roku &#8211; \u017cycz\u0105 Radni Osiedla Gaj oraz redakcja GajOnline.<\/p>\n","protected":false},"author":1,"featured_media":9831,"comment_status":"open","ping_status":"open","sticky":false,"template":"","format":"standard","meta":{"footnotes":""},"categories":[14],"tags":[582,112,185,581],"class_list":["post-10799","post","type-post","status-publish","format-standard","has-post-thumbnail","hentry","category-aktualnosci","tag-boze-narodzenie","tag-gaj","tag-swieta","tag-swieta-bozego-narodzenia"],"_links":{"self":[{"href":"https:\/\/online.tvk-gaj.pl\/index.php?rest_route=\/wp\/v2\/posts\/10799","targetHints":{"allow":["GET"]}}],"collection":[{"href":"https:\/\/online.tvk-gaj.pl\/index.php?rest_route=\/wp\/v2\/posts"}],"about":[{"href":"https:\/\/online.tvk-gaj.pl\/index.php?rest_route=\/wp\/v2\/types\/post"}],"author":[{"embeddable":true,"href":"https:\/\/online.tvk-gaj.pl\/index.php?rest_route=\/wp\/v2\/users\/1"}],"replies":[{"embeddable":true,"href":"https:\/\/online.tvk-gaj.pl\/index.php?rest_route=%2Fwp%2Fv2%2Fcomments&post=10799"}],"version-history":[{"count":3,"href":"https:\/\/online.tvk-gaj.pl\/index.php?rest_route=\/wp\/v2\/posts\/10799\/revisions"}],"predecessor-version":[{"id":10823,"href":"https:\/\/online.tvk-gaj.pl\/index.php?rest_route=\/wp\/v2\/posts\/10799\/revisions\/10823"}],"wp:featuredmedia":[{"embeddable":true,"href":"https:\/\/online.tvk-gaj.pl\/index.php?rest_route=\/wp\/v2\/media\/9831"}],"wp:attachment":[{"href":"https:\/\/online.tvk-gaj.pl\/index.php?rest_route=%2Fwp%2Fv2%2Fmedia&parent=10799"}],"wp:term":[{"taxonomy":"category","embeddable":true,"href":"https:\/\/online.tvk-gaj.pl\/index.php?rest_route=%2Fwp%2Fv2%2Fcategories&post=10799"},{"taxonomy":"post_tag","embeddable":true,"href":"https:\/\/online.tvk-gaj.pl\/index.php?rest_route=%2Fwp%2Fv2%2Ftags&post=10799"}],"curies":[{"name":"wp","href":"https:\/\/api.w.org\/{rel}","templated":true}]}}