{"id":10803,"date":"2018-12-26T12:38:09","date_gmt":"2018-12-26T11:38:09","guid":{"rendered":"http:\/\/www.tvk-gaj.pl\/~gajonline\/?p=10803"},"modified":"2019-01-19T21:57:07","modified_gmt":"2019-01-19T20:57:07","slug":"rada-osiedla-pomaga","status":"publish","type":"post","link":"https:\/\/online.tvk-gaj.pl\/?p=10803","title":{"rendered":"Rada Osiedla pomaga"},"content":{"rendered":"\n<p>\u015awi\u0119ta Bo\u017cego Narodzenia to wyj\u0105tkowy czas otwarcia si\u0119 na drugiego cz\u0142owieka i jego potrzeby. Jednak to nie tylko te kilka \u015bwi\u0105tecznych dni jest momentem spotkania si\u0119 z potrzebami i marzeniami naszych s\u0105siad\u00f3w, znajomych, bliskich czy zupe\u0142nie obcych dla nas os\u00f3b. W tym roku Rada Osiedla pracowicie sp\u0119dza\u0142a ostatni miesi\u0105c roku, tak aby wszyscy mieszka\u0144cy osiedla mogli cieszy\u0107 si\u0119 rado\u015bci\u0105 i ciep\u0142em p\u0142yn\u0105cymi ze \u015awi\u0105t.<\/p>\n\n\n\n<figure class=\"wp-block-image\"><img loading=\"lazy\" decoding=\"async\" width=\"800\" height=\"545\" src=\"http:\/\/www.tvk-gaj.pl\/~gajonline\/wp-content\/uploads\/2018\/12\/NJEZNRzfd1.jpg\" alt=\"\" class=\"wp-image-10804\" srcset=\"https:\/\/online.tvk-gaj.pl\/wp-content\/uploads\/2018\/12\/NJEZNRzfd1.jpg 800w, https:\/\/online.tvk-gaj.pl\/wp-content\/uploads\/2018\/12\/NJEZNRzfd1-300x204.jpg 300w, https:\/\/online.tvk-gaj.pl\/wp-content\/uploads\/2018\/12\/NJEZNRzfd1-768x523.jpg 768w, https:\/\/online.tvk-gaj.pl\/wp-content\/uploads\/2018\/12\/NJEZNRzfd1-140x94.jpg 140w\" sizes=\"auto, (max-width: 800px) 100vw, 800px\" \/><\/figure>\n\n\n\n<p><\/p>\n\n\n\n<p>W grudniu Rada Osiedla Gaj wspar\u0142a kilka charytatywnych akcji i inicjatyw.<br><br><\/p>\n\n\n\n<p><strong>1. Dofinansowanie miko\u0142ajek w przedszkolach na Gaju.<\/strong><\/p>\n\n\n\n<figure class=\"wp-block-image\"><img loading=\"lazy\" decoding=\"async\" width=\"1024\" height=\"768\" src=\"http:\/\/www.tvk-gaj.pl\/~gajonline\/wp-content\/uploads\/2015\/12\/PC060078-1024x768.jpg\" alt=\"\" class=\"wp-image-5278\" srcset=\"https:\/\/online.tvk-gaj.pl\/wp-content\/uploads\/2015\/12\/PC060078-1024x768.jpg 1024w, https:\/\/online.tvk-gaj.pl\/wp-content\/uploads\/2015\/12\/PC060078-300x225.jpg 300w\" sizes=\"auto, (max-width: 1024px) 100vw, 1024px\" \/><figcaption>OLYMPUS DIGITAL CAMERA<\/figcaption><\/figure>\n\n\n\n<p>Rada Osiedla Gaj przeznaczy\u0142a w tym roku 3600z\u0142 na dofinansowanie zakupu gier i zabawek dla przedszkoli z terenu naszego osiedla. To kwoty relatywnie du\u017ce w por\u00f3wnaniu do rocznych bud\u017cet\u00f3w plac\u00f3wek przeznaczonych na zakup gier i zabawek. Zakupione pomoce dydaktyczne przekazane zosta\u0142y plac\u00f3wkom i wraz z zorganizowanymi przez przedszkola uroczysto\u015bciami miko\u0142ajkowymi uroczy\u015bcie wr\u0119czone przez \u015aw. Miko\u0142aja w asy\u015bcie osiedlowych radnych. Dofinansowanie obj\u0119\u0142o Przedszkola Nr 49 z ul. Borowskiej, Przedszkole Nr 92 z ul. Bardzkiej oraz Przedszkole Nr 32 z ul. K\u0142odzkiej.<\/p>\n\n\n\n<p><\/p>\n\n\n\n<p><\/p>\n\n\n\n<p><strong>2. Zakup i dystrybucja paczek dla najbardziej potrzebuj\u0105cych mieszka\u0144c\u00f3w osiedla<\/strong><\/p>\n\n\n\n<figure class=\"wp-block-image\"><img loading=\"lazy\" decoding=\"async\" width=\"1024\" height=\"768\" src=\"http:\/\/www.tvk-gaj.pl\/~gajonline\/wp-content\/uploads\/2018\/12\/12378129_1048760618488132_8793912599564987628_o-1024x768.jpg\" alt=\"\" class=\"wp-image-10806\" srcset=\"https:\/\/online.tvk-gaj.pl\/wp-content\/uploads\/2018\/12\/12378129_1048760618488132_8793912599564987628_o-1024x768.jpg 1024w, https:\/\/online.tvk-gaj.pl\/wp-content\/uploads\/2018\/12\/12378129_1048760618488132_8793912599564987628_o-300x225.jpg 300w, https:\/\/online.tvk-gaj.pl\/wp-content\/uploads\/2018\/12\/12378129_1048760618488132_8793912599564987628_o-768x576.jpg 768w, https:\/\/online.tvk-gaj.pl\/wp-content\/uploads\/2018\/12\/12378129_1048760618488132_8793912599564987628_o.jpg 1632w\" sizes=\"auto, (max-width: 1024px) 100vw, 1024px\" \/><\/figure>\n\n\n\n<p>Dzi\u0119ki wsp\u00f3\u0142pracy z Departamentem Spraw Spo\u0142ecznych Urz\u0119du Miejskiego we Wroc\u0142awiu, Rada Osiedla rozda\u0142a najbardziej potrzebuj\u0105cym mieszka\u0144com Gaju paczki wigilijno-\u015bwi\u0105teczne. Paczki ufundowane przez Miasto Wroc\u0142aw pow\u0119drowa\u0142y do os\u00f3b wytypowanych przez organizacje i fundacje spo\u0142eczne dzia\u0142aj\u0105ce na Osiedlu (m.in. Caritas, MOPS). \u0141\u0105cznie uda\u0142o si\u0119 zakupi\u0107 oraz przygotowa\u0107 40 paczek za \u0142\u0105czn\u0105 kwot\u0119 6000z\u0142.<\/p>\n\n\n\n<p><\/p>\n\n\n\n<p><\/p>\n\n\n\n<p><strong>3. Charytatywny kiermasz dla dzieci ze szpitala przy ul. Borowskiej<\/strong><\/p>\n\n\n\n<figure class=\"wp-block-image\"><img loading=\"lazy\" decoding=\"async\" width=\"1024\" height=\"683\" src=\"http:\/\/www.tvk-gaj.pl\/~gajonline\/wp-content\/uploads\/2018\/12\/5-1024x683.jpg\" alt=\"\" class=\"wp-image-10693\" srcset=\"https:\/\/online.tvk-gaj.pl\/wp-content\/uploads\/2018\/12\/5-1024x683.jpg 1024w, https:\/\/online.tvk-gaj.pl\/wp-content\/uploads\/2018\/12\/5-300x200.jpg 300w, https:\/\/online.tvk-gaj.pl\/wp-content\/uploads\/2018\/12\/5-768x512.jpg 768w, https:\/\/online.tvk-gaj.pl\/wp-content\/uploads\/2018\/12\/5-321x214.jpg 321w, https:\/\/online.tvk-gaj.pl\/wp-content\/uploads\/2018\/12\/5-140x94.jpg 140w\" sizes=\"auto, (max-width: 1024px) 100vw, 1024px\" \/><\/figure>\n\n\n\n<p>W sobot\u0119, 8 grudnia, przedstawiciele Rady Osiedla Gaj przekazali do Kliniki Nefrologii Pediatrycznej Uniwersyteckiego Szpitala Klinicznego z ul. Borowskiej sprz\u0119t zakupiony z funduszy zebranych podczas kiermaszu charytatywnego w Centrum Handlowym Ferio Gaj. Przekazano m.in.: lod\u00f3wk\u0119, mikrofal\u00f3wk\u0119, sprz\u0119t muzyczny, czajnik elektryczny. Akcja zorganizowana zosta\u0142a w ramach \u201ePartnerstwa dla Gaju\u201d w kt\u00f3rej wzi\u0119\u0142y udzia\u0142: MOPS, Rada Osiedla Gaj, Szko\u0142a Podstawowa nr 90, Zesp\u00f3\u0142 Szkolno- Przedszkolny nr 21, Fundacja Dla Dobrych Dzie\u0142, O\u015brodek Szkolno-Wychowawczy, Ferio Gaj, Fundacja Bajkowy \u015awiat oraz Wroc\u0142awski Fanklub Gwiezdnych Wojen.<\/p>\n\n\n\n<p><\/p>\n\n\n\n<p><\/p>\n\n\n\n<p><strong>3. Wigilia osiedlowa oraz dzie\u0144 seniora<\/strong><\/p>\n\n\n\n<figure class=\"wp-block-image\"><img loading=\"lazy\" decoding=\"async\" width=\"1024\" height=\"768\" src=\"http:\/\/www.tvk-gaj.pl\/~gajonline\/wp-content\/uploads\/2018\/11\/IMG_20181116_172954-1024x768.jpg\" alt=\"\" class=\"wp-image-10619\" srcset=\"https:\/\/online.tvk-gaj.pl\/wp-content\/uploads\/2018\/11\/IMG_20181116_172954-1024x768.jpg 1024w, https:\/\/online.tvk-gaj.pl\/wp-content\/uploads\/2018\/11\/IMG_20181116_172954-300x225.jpg 300w, https:\/\/online.tvk-gaj.pl\/wp-content\/uploads\/2018\/11\/IMG_20181116_172954-768x576.jpg 768w\" sizes=\"auto, (max-width: 1024px) 100vw, 1024px\" \/><\/figure>\n\n\n\n<p>Tradycyjnie ju\u017c, w listopadzie oraz grudniu zorganizowano &#8222;Dzie\u0144 Seniora&#8221; oraz wigili\u0119 osiedlow\u0105. Uroczysto\u015bci zorganizowane przez Rad\u0119 Osiedla Gaj odby\u0142y si\u0119 na terenie osiedla w Szkole Podstawowej Nr 90 przy ul. Orzechowej. Zar\u00f3wno dzie\u0144 seniora jak i wigilia osiedlowa to uroczysto\u015bci maj\u0105ce na celu zintegrowa\u0107 mieszka\u0144c\u00f3w naszego osiedla oraz zaoferowa\u0107 przestrze\u0144 do wzajemnego poznania si\u0119 oraz poznania potrzeb szczeg\u00f3lnie starszych os\u00f3b oraz przyjaci\u00f3\u0142, partner\u00f3w i sponsor\u00f3w rady osiedlowej.<\/p>\n\n\n\n<p><\/p>\n\n\n\n<p><\/p>\n\n\n\n<p><strong>Warto pomaga\u0107<\/strong><\/p>\n\n\n\n<figure class=\"wp-block-image\"><img loading=\"lazy\" decoding=\"async\" width=\"800\" height=\"533\" src=\"http:\/\/www.tvk-gaj.pl\/~gajonline\/wp-content\/uploads\/2018\/11\/6.jpg\" alt=\"\" class=\"wp-image-10662\" srcset=\"https:\/\/online.tvk-gaj.pl\/wp-content\/uploads\/2018\/11\/6.jpg 800w, https:\/\/online.tvk-gaj.pl\/wp-content\/uploads\/2018\/11\/6-300x200.jpg 300w, https:\/\/online.tvk-gaj.pl\/wp-content\/uploads\/2018\/11\/6-768x512.jpg 768w, https:\/\/online.tvk-gaj.pl\/wp-content\/uploads\/2018\/11\/6-321x214.jpg 321w, https:\/\/online.tvk-gaj.pl\/wp-content\/uploads\/2018\/11\/6-140x94.jpg 140w\" sizes=\"auto, (max-width: 800px) 100vw, 800px\" \/><\/figure>\n\n\n\n<p><br>Wy\u017cej wymienione i opisane akcje to tylko wycinek pracy samorz\u0105du osiedla na rzecz jego mieszka\u0144c\u00f3w. W ostatnim czasie Rada Osiedla wspiera\u0142a r\u00f3wnie\u017c w ramach promocji r\u00f3\u017cnorodne akcje charytatywne oraz prospo\u0142eczne dzia\u0142ania miejskie. W ramach Klubu Seniora regularnie spotykaj\u0105 si\u0119 i tw\u00f3rczo sp\u0119dzaj\u0105 czas seniorzy z naszego osiedla. Wspania\u0142ym przyk\u0142adem wsp\u00f3\u0142dzia\u0142ania Rady Osiedla, Klubu Seniora, MOPS oraz naszych partner\u00f3w w postaci Centrum Handlowego Ferio Gaj oraz Fabryki Idei by\u0142 kiermasz charytatywny w CH Ferio Gaj na kt\u00f3rego potrzeby prace przygotowali m.in. seniorzy z klubu seniora.<\/p>\n\n\n\n<p><\/p>\n\n\n\n<figure class=\"wp-block-image\"><img loading=\"lazy\" decoding=\"async\" width=\"1024\" height=\"683\" src=\"http:\/\/www.tvk-gaj.pl\/~gajonline\/wp-content\/uploads\/2018\/12\/4MULTI-1024x683.jpg\" alt=\"\" class=\"wp-image-10678\" srcset=\"https:\/\/online.tvk-gaj.pl\/wp-content\/uploads\/2018\/12\/4MULTI-1024x683.jpg 1024w, https:\/\/online.tvk-gaj.pl\/wp-content\/uploads\/2018\/12\/4MULTI-300x200.jpg 300w, https:\/\/online.tvk-gaj.pl\/wp-content\/uploads\/2018\/12\/4MULTI-768x512.jpg 768w, https:\/\/online.tvk-gaj.pl\/wp-content\/uploads\/2018\/12\/4MULTI-321x214.jpg 321w, https:\/\/online.tvk-gaj.pl\/wp-content\/uploads\/2018\/12\/4MULTI-140x94.jpg 140w, https:\/\/online.tvk-gaj.pl\/wp-content\/uploads\/2018\/12\/4MULTI.jpg 1800w\" sizes=\"auto, (max-width: 1024px) 100vw, 1024px\" \/><\/figure>\n\n\n\n<p><\/p>\n\n\n\n<p>Innym przyk\u0142adem wspierania inicjatyw obywatelskich by\u0142a promocja oraz zostanie partnerem medialnym w konkursie firmy Benefit System (operatora kart Multisport) \u2013 Programu Dobry MultiUczynek.&nbsp; Projekt Zespo\u0142u Szkolno-Przedszkolnego Nr 21 z K\u0142odzkiej zwyci\u0119\u017cy\u0142 w og\u00f3lnopolskim konkursie. Dzi\u0119ki temu na naszym osiedlu zrealizowany zostanie projekt budowy centrum gier chodnikowo-korytarzowych na terenie ZSP Nr 21:)&nbsp;<br><br><\/p>\n\n\n\n<p><strong>To dla nas ogromna rado\u015b\u0107 i prawdziwe \u017ar\u00f3d\u0142o motywacji m\u00f3c uczestniczy\u0107 w akcjach takich jak wy\u017cej wspomnianych. Mamy nadziej\u0119, \u017ce w przysz\u0142ym roku uda nam si\u0119 zrealizowa\u0107 i opisa\u0107 ich jeszcze wi\u0119cej:)<\/strong>&nbsp;<\/p>\n\n\n\n<p><strong>Dzi\u0119kujemy&nbsp;wszystkim&nbsp;osobom,&nbsp;kt\u00f3re&nbsp;swoim&nbsp;zaanga\u017cowaniem&nbsp;i&nbsp;wsparciem&nbsp;przyczyni\u0142y&nbsp;si\u0119&nbsp;do&nbsp;realizacji&nbsp;plan\u00f3w&nbsp;<br>w&nbsp;konkretn\u0105&nbsp;pomoc&nbsp;dla&nbsp;Gaju&nbsp;i&nbsp;Wroc\u0142awia.<\/strong><\/p>\n\n\n\n<p><\/p>\n","protected":false},"excerpt":{"rendered":"<p>\u015awi\u0119ta Bo\u017cego Narodzenia to wyj\u0105tkowy czas otwarcia si\u0119 na drugiego cz\u0142owieka i jego potrzeby. Jednak to nie tylko te kilka \u015bwi\u0105tecznych dni jest momentem spotkania si\u0119 z potrzebami i marzeniami naszych s\u0105siad\u00f3w, znajomych, bliskich czy zupe\u0142nie obcych dla nas os\u00f3b. W tym roku Rada Osiedla pracowicie sp\u0119dza\u0142a ostatni miesi\u0105c roku, tak aby wszyscy mieszka\u0144cy osiedla [&hellip;]<\/p>\n","protected":false},"author":1,"featured_media":10831,"comment_status":"open","ping_status":"open","sticky":false,"template":"","format":"standard","meta":{"footnotes":""},"categories":[14,12],"tags":[112,173,178,1101,661,917,135,1102],"class_list":["post-10803","post","type-post","status-publish","format-standard","has-post-thumbnail","hentry","category-aktualnosci","category-artykuly","tag-gaj","tag-mikolajki","tag-paczki","tag-paczki-swiateczne","tag-pomoc","tag-przedszkola","tag-rada-osiedla-gaj","tag-szpital-borowska"],"_links":{"self":[{"href":"https:\/\/online.tvk-gaj.pl\/index.php?rest_route=\/wp\/v2\/posts\/10803","targetHints":{"allow":["GET"]}}],"collection":[{"href":"https:\/\/online.tvk-gaj.pl\/index.php?rest_route=\/wp\/v2\/posts"}],"about":[{"href":"https:\/\/online.tvk-gaj.pl\/index.php?rest_route=\/wp\/v2\/types\/post"}],"author":[{"embeddable":true,"href":"https:\/\/online.tvk-gaj.pl\/index.php?rest_route=\/wp\/v2\/users\/1"}],"replies":[{"embeddable":true,"href":"https:\/\/online.tvk-gaj.pl\/index.php?rest_route=%2Fwp%2Fv2%2Fcomments&post=10803"}],"version-history":[{"count":17,"href":"https:\/\/online.tvk-gaj.pl\/index.php?rest_route=\/wp\/v2\/posts\/10803\/revisions"}],"predecessor-version":[{"id":10824,"href":"https:\/\/online.tvk-gaj.pl\/index.php?rest_route=\/wp\/v2\/posts\/10803\/revisions\/10824"}],"wp:featuredmedia":[{"embeddable":true,"href":"https:\/\/online.tvk-gaj.pl\/index.php?rest_route=\/wp\/v2\/media\/10831"}],"wp:attachment":[{"href":"https:\/\/online.tvk-gaj.pl\/index.php?rest_route=%2Fwp%2Fv2%2Fmedia&parent=10803"}],"wp:term":[{"taxonomy":"category","embeddable":true,"href":"https:\/\/online.tvk-gaj.pl\/index.php?rest_route=%2Fwp%2Fv2%2Fcategories&post=10803"},{"taxonomy":"post_tag","embeddable":true,"href":"https:\/\/online.tvk-gaj.pl\/index.php?rest_route=%2Fwp%2Fv2%2Ftags&post=10803"}],"curies":[{"name":"wp","href":"https:\/\/api.w.org\/{rel}","templated":true}]}}