{"id":1082,"date":"2013-04-30T23:26:32","date_gmt":"2013-04-30T21:26:32","guid":{"rendered":"http:\/\/www.tvk-gaj.pl\/~gajonline\/?p=1082"},"modified":"2013-04-30T23:50:27","modified_gmt":"2013-04-30T21:50:27","slug":"otwarcie-nowego-budynku-farmacji","status":"publish","type":"post","link":"https:\/\/online.tvk-gaj.pl\/?p=1082","title":{"rendered":"Otwarcie nowego budynku Farmacji"},"content":{"rendered":"<p>W miniony pi\u0105tek, 26 kwietnia, nast\u0105pi\u0142o oficjalne otwarcie nowego budynku\u00a0Zintegrowanego Centrum Edukacji i Innowacji Wydzia\u0142u Farmaceutycznego wroc\u0142awskiego Uniwersytetu Medycznego.\u00a0<!--more--><!--more--><\/p>\n<p>O budowie nowej siedziby wydzia\u0142u farmacji pisali\u015bmy ju\u017c kilka lat temu. W minionym tygodniu oficjalnie i uroczy\u015bcie otwarto nowy budynek. Koszt inwestycji opiewa na kwot\u0119 100mln z\u0142otych, kt\u00f3re w wi\u0119kszo\u015bci wroc\u0142awska uczelnia pozyska\u0142a z \u015brodk\u00f3w unijnych.\u00a0W pi\u0119ciu budynkach b\u0119d\u0105 kszta\u0142ci\u0107 si\u0119 studenci farmacji i przyszli specjali\u015bci w zakresie nowoczesnych technologii w medycynie i farmacji.<\/p>\n<p>Uroczysto\u015b\u0107 po\u0142\u0105czona by\u0142a z ods\u0142oni\u0119ciem figurki Krasnala-Farmaceuty, kt\u00f3ra jednocze\u015bnie zosta\u0142a wpisana do rejestru na szlaku turystycznym wroc\u0142awskich krasnali.<\/p>\n<p>[mappress mapid=&#8221;8&#8243;]<\/p>\n<p>&nbsp;<\/p>\n\n\t\t<style type=\"text\/css\">\n\t\t\t#gallery-1 {\n\t\t\t\tmargin: auto;\n\t\t\t}\n\t\t\t#gallery-1 .gallery-item {\n\t\t\t\tfloat: left;\n\t\t\t\tmargin-top: 10px;\n\t\t\t\ttext-align: center;\n\t\t\t\twidth: 33%;\n\t\t\t}\n\t\t\t#gallery-1 img {\n\t\t\t\tborder: 2px solid #cfcfcf;\n\t\t\t}\n\t\t\t#gallery-1 .gallery-caption {\n\t\t\t\tmargin-left: 0;\n\t\t\t}\n\t\t\t\/* see gallery_shortcode() in wp-includes\/media.php *\/\n\t\t<\/style>\n\t\t<div id='gallery-1' class='gallery galleryid-1082 gallery-columns-3 gallery-size-thumbnail'><dl class='gallery-item'>\n\t\t\t<dt class='gallery-icon landscape'>\n\t\t\t\t<a href='https:\/\/online.tvk-gaj.pl\/?attachment_id=1088'><img loading=\"lazy\" decoding=\"async\" width=\"150\" height=\"150\" src=\"https:\/\/online.tvk-gaj.pl\/wp-content\/uploads\/2013\/04\/farmacjaotwarcie1-150x150.jpg\" class=\"attachment-thumbnail size-thumbnail\" alt=\"\" srcset=\"https:\/\/online.tvk-gaj.pl\/wp-content\/uploads\/2013\/04\/farmacjaotwarcie1-150x150.jpg 150w, https:\/\/online.tvk-gaj.pl\/wp-content\/uploads\/2013\/04\/farmacjaotwarcie1-160x160.jpg 160w, https:\/\/online.tvk-gaj.pl\/wp-content\/uploads\/2013\/04\/farmacjaotwarcie1-240x240.jpg 240w, https:\/\/online.tvk-gaj.pl\/wp-content\/uploads\/2013\/04\/farmacjaotwarcie1-60x60.jpg 60w, https:\/\/online.tvk-gaj.pl\/wp-content\/uploads\/2013\/04\/farmacjaotwarcie1-184x184.jpg 184w\" sizes=\"auto, (max-width: 150px) 100vw, 150px\" \/><\/a>\n\t\t\t<\/dt><\/dl><dl class='gallery-item'>\n\t\t\t<dt class='gallery-icon landscape'>\n\t\t\t\t<a href='https:\/\/online.tvk-gaj.pl\/?attachment_id=1089'><img loading=\"lazy\" decoding=\"async\" width=\"150\" height=\"150\" src=\"https:\/\/online.tvk-gaj.pl\/wp-content\/uploads\/2013\/04\/farmacjaotwarcie2-150x150.jpg\" class=\"attachment-thumbnail size-thumbnail\" alt=\"\" srcset=\"https:\/\/online.tvk-gaj.pl\/wp-content\/uploads\/2013\/04\/farmacjaotwarcie2-150x150.jpg 150w, https:\/\/online.tvk-gaj.pl\/wp-content\/uploads\/2013\/04\/farmacjaotwarcie2-160x160.jpg 160w, https:\/\/online.tvk-gaj.pl\/wp-content\/uploads\/2013\/04\/farmacjaotwarcie2-240x240.jpg 240w, https:\/\/online.tvk-gaj.pl\/wp-content\/uploads\/2013\/04\/farmacjaotwarcie2-60x60.jpg 60w, https:\/\/online.tvk-gaj.pl\/wp-content\/uploads\/2013\/04\/farmacjaotwarcie2-184x184.jpg 184w\" sizes=\"auto, (max-width: 150px) 100vw, 150px\" \/><\/a>\n\t\t\t<\/dt><\/dl><dl class='gallery-item'>\n\t\t\t<dt class='gallery-icon landscape'>\n\t\t\t\t<a href='https:\/\/online.tvk-gaj.pl\/?attachment_id=1090'><img loading=\"lazy\" decoding=\"async\" width=\"150\" height=\"150\" src=\"https:\/\/online.tvk-gaj.pl\/wp-content\/uploads\/2013\/04\/farmacjaotwarcie3-150x150.jpg\" class=\"attachment-thumbnail size-thumbnail\" alt=\"\" srcset=\"https:\/\/online.tvk-gaj.pl\/wp-content\/uploads\/2013\/04\/farmacjaotwarcie3-150x150.jpg 150w, https:\/\/online.tvk-gaj.pl\/wp-content\/uploads\/2013\/04\/farmacjaotwarcie3-160x160.jpg 160w, https:\/\/online.tvk-gaj.pl\/wp-content\/uploads\/2013\/04\/farmacjaotwarcie3-240x240.jpg 240w, https:\/\/online.tvk-gaj.pl\/wp-content\/uploads\/2013\/04\/farmacjaotwarcie3-60x60.jpg 60w, https:\/\/online.tvk-gaj.pl\/wp-content\/uploads\/2013\/04\/farmacjaotwarcie3-184x184.jpg 184w\" sizes=\"auto, (max-width: 150px) 100vw, 150px\" \/><\/a>\n\t\t\t<\/dt><\/dl><br style=\"clear: both\" \/><dl class='gallery-item'>\n\t\t\t<dt class='gallery-icon landscape'>\n\t\t\t\t<a href='https:\/\/online.tvk-gaj.pl\/?attachment_id=1091'><img loading=\"lazy\" decoding=\"async\" width=\"150\" height=\"150\" src=\"https:\/\/online.tvk-gaj.pl\/wp-content\/uploads\/2013\/04\/farmacjaotwarcie4-150x150.jpg\" class=\"attachment-thumbnail size-thumbnail\" alt=\"\" srcset=\"https:\/\/online.tvk-gaj.pl\/wp-content\/uploads\/2013\/04\/farmacjaotwarcie4-150x150.jpg 150w, https:\/\/online.tvk-gaj.pl\/wp-content\/uploads\/2013\/04\/farmacjaotwarcie4-160x160.jpg 160w, https:\/\/online.tvk-gaj.pl\/wp-content\/uploads\/2013\/04\/farmacjaotwarcie4-240x240.jpg 240w, https:\/\/online.tvk-gaj.pl\/wp-content\/uploads\/2013\/04\/farmacjaotwarcie4-60x60.jpg 60w, https:\/\/online.tvk-gaj.pl\/wp-content\/uploads\/2013\/04\/farmacjaotwarcie4-184x184.jpg 184w\" sizes=\"auto, (max-width: 150px) 100vw, 150px\" \/><\/a>\n\t\t\t<\/dt><\/dl><dl class='gallery-item'>\n\t\t\t<dt class='gallery-icon landscape'>\n\t\t\t\t<a href='https:\/\/online.tvk-gaj.pl\/?attachment_id=1092'><img loading=\"lazy\" decoding=\"async\" width=\"150\" height=\"150\" src=\"https:\/\/online.tvk-gaj.pl\/wp-content\/uploads\/2013\/04\/farmacjaotwarcie5-150x150.jpg\" class=\"attachment-thumbnail size-thumbnail\" alt=\"\" srcset=\"https:\/\/online.tvk-gaj.pl\/wp-content\/uploads\/2013\/04\/farmacjaotwarcie5-150x150.jpg 150w, https:\/\/online.tvk-gaj.pl\/wp-content\/uploads\/2013\/04\/farmacjaotwarcie5-160x160.jpg 160w, https:\/\/online.tvk-gaj.pl\/wp-content\/uploads\/2013\/04\/farmacjaotwarcie5-240x240.jpg 240w, https:\/\/online.tvk-gaj.pl\/wp-content\/uploads\/2013\/04\/farmacjaotwarcie5-60x60.jpg 60w, https:\/\/online.tvk-gaj.pl\/wp-content\/uploads\/2013\/04\/farmacjaotwarcie5-184x184.jpg 184w\" sizes=\"auto, (max-width: 150px) 100vw, 150px\" \/><\/a>\n\t\t\t<\/dt><\/dl><dl class='gallery-item'>\n\t\t\t<dt class='gallery-icon landscape'>\n\t\t\t\t<a href='https:\/\/online.tvk-gaj.pl\/?attachment_id=1093'><img loading=\"lazy\" decoding=\"async\" width=\"150\" height=\"150\" src=\"https:\/\/online.tvk-gaj.pl\/wp-content\/uploads\/2013\/04\/farmacjaotwarcie6-150x150.jpg\" class=\"attachment-thumbnail size-thumbnail\" alt=\"\" srcset=\"https:\/\/online.tvk-gaj.pl\/wp-content\/uploads\/2013\/04\/farmacjaotwarcie6-150x150.jpg 150w, https:\/\/online.tvk-gaj.pl\/wp-content\/uploads\/2013\/04\/farmacjaotwarcie6-160x160.jpg 160w, https:\/\/online.tvk-gaj.pl\/wp-content\/uploads\/2013\/04\/farmacjaotwarcie6-240x240.jpg 240w, https:\/\/online.tvk-gaj.pl\/wp-content\/uploads\/2013\/04\/farmacjaotwarcie6-60x60.jpg 60w, https:\/\/online.tvk-gaj.pl\/wp-content\/uploads\/2013\/04\/farmacjaotwarcie6-184x184.jpg 184w\" sizes=\"auto, (max-width: 150px) 100vw, 150px\" \/><\/a>\n\t\t\t<\/dt><\/dl><br style=\"clear: both\" \/><dl class='gallery-item'>\n\t\t\t<dt class='gallery-icon landscape'>\n\t\t\t\t<a href='https:\/\/online.tvk-gaj.pl\/?attachment_id=1094'><img loading=\"lazy\" decoding=\"async\" width=\"150\" height=\"150\" src=\"https:\/\/online.tvk-gaj.pl\/wp-content\/uploads\/2013\/04\/farmacjaotwarcie7-150x150.jpg\" class=\"attachment-thumbnail size-thumbnail\" alt=\"\" srcset=\"https:\/\/online.tvk-gaj.pl\/wp-content\/uploads\/2013\/04\/farmacjaotwarcie7-150x150.jpg 150w, https:\/\/online.tvk-gaj.pl\/wp-content\/uploads\/2013\/04\/farmacjaotwarcie7-160x160.jpg 160w, https:\/\/online.tvk-gaj.pl\/wp-content\/uploads\/2013\/04\/farmacjaotwarcie7-240x240.jpg 240w, https:\/\/online.tvk-gaj.pl\/wp-content\/uploads\/2013\/04\/farmacjaotwarcie7-60x60.jpg 60w, https:\/\/online.tvk-gaj.pl\/wp-content\/uploads\/2013\/04\/farmacjaotwarcie7-184x184.jpg 184w\" sizes=\"auto, (max-width: 150px) 100vw, 150px\" \/><\/a>\n\t\t\t<\/dt><\/dl><dl class='gallery-item'>\n\t\t\t<dt class='gallery-icon landscape'>\n\t\t\t\t<a href='https:\/\/online.tvk-gaj.pl\/?attachment_id=1095'><img loading=\"lazy\" decoding=\"async\" width=\"150\" height=\"150\" src=\"https:\/\/online.tvk-gaj.pl\/wp-content\/uploads\/2013\/04\/farmacjaotwarcie8-150x150.jpg\" class=\"attachment-thumbnail size-thumbnail\" alt=\"\" srcset=\"https:\/\/online.tvk-gaj.pl\/wp-content\/uploads\/2013\/04\/farmacjaotwarcie8-150x150.jpg 150w, https:\/\/online.tvk-gaj.pl\/wp-content\/uploads\/2013\/04\/farmacjaotwarcie8-160x160.jpg 160w, https:\/\/online.tvk-gaj.pl\/wp-content\/uploads\/2013\/04\/farmacjaotwarcie8-240x240.jpg 240w, https:\/\/online.tvk-gaj.pl\/wp-content\/uploads\/2013\/04\/farmacjaotwarcie8-60x60.jpg 60w, https:\/\/online.tvk-gaj.pl\/wp-content\/uploads\/2013\/04\/farmacjaotwarcie8-184x184.jpg 184w, https:\/\/online.tvk-gaj.pl\/wp-content\/uploads\/2013\/04\/farmacjaotwarcie8-430x431.jpg 430w\" sizes=\"auto, (max-width: 150px) 100vw, 150px\" \/><\/a>\n\t\t\t<\/dt><\/dl><dl class='gallery-item'>\n\t\t\t<dt class='gallery-icon landscape'>\n\t\t\t\t<a href='https:\/\/online.tvk-gaj.pl\/?attachment_id=1096'><img loading=\"lazy\" decoding=\"async\" width=\"150\" height=\"150\" src=\"https:\/\/online.tvk-gaj.pl\/wp-content\/uploads\/2013\/04\/farmacjaotwarcie9-150x150.jpg\" class=\"attachment-thumbnail size-thumbnail\" alt=\"\" srcset=\"https:\/\/online.tvk-gaj.pl\/wp-content\/uploads\/2013\/04\/farmacjaotwarcie9-150x150.jpg 150w, https:\/\/online.tvk-gaj.pl\/wp-content\/uploads\/2013\/04\/farmacjaotwarcie9-160x160.jpg 160w, https:\/\/online.tvk-gaj.pl\/wp-content\/uploads\/2013\/04\/farmacjaotwarcie9-240x240.jpg 240w, https:\/\/online.tvk-gaj.pl\/wp-content\/uploads\/2013\/04\/farmacjaotwarcie9-60x60.jpg 60w, https:\/\/online.tvk-gaj.pl\/wp-content\/uploads\/2013\/04\/farmacjaotwarcie9-184x184.jpg 184w\" sizes=\"auto, (max-width: 150px) 100vw, 150px\" \/><\/a>\n\t\t\t<\/dt><\/dl><br style=\"clear: both\" \/><dl class='gallery-item'>\n\t\t\t<dt class='gallery-icon landscape'>\n\t\t\t\t<a href='https:\/\/online.tvk-gaj.pl\/?attachment_id=1097'><img loading=\"lazy\" decoding=\"async\" width=\"150\" height=\"150\" src=\"https:\/\/online.tvk-gaj.pl\/wp-content\/uploads\/2013\/04\/farmacjaotwarcie10-150x150.jpg\" class=\"attachment-thumbnail size-thumbnail\" alt=\"\" srcset=\"https:\/\/online.tvk-gaj.pl\/wp-content\/uploads\/2013\/04\/farmacjaotwarcie10-150x150.jpg 150w, https:\/\/online.tvk-gaj.pl\/wp-content\/uploads\/2013\/04\/farmacjaotwarcie10-160x160.jpg 160w, https:\/\/online.tvk-gaj.pl\/wp-content\/uploads\/2013\/04\/farmacjaotwarcie10-240x240.jpg 240w, https:\/\/online.tvk-gaj.pl\/wp-content\/uploads\/2013\/04\/farmacjaotwarcie10-60x60.jpg 60w, https:\/\/online.tvk-gaj.pl\/wp-content\/uploads\/2013\/04\/farmacjaotwarcie10-184x184.jpg 184w\" sizes=\"auto, (max-width: 150px) 100vw, 150px\" \/><\/a>\n\t\t\t<\/dt><\/dl>\n\t\t\t<br style='clear: both' \/>\n\t\t<\/div>\n\n<p>&nbsp;<\/p>\n","protected":false},"excerpt":{"rendered":"<p>W miniony pi\u0105tek, 26 kwietnia, nast\u0105pi\u0142o oficjalne otwarcie nowego budynku\u00a0Zintegrowanego Centrum Edukacji i Innowacji Wydzia\u0142u Farmaceutycznego wroc\u0142awskiego Uniwersytetu Medycznego.\u00a0<\/p>\n","protected":false},"author":1,"featured_media":1085,"comment_status":"open","ping_status":"open","sticky":false,"template":"","format":"standard","meta":{"footnotes":""},"categories":[14,12],"tags":[70],"class_list":["post-1082","post","type-post","status-publish","format-standard","has-post-thumbnail","hentry","category-aktualnosci","category-artykuly","tag-otwarcie-nowego-wydzialu-farmacji-wroclaw-borowska"],"_links":{"self":[{"href":"https:\/\/online.tvk-gaj.pl\/index.php?rest_route=\/wp\/v2\/posts\/1082","targetHints":{"allow":["GET"]}}],"collection":[{"href":"https:\/\/online.tvk-gaj.pl\/index.php?rest_route=\/wp\/v2\/posts"}],"about":[{"href":"https:\/\/online.tvk-gaj.pl\/index.php?rest_route=\/wp\/v2\/types\/post"}],"author":[{"embeddable":true,"href":"https:\/\/online.tvk-gaj.pl\/index.php?rest_route=\/wp\/v2\/users\/1"}],"replies":[{"embeddable":true,"href":"https:\/\/online.tvk-gaj.pl\/index.php?rest_route=%2Fwp%2Fv2%2Fcomments&post=1082"}],"version-history":[{"count":5,"href":"https:\/\/online.tvk-gaj.pl\/index.php?rest_route=\/wp\/v2\/posts\/1082\/revisions"}],"predecessor-version":[{"id":1100,"href":"https:\/\/online.tvk-gaj.pl\/index.php?rest_route=\/wp\/v2\/posts\/1082\/revisions\/1100"}],"wp:featuredmedia":[{"embeddable":true,"href":"https:\/\/online.tvk-gaj.pl\/index.php?rest_route=\/wp\/v2\/media\/1085"}],"wp:attachment":[{"href":"https:\/\/online.tvk-gaj.pl\/index.php?rest_route=%2Fwp%2Fv2%2Fmedia&parent=1082"}],"wp:term":[{"taxonomy":"category","embeddable":true,"href":"https:\/\/online.tvk-gaj.pl\/index.php?rest_route=%2Fwp%2Fv2%2Fcategories&post=1082"},{"taxonomy":"post_tag","embeddable":true,"href":"https:\/\/online.tvk-gaj.pl\/index.php?rest_route=%2Fwp%2Fv2%2Ftags&post=1082"}],"curies":[{"name":"wp","href":"https:\/\/api.w.org\/{rel}","templated":true}]}}