{"id":10829,"date":"2019-01-19T22:01:47","date_gmt":"2019-01-19T21:01:47","guid":{"rendered":"http:\/\/www.tvk-gaj.pl\/~gajonline\/?p=10829"},"modified":"2019-01-19T22:02:58","modified_gmt":"2019-01-19T21:02:58","slug":"znamy-trase-tramwaju-linii-16","status":"publish","type":"post","link":"https:\/\/online.tvk-gaj.pl\/?p=10829","title":{"rendered":"Znamy tras\u0119 tramwaju linii 16"},"content":{"rendered":"\n<p>Znamy rozstrzygni\u0119cie wyboru trasy tramwaju linii 16!\u00a0Wed\u0142ug zapewnie\u0144 miejskich urz\u0119dnik\u00f3w now\u0105 linia tramwajow\u0105 obejmuj\u0105c\u0105 r\u00f3wnie\u017c Gaj pojedziemy jeszcze przed wakacjami. <\/p>\n\n\n\n<div class=\"wp-block-image\"><figure class=\"aligncenter\"><img loading=\"lazy\" decoding=\"async\" width=\"640\" height=\"480\" src=\"http:\/\/www.tvk-gaj.pl\/~gajonline\/wp-content\/uploads\/2013\/05\/52316211.jpg\" alt=\"\" class=\"wp-image-1247\" srcset=\"https:\/\/online.tvk-gaj.pl\/wp-content\/uploads\/2013\/05\/52316211.jpg 640w, https:\/\/online.tvk-gaj.pl\/wp-content\/uploads\/2013\/05\/52316211-300x225.jpg 300w\" sizes=\"auto, (max-width: 640px) 100vw, 640px\" \/><\/figure><\/div>\n\n\n\n<p><\/p>\n\n\n\n<p>Znamy rozstrzygni\u0119cie wyboru trasy tramwaju linii 16! W miejskiej ankiecie wi\u0119kszo\u015b\u0107 mieszka\u0144c\u00f3w oraz poproszonych o opini\u0119 rad osiedli (w tym RO Gaj) opowiedzia\u0142o si\u0119 za kr\u00f3tsza tras\u0105 (wariant nr 1) z omini\u0119ciem dworca PKP.<\/p>\n\n\n\n<p><\/p>\n\n\n\n<figure class=\"wp-block-image\"><img loading=\"lazy\" decoding=\"async\" width=\"778\" height=\"1024\" src=\"http:\/\/www.tvk-gaj.pl\/~gajonline\/wp-content\/uploads\/2019\/01\/tramwaj-16-wariant-1-large-778x1024.jpg\" alt=\"\" class=\"wp-image-10830\" srcset=\"https:\/\/online.tvk-gaj.pl\/wp-content\/uploads\/2019\/01\/tramwaj-16-wariant-1-large-778x1024.jpg 778w, https:\/\/online.tvk-gaj.pl\/wp-content\/uploads\/2019\/01\/tramwaj-16-wariant-1-large-228x300.jpg 228w, https:\/\/online.tvk-gaj.pl\/wp-content\/uploads\/2019\/01\/tramwaj-16-wariant-1-large-768x1011.jpg 768w, https:\/\/online.tvk-gaj.pl\/wp-content\/uploads\/2019\/01\/tramwaj-16-wariant-1-large.jpg 1520w\" sizes=\"auto, (max-width: 778px) 100vw, 778px\" \/><\/figure>\n\n\n\n<p><\/p>\n\n\n\n<p><\/p>\n\n\n\n<p>Wed\u0142ug zapewnie\u0144 magistratu tramwaje z numerem 16 rozpoczn\u0105 kursowanie przez ul. Hubska i Pu\u0142askiego do 2 kwarta\u0142u tego roku. Wtedy te\u017c \u00a0autobusy relacji 145\u00a0 kursowa\u0107 b\u0119d\u0105 od Armii Krajowej, przez ul.\u00a0Bardzk\u0105 do\u00a0p\u0119tli Gaj. Docelowo kursowa\u0107 maj\u0105 a\u017c do nowego ronda w Iwinach.<\/p>\n\n\n\n<p><\/p>\n\n\n\n<p>Dla mieszka\u0144c\u00f3w Gaju oznacza to bezpo\u015bredni tramwaj na Plac Grunwaldzki z przystank\u00f3w przy skrzy\u017cowaniu Armii Krajowej i Bardzkiej.<\/p>\n\n\n\n<p><\/p>\n","protected":false},"excerpt":{"rendered":"<p>Znamy rozstrzygni\u0119cie wyboru trasy tramwaju linii 16!\u00a0Wed\u0142ug zapewnie\u0144 miejskich urz\u0119dnik\u00f3w now\u0105 linia tramwajow\u0105 obejmuj\u0105c\u0105 r\u00f3wnie\u017c Gaj pojedziemy jeszcze przed wakacjami. Znamy rozstrzygni\u0119cie wyboru trasy tramwaju linii 16! W miejskiej ankiecie wi\u0119kszo\u015b\u0107 mieszka\u0144c\u00f3w oraz poproszonych o opini\u0119 rad osiedli (w tym RO Gaj) opowiedzia\u0142o si\u0119 za kr\u00f3tsza tras\u0105 (wariant nr 1) z omini\u0119ciem dworca PKP. Wed\u0142ug [&hellip;]<\/p>\n","protected":false},"author":1,"featured_media":10330,"comment_status":"open","ping_status":"open","sticky":false,"template":"","format":"standard","meta":{"footnotes":""},"categories":[14,12],"tags":[112,231,1103,703],"class_list":["post-10829","post","type-post","status-publish","format-standard","has-post-thumbnail","hentry","category-aktualnosci","category-artykuly","tag-gaj","tag-tramwaj","tag-tramwaj-16","tag-tramwaj-na-gaj"],"_links":{"self":[{"href":"https:\/\/online.tvk-gaj.pl\/index.php?rest_route=\/wp\/v2\/posts\/10829","targetHints":{"allow":["GET"]}}],"collection":[{"href":"https:\/\/online.tvk-gaj.pl\/index.php?rest_route=\/wp\/v2\/posts"}],"about":[{"href":"https:\/\/online.tvk-gaj.pl\/index.php?rest_route=\/wp\/v2\/types\/post"}],"author":[{"embeddable":true,"href":"https:\/\/online.tvk-gaj.pl\/index.php?rest_route=\/wp\/v2\/users\/1"}],"replies":[{"embeddable":true,"href":"https:\/\/online.tvk-gaj.pl\/index.php?rest_route=%2Fwp%2Fv2%2Fcomments&post=10829"}],"version-history":[{"count":2,"href":"https:\/\/online.tvk-gaj.pl\/index.php?rest_route=\/wp\/v2\/posts\/10829\/revisions"}],"predecessor-version":[{"id":10833,"href":"https:\/\/online.tvk-gaj.pl\/index.php?rest_route=\/wp\/v2\/posts\/10829\/revisions\/10833"}],"wp:featuredmedia":[{"embeddable":true,"href":"https:\/\/online.tvk-gaj.pl\/index.php?rest_route=\/wp\/v2\/media\/10330"}],"wp:attachment":[{"href":"https:\/\/online.tvk-gaj.pl\/index.php?rest_route=%2Fwp%2Fv2%2Fmedia&parent=10829"}],"wp:term":[{"taxonomy":"category","embeddable":true,"href":"https:\/\/online.tvk-gaj.pl\/index.php?rest_route=%2Fwp%2Fv2%2Fcategories&post=10829"},{"taxonomy":"post_tag","embeddable":true,"href":"https:\/\/online.tvk-gaj.pl\/index.php?rest_route=%2Fwp%2Fv2%2Ftags&post=10829"}],"curies":[{"name":"wp","href":"https:\/\/api.w.org\/{rel}","templated":true}]}}