{"id":10835,"date":"2019-01-27T12:00:11","date_gmt":"2019-01-27T11:00:11","guid":{"rendered":"http:\/\/www.tvk-gaj.pl\/~gajonline\/?p=10835"},"modified":"2019-01-27T21:09:57","modified_gmt":"2019-01-27T20:09:57","slug":"stacja-kolejowa-na-gaju-juz-za-dwa-lata","status":"publish","type":"post","link":"https:\/\/online.tvk-gaj.pl\/?p=10835","title":{"rendered":"Stacja kolejowa na Gaju ju\u017c za dwa lata?"},"content":{"rendered":"\n<p>Wed\u0142ug zapewnie\u0144 magistratu do ko\u0144ca 2020r. pojedziemy wyremontowan\u0105&nbsp;lini\u0105 kolejow\u0105 z wroc\u0142awskiego Dworca G\u0142\u00f3wnego do \u015awidnicy.  Co jednak wa\u017cne poci\u0105gi na swojej trasie zatrzymywa\u0107 b\u0119d\u0105 si\u0119 na stacjach kolejowych na po\u0142udniu miasta, w tym. m.in. przy ul. Bardzkiej\/Buforowej oraz Grota-Roweckiego. <\/p>\n\n\n\n<figure class=\"wp-block-image\"><img loading=\"lazy\" decoding=\"async\" width=\"1024\" height=\"768\" src=\"http:\/\/www.tvk-gaj.pl\/~gajonline\/wp-content\/uploads\/2019\/01\/DSC00024-1024x768.jpg\" alt=\"\" class=\"wp-image-10837\" srcset=\"https:\/\/online.tvk-gaj.pl\/wp-content\/uploads\/2019\/01\/DSC00024.jpg 1024w, https:\/\/online.tvk-gaj.pl\/wp-content\/uploads\/2019\/01\/DSC00024-300x225.jpg 300w, https:\/\/online.tvk-gaj.pl\/wp-content\/uploads\/2019\/01\/DSC00024-768x576.jpg 768w\" sizes=\"auto, (max-width: 1024px) 100vw, 1024px\" \/><figcaption>Nasyp kolejowy na po\u0142udniu Gaju. To magistrala towarowa. Poci\u0105gi pasa\u017cerskie porusza\u0107 si\u0119 b\u0119d\u0105 po po\u0142o\u017conych obok, pod wiaduktem torach kolejowych przecinaj\u0105cych m.in. ul. Buforow\u0105 i Grota Roweckiego. <\/figcaption><\/figure>\n\n\n\n<p><\/p>\n\n\n\n<p>Pod koniec stycznia samorz\u0105d wojew\u00f3dztwa podj\u0105\u0142 decyzj\u0119&nbsp;o do\u0142o\u017ceniu brakuj\u0105cych \u015brodk\u00f3w (ok. 42 mln z\u0142) do remontu linii kolejowej Wroc\u0142aw &#8211; Sob\u00f3tka &#8211; \u015awidnica.<\/p>\n\n\n\n<p>Poci\u0105gi &#8211; do \u015awidnicy (a tak\u017ce Sob\u00f3tki, Bielan Wroc\u0142awskich i po\u0142udniowych osiedli Wroc\u0142awia) maj\u0105 zacz\u0105\u0107 kursowa\u0107 na prze\u0142omie 2020 i 2021r, czyli za niespe\u0142na 2 lata. Ca\u0142a inwestycja warta b\u0119dzie ok. 245 mln z\u0142. Docelowo wyremontowana trasa ma po\u0142\u0105czy\u0107 Trzebnic\u0119, Wroc\u0142aw, Kobierzyce, Sob\u00f3tk\u0119 oraz \u015awidnic\u0119. Czas przejazdu na ca\u0142ej trasie wynie\u015b\u0107 ma ok 65 minut. <\/p>\n\n\n\n<figure class=\"wp-block-image\"><img loading=\"lazy\" decoding=\"async\" width=\"1024\" height=\"644\" src=\"http:\/\/www.tvk-gaj.pl\/~gajonline\/wp-content\/uploads\/2019\/01\/pociag1-1024x644.png\" alt=\"\" class=\"wp-image-10844\" srcset=\"https:\/\/online.tvk-gaj.pl\/wp-content\/uploads\/2019\/01\/pociag1-1024x644.png 1024w, https:\/\/online.tvk-gaj.pl\/wp-content\/uploads\/2019\/01\/pociag1-300x189.png 300w, https:\/\/online.tvk-gaj.pl\/wp-content\/uploads\/2019\/01\/pociag1-768x483.png 768w, https:\/\/online.tvk-gaj.pl\/wp-content\/uploads\/2019\/01\/pociag1.png 1184w\" sizes=\"auto, (max-width: 1024px) 100vw, 1024px\" \/><figcaption>Przejazd kolejowy przy Buforowej &#8211; to tutaj kursowa\u0107 maj\u0105 poci\u0105gi na nowej relacji<\/figcaption><\/figure>\n\n\n\n<p><\/p>\n\n\n\n<p>W okolicach Gaju poci\u0105gi Kolei Dolno\u015bl\u0105skich (kt\u00f3re b\u0119d\u0105 obs\u0142ugiwa\u0107 po\u0142\u0105czenia) zatrzymaj\u0105 si\u0119 na stacjach: Wroc\u0142aw Wojszyce przy ul. Grota-Roweckiego, Wroc\u0142aw Partynice przy ul. Zwyci\u0119skiej oraz Wroc\u0142aw &#8211; Tarnogaj przy ul. Bardzkiej\/Buforowej.<\/p>\n\n\n\n<p>Dodatkowo zaplanowana jest budowa peron\u00f3w dla ka\u017cdego kierunku ruchu na wy\u017cej wymienionych stajach. <\/p>\n\n\n\n<p>Lini\u0119 obs\u0142ugiwa\u0107 maj\u0105 nowoczesne, spalinowe szynobusy.<\/p>\n\n\n\n<figure class=\"wp-block-image\"><img loading=\"lazy\" decoding=\"async\" width=\"1024\" height=\"632\" src=\"http:\/\/www.tvk-gaj.pl\/~gajonline\/wp-content\/uploads\/2019\/01\/Link_tabor_HERO-1024x632.jpg\" alt=\"\" class=\"wp-image-10841\" srcset=\"https:\/\/online.tvk-gaj.pl\/wp-content\/uploads\/2019\/01\/Link_tabor_HERO-1024x632.jpg 1024w, https:\/\/online.tvk-gaj.pl\/wp-content\/uploads\/2019\/01\/Link_tabor_HERO-300x185.jpg 300w, https:\/\/online.tvk-gaj.pl\/wp-content\/uploads\/2019\/01\/Link_tabor_HERO-768x474.jpg 768w, https:\/\/online.tvk-gaj.pl\/wp-content\/uploads\/2019\/01\/Link_tabor_HERO.jpg 1296w\" sizes=\"auto, (max-width: 1024px) 100vw, 1024px\" \/><figcaption>Zdj\u0119cie z serwisu www.kolejedolnoslaskie.pl <\/figcaption><\/figure>\n\n\n\n<p><\/p>\n\n\n\n<p>Wed\u0142ug za\u0142o\u017ce\u0144 Kolei Dolno\u015bl\u0105skich oraz Urz\u0119du Marsza\u0142kowskiego po\u0142\u0105czenie ma pom\u00f3c w odkorkowaniu po\u0142udniowej cz\u0119\u015bci Wroc\u0142awia oraz dr\u00f3g dojazdowych z podwroc\u0142awskich miejscowo\u015bci.<\/p>\n\n\n\n<p><\/p>\n","protected":false},"excerpt":{"rendered":"<p>Wed\u0142ug zapewnie\u0144 magistratu do ko\u0144ca 2020r. pojedziemy wyremontowan\u0105&nbsp;lini\u0105 kolejow\u0105 z wroc\u0142awskiego Dworca G\u0142\u00f3wnego do \u015awidnicy. Co jednak wa\u017cne poci\u0105gi na swojej trasie zatrzymywa\u0107 b\u0119d\u0105 si\u0119 na stacjach kolejowych na po\u0142udniu miasta, w tym. m.in. przy ul. Bardzkiej\/Buforowej oraz Grota-Roweckiego. Pod koniec stycznia samorz\u0105d wojew\u00f3dztwa podj\u0105\u0142 decyzj\u0119&nbsp;o do\u0142o\u017ceniu brakuj\u0105cych \u015brodk\u00f3w (ok. 42 mln z\u0142) do remontu [&hellip;]<\/p>\n","protected":false},"author":1,"featured_media":10836,"comment_status":"open","ping_status":"open","sticky":false,"template":"","format":"standard","meta":{"footnotes":""},"categories":[14,12],"tags":[1109,1105,1107,1108],"class_list":["post-10835","post","type-post","status-publish","format-standard","has-post-thumbnail","hentry","category-aktualnosci","category-artykuly","tag-bielany","tag-pociag","tag-sleza","tag-sobotka"],"_links":{"self":[{"href":"https:\/\/online.tvk-gaj.pl\/index.php?rest_route=\/wp\/v2\/posts\/10835","targetHints":{"allow":["GET"]}}],"collection":[{"href":"https:\/\/online.tvk-gaj.pl\/index.php?rest_route=\/wp\/v2\/posts"}],"about":[{"href":"https:\/\/online.tvk-gaj.pl\/index.php?rest_route=\/wp\/v2\/types\/post"}],"author":[{"embeddable":true,"href":"https:\/\/online.tvk-gaj.pl\/index.php?rest_route=\/wp\/v2\/users\/1"}],"replies":[{"embeddable":true,"href":"https:\/\/online.tvk-gaj.pl\/index.php?rest_route=%2Fwp%2Fv2%2Fcomments&post=10835"}],"version-history":[{"count":5,"href":"https:\/\/online.tvk-gaj.pl\/index.php?rest_route=\/wp\/v2\/posts\/10835\/revisions"}],"predecessor-version":[{"id":10846,"href":"https:\/\/online.tvk-gaj.pl\/index.php?rest_route=\/wp\/v2\/posts\/10835\/revisions\/10846"}],"wp:featuredmedia":[{"embeddable":true,"href":"https:\/\/online.tvk-gaj.pl\/index.php?rest_route=\/wp\/v2\/media\/10836"}],"wp:attachment":[{"href":"https:\/\/online.tvk-gaj.pl\/index.php?rest_route=%2Fwp%2Fv2%2Fmedia&parent=10835"}],"wp:term":[{"taxonomy":"category","embeddable":true,"href":"https:\/\/online.tvk-gaj.pl\/index.php?rest_route=%2Fwp%2Fv2%2Fcategories&post=10835"},{"taxonomy":"post_tag","embeddable":true,"href":"https:\/\/online.tvk-gaj.pl\/index.php?rest_route=%2Fwp%2Fv2%2Ftags&post=10835"}],"curies":[{"name":"wp","href":"https:\/\/api.w.org\/{rel}","templated":true}]}}