{"id":10848,"date":"2019-02-10T16:03:08","date_gmt":"2019-02-10T15:03:08","guid":{"rendered":"http:\/\/www.tvk-gaj.pl\/~gajonline\/?p=10848"},"modified":"2019-02-10T16:04:27","modified_gmt":"2019-02-10T15:04:27","slug":"staz-na-start","status":"publish","type":"post","link":"https:\/\/online.tvk-gaj.pl\/?p=10848","title":{"rendered":"Sta\u017c na Start"},"content":{"rendered":"\n<p>Powiatowy Urz\u0105d Pracy we Wroc\u0142awiu organizuje program sta\u017cy dla os\u00f3b poszukuj\u0105cych zatrudnienia oraz dla pracodawc\u00f3w chc\u0105cych pozyska\u0107 sta\u017cyst\u00f3w.<\/p>\n\n\n\n<p> Publikujemy ulotk\u0119 informacyjn\u0105 projektu wraz z danymi kontaktowymi dla zainteresowanych. <\/p>\n\n\n\n<figure class=\"wp-block-image\"><img loading=\"lazy\" decoding=\"async\" width=\"1024\" height=\"726\" src=\"http:\/\/www.tvk-gaj.pl\/~gajonline\/wp-content\/uploads\/2019\/02\/Screenshot-at-Feb-10-15-56-45-1024x726.png\" alt=\"\" class=\"wp-image-10850\" srcset=\"https:\/\/online.tvk-gaj.pl\/wp-content\/uploads\/2019\/02\/Screenshot-at-Feb-10-15-56-45-1024x726.png 1024w, https:\/\/online.tvk-gaj.pl\/wp-content\/uploads\/2019\/02\/Screenshot-at-Feb-10-15-56-45-300x213.png 300w, https:\/\/online.tvk-gaj.pl\/wp-content\/uploads\/2019\/02\/Screenshot-at-Feb-10-15-56-45-768x544.png 768w, https:\/\/online.tvk-gaj.pl\/wp-content\/uploads\/2019\/02\/Screenshot-at-Feb-10-15-56-45.png 1105w\" sizes=\"auto, (max-width: 1024px) 100vw, 1024px\" \/><\/figure>\n\n\n\n<p><\/p>\n\n\n\n<figure class=\"wp-block-image\"><img loading=\"lazy\" decoding=\"async\" width=\"1024\" height=\"722\" src=\"http:\/\/www.tvk-gaj.pl\/~gajonline\/wp-content\/uploads\/2019\/02\/Screenshot-at-Feb-10-15-56-59-1024x722.png\" alt=\"\" class=\"wp-image-10851\" srcset=\"https:\/\/online.tvk-gaj.pl\/wp-content\/uploads\/2019\/02\/Screenshot-at-Feb-10-15-56-59-1024x722.png 1024w, https:\/\/online.tvk-gaj.pl\/wp-content\/uploads\/2019\/02\/Screenshot-at-Feb-10-15-56-59-300x211.png 300w, https:\/\/online.tvk-gaj.pl\/wp-content\/uploads\/2019\/02\/Screenshot-at-Feb-10-15-56-59-768x541.png 768w, https:\/\/online.tvk-gaj.pl\/wp-content\/uploads\/2019\/02\/Screenshot-at-Feb-10-15-56-59.png 1108w\" sizes=\"auto, (max-width: 1024px) 100vw, 1024px\" \/><\/figure>\n\n\n\n<p><\/p>\n\n\n\n<p>Wszystkich zainteresowanych wzi\u0119ciem udzia\u0142u w programie &#8222;Sta\u017c na start&#8221; zapraszamy do kontaktu z Powiatowym Urz\u0119dem Pracy we Wroc\u0142awiu:<\/p>\n\n\n\n<p>Powiatowy Urz\u0105d Pracy we Wroc\u0142awiu<br>ul. Gliniana 20-22, 50-525 Wroc\u0142aw<br>tel.:\u00a071-77 01 736, fax:\u00a071-77 01 630<\/p>\n\n\n\n<p><\/p>\n\n\n\n<p><\/p>\n","protected":false},"excerpt":{"rendered":"<p>Powiatowy Urz\u0105d Pracy we Wroc\u0142awiu organizuje program sta\u017cy dla os\u00f3b poszukuj\u0105cych zatrudnienia oraz dla pracodawc\u00f3w chc\u0105cych pozyska\u0107 sta\u017cyst\u00f3w. Publikujemy ulotk\u0119 informacyjn\u0105 projektu wraz z danymi kontaktowymi dla zainteresowanych. Wszystkich zainteresowanych wzi\u0119ciem udzia\u0142u w programie &#8222;Sta\u017c na start&#8221; zapraszamy do kontaktu z Powiatowym Urz\u0119dem Pracy we Wroc\u0142awiu: Powiatowy Urz\u0105d Pracy we Wroc\u0142awiuul. Gliniana 20-22, 50-525 Wroc\u0142awtel.:\u00a071-77 [&hellip;]<\/p>\n","protected":false},"author":1,"featured_media":10854,"comment_status":"open","ping_status":"open","sticky":false,"template":"","format":"standard","meta":{"footnotes":""},"categories":[14],"tags":[112,241,1112],"class_list":["post-10848","post","type-post","status-publish","format-standard","has-post-thumbnail","hentry","category-aktualnosci","tag-gaj","tag-praca","tag-staz"],"_links":{"self":[{"href":"https:\/\/online.tvk-gaj.pl\/index.php?rest_route=\/wp\/v2\/posts\/10848","targetHints":{"allow":["GET"]}}],"collection":[{"href":"https:\/\/online.tvk-gaj.pl\/index.php?rest_route=\/wp\/v2\/posts"}],"about":[{"href":"https:\/\/online.tvk-gaj.pl\/index.php?rest_route=\/wp\/v2\/types\/post"}],"author":[{"embeddable":true,"href":"https:\/\/online.tvk-gaj.pl\/index.php?rest_route=\/wp\/v2\/users\/1"}],"replies":[{"embeddable":true,"href":"https:\/\/online.tvk-gaj.pl\/index.php?rest_route=%2Fwp%2Fv2%2Fcomments&post=10848"}],"version-history":[{"count":4,"href":"https:\/\/online.tvk-gaj.pl\/index.php?rest_route=\/wp\/v2\/posts\/10848\/revisions"}],"predecessor-version":[{"id":10859,"href":"https:\/\/online.tvk-gaj.pl\/index.php?rest_route=\/wp\/v2\/posts\/10848\/revisions\/10859"}],"wp:featuredmedia":[{"embeddable":true,"href":"https:\/\/online.tvk-gaj.pl\/index.php?rest_route=\/wp\/v2\/media\/10854"}],"wp:attachment":[{"href":"https:\/\/online.tvk-gaj.pl\/index.php?rest_route=%2Fwp%2Fv2%2Fmedia&parent=10848"}],"wp:term":[{"taxonomy":"category","embeddable":true,"href":"https:\/\/online.tvk-gaj.pl\/index.php?rest_route=%2Fwp%2Fv2%2Fcategories&post=10848"},{"taxonomy":"post_tag","embeddable":true,"href":"https:\/\/online.tvk-gaj.pl\/index.php?rest_route=%2Fwp%2Fv2%2Ftags&post=10848"}],"curies":[{"name":"wp","href":"https:\/\/api.w.org\/{rel}","templated":true}]}}