{"id":10860,"date":"2019-02-10T16:22:15","date_gmt":"2019-02-10T15:22:15","guid":{"rendered":"http:\/\/www.tvk-gaj.pl\/~gajonline\/?p=10860"},"modified":"2019-02-10T16:22:35","modified_gmt":"2019-02-10T15:22:35","slug":"przetarg-na-remont-parkingu-przy-orzechowej","status":"publish","type":"post","link":"https:\/\/online.tvk-gaj.pl\/?p=10860","title":{"rendered":"Przetarg na remont parkingu przy Orzechowej"},"content":{"rendered":"\n<p>Do ko\u0144ca marca powinni\u015bmy pozna\u0107 zwyci\u0119zc\u0119 przetargu na remont parkingu przy zbiegu ul. Orzechowej i Krynickiej.\u00a0<\/p>\n\n\n\n<figure class=\"wp-block-image\"><img loading=\"lazy\" decoding=\"async\" width=\"1024\" height=\"768\" src=\"http:\/\/www.tvk-gaj.pl\/~gajonline\/wp-content\/uploads\/2019\/02\/9061806-1024x768.jpg\" alt=\"\" class=\"wp-image-10861\" srcset=\"https:\/\/online.tvk-gaj.pl\/wp-content\/uploads\/2019\/02\/9061806-1024x768.jpg 1024w, https:\/\/online.tvk-gaj.pl\/wp-content\/uploads\/2019\/02\/9061806-300x225.jpg 300w, https:\/\/online.tvk-gaj.pl\/wp-content\/uploads\/2019\/02\/9061806-768x576.jpg 768w\" sizes=\"auto, (max-width: 1024px) 100vw, 1024px\" \/><figcaption>Widok na parking od strony ul. Orzechowej<\/figcaption><\/figure>\n\n\n\n<p><\/p>\n\n\n\n<p>W odpowiedzi na og\u0142oszenie o przetargu na przebudow\u0119 parkingu przy zbiegu ulic Orzechowej i Krynickiej wp\u0142yn\u0119\u0142o 10 ofert. Zamawiaj\u0105cy, czyli ZDiUM, zamierza przeznaczy\u0107 na sfinansowanie zam\u00f3wienia kwot\u0119 w wysoko\u015bci 541 800,00 z\u0142 brutto.<br><\/p>\n\n\n\n<blockquote class=\"wp-block-quote is-layout-flow wp-block-quote-is-layout-flow\"><p>Jak podaje ZDIUM: &#8222;Istotne warunki to termin realizacji &#8211; 3 miesi\u0105ce od podpisania umowy, a tak\u017ce okresy gwarancji &#8211; 3 lata na ziele\u0144 i organizacj\u0119 ruchu docelowego oraz 5 lat na pozosta\u0142e roboty.&#8221;<\/p><\/blockquote>\n\n\n\n<figure class=\"wp-block-image\"><img loading=\"lazy\" decoding=\"async\" width=\"1024\" height=\"654\" src=\"http:\/\/www.tvk-gaj.pl\/~gajonline\/wp-content\/uploads\/2019\/02\/parking-orzechowa-krynicka-1024x654.png\" alt=\"\" class=\"wp-image-10862\" srcset=\"https:\/\/online.tvk-gaj.pl\/wp-content\/uploads\/2019\/02\/parking-orzechowa-krynicka-1024x654.png 1024w, https:\/\/online.tvk-gaj.pl\/wp-content\/uploads\/2019\/02\/parking-orzechowa-krynicka-300x192.png 300w, https:\/\/online.tvk-gaj.pl\/wp-content\/uploads\/2019\/02\/parking-orzechowa-krynicka-768x491.png 768w, https:\/\/online.tvk-gaj.pl\/wp-content\/uploads\/2019\/02\/parking-orzechowa-krynicka.png 1218w\" sizes=\"auto, (max-width: 1024px) 100vw, 1024px\" \/><figcaption>Widok z Google Maps<\/figcaption><\/figure>\n\n\n\n<p><\/p>\n\n\n\n<p>Miasto chce, aby od momentu podpisania umowy z wykonawc\u0105 remont zako\u0144czy\u0142 si\u0119 w terminie 3 miesi\u0119cy. Warto\u015b\u0107 projektu to ponad p\u00f3\u0142 miliona z\u0142otych. Przypomnijmy, \u017ce jest to jedna z inwestycji o kt\u00f3re usilnie zabiega\u0142a Rada Osiedla Gaj. Projekt powsta\u0142 w ramach Programu Inicjatyw Rad Osiedli.<\/p>\n\n\n\n<p><\/p>\n","protected":false},"excerpt":{"rendered":"<p>Do ko\u0144ca marca powinni\u015bmy pozna\u0107 zwyci\u0119zc\u0119 przetargu na remont parkingu przy zbiegu ul. Orzechowej i Krynickiej.\u00a0 W odpowiedzi na og\u0142oszenie o przetargu na przebudow\u0119 parkingu przy zbiegu ulic Orzechowej i Krynickiej wp\u0142yn\u0119\u0142o 10 ofert. Zamawiaj\u0105cy, czyli ZDiUM, zamierza przeznaczy\u0107 na sfinansowanie zam\u00f3wienia kwot\u0119 w wysoko\u015bci 541 800,00 z\u0142 brutto. Jak podaje ZDIUM: &#8222;Istotne warunki to [&hellip;]<\/p>\n","protected":false},"author":1,"featured_media":10864,"comment_status":"open","ping_status":"open","sticky":false,"template":"","format":"standard","meta":{"footnotes":""},"categories":[14,12],"tags":[158,1116,157,255],"class_list":["post-10860","post","type-post","status-publish","format-standard","has-post-thumbnail","hentry","category-aktualnosci","category-artykuly","tag-budowa","tag-orzecjowa","tag-parking","tag-przetarg"],"_links":{"self":[{"href":"https:\/\/online.tvk-gaj.pl\/index.php?rest_route=\/wp\/v2\/posts\/10860","targetHints":{"allow":["GET"]}}],"collection":[{"href":"https:\/\/online.tvk-gaj.pl\/index.php?rest_route=\/wp\/v2\/posts"}],"about":[{"href":"https:\/\/online.tvk-gaj.pl\/index.php?rest_route=\/wp\/v2\/types\/post"}],"author":[{"embeddable":true,"href":"https:\/\/online.tvk-gaj.pl\/index.php?rest_route=\/wp\/v2\/users\/1"}],"replies":[{"embeddable":true,"href":"https:\/\/online.tvk-gaj.pl\/index.php?rest_route=%2Fwp%2Fv2%2Fcomments&post=10860"}],"version-history":[{"count":2,"href":"https:\/\/online.tvk-gaj.pl\/index.php?rest_route=\/wp\/v2\/posts\/10860\/revisions"}],"predecessor-version":[{"id":10865,"href":"https:\/\/online.tvk-gaj.pl\/index.php?rest_route=\/wp\/v2\/posts\/10860\/revisions\/10865"}],"wp:featuredmedia":[{"embeddable":true,"href":"https:\/\/online.tvk-gaj.pl\/index.php?rest_route=\/wp\/v2\/media\/10864"}],"wp:attachment":[{"href":"https:\/\/online.tvk-gaj.pl\/index.php?rest_route=%2Fwp%2Fv2%2Fmedia&parent=10860"}],"wp:term":[{"taxonomy":"category","embeddable":true,"href":"https:\/\/online.tvk-gaj.pl\/index.php?rest_route=%2Fwp%2Fv2%2Fcategories&post=10860"},{"taxonomy":"post_tag","embeddable":true,"href":"https:\/\/online.tvk-gaj.pl\/index.php?rest_route=%2Fwp%2Fv2%2Ftags&post=10860"}],"curies":[{"name":"wp","href":"https:\/\/api.w.org\/{rel}","templated":true}]}}