{"id":10870,"date":"2019-02-18T21:39:23","date_gmt":"2019-02-18T20:39:23","guid":{"rendered":"http:\/\/www.tvk-gaj.pl\/~gajonline\/?p=10870"},"modified":"2019-02-18T21:41:31","modified_gmt":"2019-02-18T20:41:31","slug":"bedzie-wiecej-zieleni-na-gaju","status":"publish","type":"post","link":"https:\/\/online.tvk-gaj.pl\/?p=10870","title":{"rendered":"B\u0119dzie wi\u0119cej zieleni na Gaju"},"content":{"rendered":"\n<p>Ponad 1000 nowych drzew oraz 35 000 krzew\u00f3w. Tyle nowych nasadze\u0144 planuje tej wiosny wykona\u0107 Wroc\u0142aw. Spo\u015br\u00f3d takiej ilo\u015bci drzew i krzew\u00f3w sporo zieleni pojawi si\u0119 r\u00f3wnie\u017c na naszym osiedlu. W samym Parku Skowronim pojawi si\u0119 137 drzew! Du\u017co nasadze\u0144 zaplanowano r\u00f3wnie\u017c w nowym parku zlokalizowanym na po\u0142udniu osiedla wzd\u0142u\u017c ulicy Jerzego Kukuczki.<\/p>\n\n\n\n<figure class=\"wp-block-image\"><img loading=\"lazy\" decoding=\"async\" width=\"720\" height=\"960\" src=\"http:\/\/www.tvk-gaj.pl\/~gajonline\/wp-content\/uploads\/2019\/02\/20479740_1578777448819777_6644140889987689436_n.jpg\" alt=\"\" class=\"wp-image-10871\" srcset=\"https:\/\/online.tvk-gaj.pl\/wp-content\/uploads\/2019\/02\/20479740_1578777448819777_6644140889987689436_n.jpg 720w, https:\/\/online.tvk-gaj.pl\/wp-content\/uploads\/2019\/02\/20479740_1578777448819777_6644140889987689436_n-225x300.jpg 225w\" sizes=\"auto, (max-width: 720px) 100vw, 720px\" \/><\/figure>\n\n\n\n<p><\/p>\n\n\n\n<p><strong>Park Skowroni <\/strong><\/p>\n\n\n\n<p>Park Skowroni zlokalizowany jest na granicy trzech osiedli: Gaju, Hub i Borka. To bardzo popularne w\u015br\u00f3d mieszka\u0144c\u00f3w naszego osiedla miejsce na aktywny wypoczynek i relaks na \u0142onie natury.<\/p>\n\n\n\n<p>Zarz\u0105d Zieleni Miejskiej zapowiedzia\u0142 nasadzenia 137 drzew . Aleksandra Zienkiewicz z Zarz\u0105du Zieleni Miejskiej wylicza nast\u0119puj\u0105ce drzewa:<\/p>\n\n\n\n<blockquote class=\"wp-block-quote is-layout-flow wp-block-quote-is-layout-flow\"><p>6 klon\u00f3w polnych, 23 brz\u00f3z brodawkowatych, 1 buk pospolity, 45 daglezji zielonych, 3 d\u0119by szypu\u0142kowe, 5 d\u0119by szypu\u0142kowe 'Fastigiata&#8217;, 4 graby pospolite, 4 kasztanowce czerwone, 2 klony jawory, 2 klony pospolite, 10 lip drobnolistnych, 1 lipa szerokolistna, 4 modrzewie europejskie, 2 orzechy czarne, 15 platan\u00f3w klonolistnych, 3 metasekwoje chi\u0144skie, 7 sosn wejmutek<br><\/p><\/blockquote>\n\n\n\n<p><\/p>\n\n\n\n<figure class=\"wp-block-image\"><img loading=\"lazy\" decoding=\"async\" width=\"1024\" height=\"885\" src=\"http:\/\/www.tvk-gaj.pl\/~gajonline\/wp-content\/uploads\/2019\/02\/31764721_1855495221147997_8290079569034084352_o-1024x885.jpg\" alt=\"\" class=\"wp-image-10872\" srcset=\"https:\/\/online.tvk-gaj.pl\/wp-content\/uploads\/2019\/02\/31764721_1855495221147997_8290079569034084352_o-1024x885.jpg 1024w, https:\/\/online.tvk-gaj.pl\/wp-content\/uploads\/2019\/02\/31764721_1855495221147997_8290079569034084352_o-300x259.jpg 300w, https:\/\/online.tvk-gaj.pl\/wp-content\/uploads\/2019\/02\/31764721_1855495221147997_8290079569034084352_o-768x663.jpg 768w, https:\/\/online.tvk-gaj.pl\/wp-content\/uploads\/2019\/02\/31764721_1855495221147997_8290079569034084352_o.jpg 2048w\" sizes=\"auto, (max-width: 1024px) 100vw, 1024px\" \/><\/figure>\n\n\n\n<p><\/p>\n\n\n\n<p><strong>Nowy park na po\u0142udniu osiedla<\/strong><\/p>\n\n\n\n<p>Na po\u0142udniu osiedla, wzd\u0142u\u017c nasypu kolejowego oraz ulic Jerzego Kukuczki i K\u0142odzkiej powstaje nowy park. Na wiosn\u0119 magistrat przewidzia\u0142\u00a0nowe nasadzenia, w tym szczeg\u00f3lnie du\u017co ro\u015blinno\u015bci niskiej i \u015bredniowysokiej.<\/p>\n\n\n\n<p><br>Wszystko zapowiada w tym roku wyj\u0105tkowo zielon\u0105 wiosn\u0119 na Gaju:)<\/p>\n\n\n\n<p><\/p>\n","protected":false},"excerpt":{"rendered":"<p>Ponad 1000 nowych drzew oraz 35 000 krzew\u00f3w. Tyle nowych nasadze\u0144 planuje tej wiosny wykona\u0107 Wroc\u0142aw. Spo\u015br\u00f3d takiej ilo\u015bci drzew i krzew\u00f3w sporo zieleni pojawi si\u0119 r\u00f3wnie\u017c na naszym osiedlu. W samym Parku Skowronim pojawi si\u0119 137 drzew! Du\u017co nasadze\u0144 zaplanowano r\u00f3wnie\u017c w nowym parku zlokalizowanym na po\u0142udniu osiedla wzd\u0142u\u017c ulicy Jerzego Kukuczki. Park Skowroni [&hellip;]<\/p>\n","protected":false},"author":1,"featured_media":10871,"comment_status":"open","ping_status":"open","sticky":false,"template":"","format":"standard","meta":{"footnotes":""},"categories":[14,12],"tags":[532,1042,1120,1122,442,512],"class_list":["post-10870","post","type-post","status-publish","format-standard","has-post-thumbnail","hentry","category-aktualnosci","category-artykuly","tag-drzewa","tag-krzewy","tag-nasadzenia","tag-park-kukuczki","tag-park-skowroni","tag-zielen"],"_links":{"self":[{"href":"https:\/\/online.tvk-gaj.pl\/index.php?rest_route=\/wp\/v2\/posts\/10870","targetHints":{"allow":["GET"]}}],"collection":[{"href":"https:\/\/online.tvk-gaj.pl\/index.php?rest_route=\/wp\/v2\/posts"}],"about":[{"href":"https:\/\/online.tvk-gaj.pl\/index.php?rest_route=\/wp\/v2\/types\/post"}],"author":[{"embeddable":true,"href":"https:\/\/online.tvk-gaj.pl\/index.php?rest_route=\/wp\/v2\/users\/1"}],"replies":[{"embeddable":true,"href":"https:\/\/online.tvk-gaj.pl\/index.php?rest_route=%2Fwp%2Fv2%2Fcomments&post=10870"}],"version-history":[{"count":4,"href":"https:\/\/online.tvk-gaj.pl\/index.php?rest_route=\/wp\/v2\/posts\/10870\/revisions"}],"predecessor-version":[{"id":10878,"href":"https:\/\/online.tvk-gaj.pl\/index.php?rest_route=\/wp\/v2\/posts\/10870\/revisions\/10878"}],"wp:featuredmedia":[{"embeddable":true,"href":"https:\/\/online.tvk-gaj.pl\/index.php?rest_route=\/wp\/v2\/media\/10871"}],"wp:attachment":[{"href":"https:\/\/online.tvk-gaj.pl\/index.php?rest_route=%2Fwp%2Fv2%2Fmedia&parent=10870"}],"wp:term":[{"taxonomy":"category","embeddable":true,"href":"https:\/\/online.tvk-gaj.pl\/index.php?rest_route=%2Fwp%2Fv2%2Fcategories&post=10870"},{"taxonomy":"post_tag","embeddable":true,"href":"https:\/\/online.tvk-gaj.pl\/index.php?rest_route=%2Fwp%2Fv2%2Ftags&post=10870"}],"curies":[{"name":"wp","href":"https:\/\/api.w.org\/{rel}","templated":true}]}}