{"id":10879,"date":"2019-02-23T11:29:15","date_gmt":"2019-02-23T10:29:15","guid":{"rendered":"http:\/\/www.tvk-gaj.pl\/~gajonline\/?p=10879"},"modified":"2019-03-04T21:11:18","modified_gmt":"2019-03-04T20:11:18","slug":"1-marca-rusza-sezon-roweru-miejskiego","status":"publish","type":"post","link":"https:\/\/online.tvk-gaj.pl\/?p=10879","title":{"rendered":"25 marca rusza nowy sezon roweru miejskiego!"},"content":{"rendered":"\n<p>25 marca rusza tegoroczny sezon Wroc\u0142awskiego Roweru Miejskiego. Operator WRM, firma Nextbike, wprowadza sporo zmian od tego sezonu. M.in. znacznie rozbudowana zosta\u0142a ilo\u015b\u0107 stacji, w tym r\u00f3wnie\u017c na Gaju.  <\/p>\n\n\n\n<figure class=\"wp-block-image\"><img loading=\"lazy\" decoding=\"async\" width=\"576\" height=\"1024\" src=\"http:\/\/www.tvk-gaj.pl\/~gajonline\/wp-content\/uploads\/2018\/07\/2015-04-20-19.49.46-576x1024.jpg\" alt=\"\" class=\"wp-image-10211\" srcset=\"https:\/\/online.tvk-gaj.pl\/wp-content\/uploads\/2018\/07\/2015-04-20-19.49.46-576x1024.jpg 576w, https:\/\/online.tvk-gaj.pl\/wp-content\/uploads\/2018\/07\/2015-04-20-19.49.46-169x300.jpg 169w, https:\/\/online.tvk-gaj.pl\/wp-content\/uploads\/2018\/07\/2015-04-20-19.49.46-768x1365.jpg 768w, https:\/\/online.tvk-gaj.pl\/wp-content\/uploads\/2018\/07\/2015-04-20-19.49.46.jpg 1080w\" sizes=\"auto, (max-width: 576px) 100vw, 576px\" \/><\/figure>\n\n\n\n<p><\/p>\n\n\n\n<p>Rok 2018 okaza\u0142 si\u0119 rekordowy dla Wroc\u0142awskiego Roweru Miejskiego. Wroc\u0142awianie bardzo polubili t\u0119 form\u0119 komunikacji po mie\u015bcie. R\u00f3wnie\u017c mieszka\u0144cy Gaju cz\u0119sto poruszali potrzeb\u0119 rozbudowy infrastruktury na osiedlu. <\/p>\n\n\n\n<p>Od sezonu 2019 operator systemu,  firma Nextbike, znacznie rozszerza swoj\u0105 ofert\u0119, r\u00f3wnie\u017c w kontek\u015bcie budowy nowych stacji.  Od 2019 roku WRM b\u0119dzie \u0142\u0105cznie liczy\u0107 200 stacji i 2 tys. nowych rower\u00f3w. <\/p>\n\n\n\n<figure class=\"wp-block-image\"><img loading=\"lazy\" decoding=\"async\" width=\"912\" height=\"655\" src=\"http:\/\/www.tvk-gaj.pl\/~gajonline\/wp-content\/uploads\/2019\/02\/Screenshot-at-Feb-23-11-00-48.png\" alt=\"\" class=\"wp-image-10880\" srcset=\"https:\/\/online.tvk-gaj.pl\/wp-content\/uploads\/2019\/02\/Screenshot-at-Feb-23-11-00-48.png 912w, https:\/\/online.tvk-gaj.pl\/wp-content\/uploads\/2019\/02\/Screenshot-at-Feb-23-11-00-48-300x215.png 300w, https:\/\/online.tvk-gaj.pl\/wp-content\/uploads\/2019\/02\/Screenshot-at-Feb-23-11-00-48-768x552.png 768w\" sizes=\"auto, (max-width: 912px) 100vw, 912px\" \/><\/figure>\n\n\n\n<p><\/p>\n\n\n\n<p>Nowe stacje dzia\u0142a\u0107 b\u0119d\u0119 przy ul. \u015awieradowskiej (przy Centrum Handlowym Ferio Gaj) oraz przy ul. Borowskiej (przy Szpitalu). Docelowo na terenie Gaju dzia\u0142a\u0107 b\u0119dzie 5 stacji miejskiego roweru: <\/p>\n\n\n\n<p><br>1.  Stacja przy skrzy\u017cowaniu Armii Krajowej\/Borowskiej (vis a vis Lidla)<br>2. Stacja przy skrzy\u017cowaniu \u015awieradowskiej\/Bardzkiej (przy parkingu Park   <br>    And Ride)<br>3. Stacja przy ul. Krynickiej<br>4. Stacja przy ul. \u015awieradowskiej (przy Centrum Handlowym Ferio Gaj)<br>5. Stacja przy ul. Borowskiej (przy szpitalu)<\/p>\n\n\n\n<figure class=\"wp-block-image\"><img loading=\"lazy\" decoding=\"async\" width=\"1024\" height=\"576\" src=\"http:\/\/www.tvk-gaj.pl\/~gajonline\/wp-content\/uploads\/2015\/04\/2015-04-20-17.56.17-1024x576.jpg\" alt=\"\" class=\"wp-image-3986\" srcset=\"https:\/\/online.tvk-gaj.pl\/wp-content\/uploads\/2015\/04\/2015-04-20-17.56.17-1024x576.jpg 1024w, https:\/\/online.tvk-gaj.pl\/wp-content\/uploads\/2015\/04\/2015-04-20-17.56.17-300x169.jpg 300w, https:\/\/online.tvk-gaj.pl\/wp-content\/uploads\/2015\/04\/2015-04-20-17.56.17.jpg 1920w\" sizes=\"auto, (max-width: 1024px) 100vw, 1024px\" \/><\/figure>\n\n\n\n<p><\/p>\n\n\n\n<p>Opr\u00f3cz nowych punkt\u00f3w wypo\u017cycze\u0144 w ofercie operatora pojawi\u0105 si\u0119 r\u00f3wnie\u017c nowe rowery specjalne (m.in. elektryczne, dwuosobowe, dzieci\u0119ce). <\/p>\n\n\n\n<p>Cennik pozosta\u0107 ma bez zmian. <\/p>\n\n\n\n<p>Wi\u0119cej informacji znajdziecie na stronie <a rel=\"noreferrer noopener\" aria-label=\"operatora (opens in a new tab)\" href=\"https:\/\/nextbike.pl\/\" target=\"_blank\">operatora<\/a> oraz <a rel=\"noreferrer noopener\" aria-label=\"Wroc\u0142awia (opens in a new tab)\" href=\"http:\/\/www.wroclaw.pl\" target=\"_blank\">Wroc\u0142awia<\/a>. <\/p>\n\n\n\n<p><\/p>\n","protected":false},"excerpt":{"rendered":"<p>25 marca rusza tegoroczny sezon Wroc\u0142awskiego Roweru Miejskiego. Operator WRM, firma Nextbike, wprowadza sporo zmian od tego sezonu. M.in. znacznie rozbudowana zosta\u0142a ilo\u015b\u0107 stacji, w tym r\u00f3wnie\u017c na Gaju. Rok 2018 okaza\u0142 si\u0119 rekordowy dla Wroc\u0142awskiego Roweru Miejskiego. Wroc\u0142awianie bardzo polubili t\u0119 form\u0119 komunikacji po mie\u015bcie. R\u00f3wnie\u017c mieszka\u0144cy Gaju cz\u0119sto poruszali potrzeb\u0119 rozbudowy infrastruktury na [&hellip;]<\/p>\n","protected":false},"author":1,"featured_media":10210,"comment_status":"open","ping_status":"open","sticky":false,"template":"","format":"standard","meta":{"footnotes":""},"categories":[14,12],"tags":[1127,1124,1125,1123],"class_list":["post-10879","post","type-post","status-publish","format-standard","has-post-thumbnail","hentry","category-aktualnosci","category-artykuly","tag-stacja","tag-stacje","tag-stacje-na-gaju","tag-wroclawski-rower-miejski"],"_links":{"self":[{"href":"https:\/\/online.tvk-gaj.pl\/index.php?rest_route=\/wp\/v2\/posts\/10879","targetHints":{"allow":["GET"]}}],"collection":[{"href":"https:\/\/online.tvk-gaj.pl\/index.php?rest_route=\/wp\/v2\/posts"}],"about":[{"href":"https:\/\/online.tvk-gaj.pl\/index.php?rest_route=\/wp\/v2\/types\/post"}],"author":[{"embeddable":true,"href":"https:\/\/online.tvk-gaj.pl\/index.php?rest_route=\/wp\/v2\/users\/1"}],"replies":[{"embeddable":true,"href":"https:\/\/online.tvk-gaj.pl\/index.php?rest_route=%2Fwp%2Fv2%2Fcomments&post=10879"}],"version-history":[{"count":3,"href":"https:\/\/online.tvk-gaj.pl\/index.php?rest_route=\/wp\/v2\/posts\/10879\/revisions"}],"predecessor-version":[{"id":10884,"href":"https:\/\/online.tvk-gaj.pl\/index.php?rest_route=\/wp\/v2\/posts\/10879\/revisions\/10884"}],"wp:featuredmedia":[{"embeddable":true,"href":"https:\/\/online.tvk-gaj.pl\/index.php?rest_route=\/wp\/v2\/media\/10210"}],"wp:attachment":[{"href":"https:\/\/online.tvk-gaj.pl\/index.php?rest_route=%2Fwp%2Fv2%2Fmedia&parent=10879"}],"wp:term":[{"taxonomy":"category","embeddable":true,"href":"https:\/\/online.tvk-gaj.pl\/index.php?rest_route=%2Fwp%2Fv2%2Fcategories&post=10879"},{"taxonomy":"post_tag","embeddable":true,"href":"https:\/\/online.tvk-gaj.pl\/index.php?rest_route=%2Fwp%2Fv2%2Ftags&post=10879"}],"curies":[{"name":"wp","href":"https:\/\/api.w.org\/{rel}","templated":true}]}}