{"id":10885,"date":"2019-03-04T21:22:54","date_gmt":"2019-03-04T20:22:54","guid":{"rendered":"http:\/\/www.tvk-gaj.pl\/~gajonline\/?p=10885"},"modified":"2019-03-04T21:23:05","modified_gmt":"2019-03-04T20:23:05","slug":"ogloszenie-prezydenta-wroclawia","status":"publish","type":"post","link":"https:\/\/online.tvk-gaj.pl\/?p=10885","title":{"rendered":"Og\u0142oszenie Prezydenta Wroc\u0142awia"},"content":{"rendered":"\n<p>Zamieszczamy do informacji publicznej obwieszczenie Prezydenta Wroc\u0142awia dotycz\u0105ce mo\u017cliwo\u015bci zapoznania si\u0119 z aktualizacj\u0105 planu gospodarki niskoemisyjnej dla Wroc\u0142awia.<\/p>\n\n\n\n<figure class=\"wp-block-image\"><img loading=\"lazy\" decoding=\"async\" width=\"602\" height=\"848\" src=\"http:\/\/www.tvk-gaj.pl\/~gajonline\/wp-content\/uploads\/2019\/03\/ogloszenieprezydenta040319.png\" alt=\"\" class=\"wp-image-10886\" srcset=\"https:\/\/online.tvk-gaj.pl\/wp-content\/uploads\/2019\/03\/ogloszenieprezydenta040319.png 602w, https:\/\/online.tvk-gaj.pl\/wp-content\/uploads\/2019\/03\/ogloszenieprezydenta040319-213x300.png 213w\" sizes=\"auto, (max-width: 602px) 100vw, 602px\" \/><\/figure>\n\n\n\n<p><\/p>\n\n\n\n<p><\/p>\n","protected":false},"excerpt":{"rendered":"<p>Zamieszczamy do informacji publicznej obwieszczenie Prezydenta Wroc\u0142awia dotycz\u0105ce mo\u017cliwo\u015bci zapoznania si\u0119 z aktualizacj\u0105 planu gospodarki niskoemisyjnej dla Wroc\u0142awia.<\/p>\n","protected":false},"author":1,"featured_media":10887,"comment_status":"open","ping_status":"open","sticky":false,"template":"","format":"standard","meta":{"footnotes":""},"categories":[14],"tags":[1132,1128,124,376],"class_list":["post-10885","post","type-post","status-publish","format-standard","has-post-thumbnail","hentry","category-aktualnosci","tag-gospodarka-niskoemisyjna","tag-obieszczenie","tag-ogloszenie","tag-prezydent-wroclawia"],"_links":{"self":[{"href":"https:\/\/online.tvk-gaj.pl\/index.php?rest_route=\/wp\/v2\/posts\/10885","targetHints":{"allow":["GET"]}}],"collection":[{"href":"https:\/\/online.tvk-gaj.pl\/index.php?rest_route=\/wp\/v2\/posts"}],"about":[{"href":"https:\/\/online.tvk-gaj.pl\/index.php?rest_route=\/wp\/v2\/types\/post"}],"author":[{"embeddable":true,"href":"https:\/\/online.tvk-gaj.pl\/index.php?rest_route=\/wp\/v2\/users\/1"}],"replies":[{"embeddable":true,"href":"https:\/\/online.tvk-gaj.pl\/index.php?rest_route=%2Fwp%2Fv2%2Fcomments&post=10885"}],"version-history":[{"count":1,"href":"https:\/\/online.tvk-gaj.pl\/index.php?rest_route=\/wp\/v2\/posts\/10885\/revisions"}],"predecessor-version":[{"id":10888,"href":"https:\/\/online.tvk-gaj.pl\/index.php?rest_route=\/wp\/v2\/posts\/10885\/revisions\/10888"}],"wp:featuredmedia":[{"embeddable":true,"href":"https:\/\/online.tvk-gaj.pl\/index.php?rest_route=\/wp\/v2\/media\/10887"}],"wp:attachment":[{"href":"https:\/\/online.tvk-gaj.pl\/index.php?rest_route=%2Fwp%2Fv2%2Fmedia&parent=10885"}],"wp:term":[{"taxonomy":"category","embeddable":true,"href":"https:\/\/online.tvk-gaj.pl\/index.php?rest_route=%2Fwp%2Fv2%2Fcategories&post=10885"},{"taxonomy":"post_tag","embeddable":true,"href":"https:\/\/online.tvk-gaj.pl\/index.php?rest_route=%2Fwp%2Fv2%2Ftags&post=10885"}],"curies":[{"name":"wp","href":"https:\/\/api.w.org\/{rel}","templated":true}]}}