{"id":10889,"date":"2019-03-10T12:50:11","date_gmt":"2019-03-10T11:50:11","guid":{"rendered":"http:\/\/www.tvk-gaj.pl\/~gajonline\/?p=10889"},"modified":"2019-03-10T12:50:12","modified_gmt":"2019-03-10T11:50:12","slug":"promenada-krzycka-konsultacje-spoleczne","status":"publish","type":"post","link":"https:\/\/online.tvk-gaj.pl\/?p=10889","title":{"rendered":"Promenada Krzycka &#8211; konsultacje spo\u0142eczne"},"content":{"rendered":"\n<p>Zach\u0119camy do wzi\u0119cia udzia\u0142u w miejskich konsultacjach spo\u0142ecznych dotycz\u0105cych tzw. Promenady Krzyckiej, czyli zielonej \u015bcie\u017cki pieszo-rowerowej biegn\u0105cej wzd\u0142u\u017c nasypu kolejowego oddzielaj\u0105cego m.in. Gaj od Wojszyc.<\/p>\n\n\n\n<figure class=\"wp-block-image\"><img loading=\"lazy\" decoding=\"async\" width=\"724\" height=\"1024\" src=\"http:\/\/www.tvk-gaj.pl\/~gajonline\/wp-content\/uploads\/2019\/03\/Promenada-Krzycka-plakat-724x1024.png\" alt=\"\" class=\"wp-image-10890\" srcset=\"https:\/\/online.tvk-gaj.pl\/wp-content\/uploads\/2019\/03\/Promenada-Krzycka-plakat-724x1024.png 724w, https:\/\/online.tvk-gaj.pl\/wp-content\/uploads\/2019\/03\/Promenada-Krzycka-plakat-212x300.png 212w, https:\/\/online.tvk-gaj.pl\/wp-content\/uploads\/2019\/03\/Promenada-Krzycka-plakat-768x1086.png 768w, https:\/\/online.tvk-gaj.pl\/wp-content\/uploads\/2019\/03\/Promenada-Krzycka-plakat.png 1818w\" sizes=\"auto, (max-width: 724px) 100vw, 724px\" \/><\/figure>\n\n\n\n<p>Zapraszamy do wzi\u0119cia udzia\u0142u w konsultacjach dotycz\u0105cych koncepcji Promenady Krzyckiej.<\/p>\n\n\n\n<p>Szczeg\u00f3\u0142y na stronie internetowej: <a href=\"https:\/\/www.wroclaw.pl\/rozmawia\/promenada_krzycka_konsultacje\" target=\"_blank\" rel=\"noreferrer noopener\" aria-label=\"https:\/\/www.wroclaw.pl\/rozmawia\/promenada_krzycka_konsultacje (opens in a new tab)\">https:\/\/www.wroclaw.pl\/rozmawia\/promenada_krzycka_konsultacje<\/a><\/p>\n\n\n\n<p>SPOTKANIE KONSULTACYJNE | 13 marca 2019, g. 17.00 | ODA Firlej, ul. Grabiszy\u0144ska 56<\/p>\n\n\n\n<p>FORMULARZ OPINII | 27.02\u201331.03.2019<\/p>\n\n\n\n<p><\/p>\n\n\n\n<figure class=\"wp-block-image\"><img loading=\"lazy\" decoding=\"async\" width=\"800\" height=\"565\" src=\"http:\/\/www.tvk-gaj.pl\/~gajonline\/wp-content\/uploads\/2019\/03\/promenada-krzycka-etapy.png\" alt=\"\" class=\"wp-image-10891\" srcset=\"https:\/\/online.tvk-gaj.pl\/wp-content\/uploads\/2019\/03\/promenada-krzycka-etapy.png 800w, https:\/\/online.tvk-gaj.pl\/wp-content\/uploads\/2019\/03\/promenada-krzycka-etapy-300x212.png 300w, https:\/\/online.tvk-gaj.pl\/wp-content\/uploads\/2019\/03\/promenada-krzycka-etapy-768x542.png 768w\" sizes=\"auto, (max-width: 800px) 100vw, 800px\" \/><\/figure>\n\n\n\n<p><\/p>\n\n\n\n<figure class=\"wp-block-image\"><img loading=\"lazy\" decoding=\"async\" width=\"800\" height=\"565\" src=\"http:\/\/www.tvk-gaj.pl\/~gajonline\/wp-content\/uploads\/2019\/03\/promenada-krzycka-segmenty.png\" alt=\"\" class=\"wp-image-10892\" srcset=\"https:\/\/online.tvk-gaj.pl\/wp-content\/uploads\/2019\/03\/promenada-krzycka-segmenty.png 800w, https:\/\/online.tvk-gaj.pl\/wp-content\/uploads\/2019\/03\/promenada-krzycka-segmenty-300x212.png 300w, https:\/\/online.tvk-gaj.pl\/wp-content\/uploads\/2019\/03\/promenada-krzycka-segmenty-768x542.png 768w\" sizes=\"auto, (max-width: 800px) 100vw, 800px\" \/><\/figure>\n\n\n\n<p><\/p>\n\n\n\n<p>Rada Osiedla Gaj zach\u0119ca do wzi\u0119cia udzia\u0142u w konsultacjach! Wasz g\u0142os ma znaczenie!<\/p>\n\n\n\n<p><\/p>\n","protected":false},"excerpt":{"rendered":"<p>Zach\u0119camy do wzi\u0119cia udzia\u0142u w miejskich konsultacjach spo\u0142ecznych dotycz\u0105cych tzw. Promenady Krzyckiej, czyli zielonej \u015bcie\u017cki pieszo-rowerowej biegn\u0105cej wzd\u0142u\u017c nasypu kolejowego oddzielaj\u0105cego m.in. Gaj od Wojszyc. Zapraszamy do wzi\u0119cia udzia\u0142u w konsultacjach dotycz\u0105cych koncepcji Promenady Krzyckiej. Szczeg\u00f3\u0142y na stronie internetowej: https:\/\/www.wroclaw.pl\/rozmawia\/promenada_krzycka_konsultacje SPOTKANIE KONSULTACYJNE | 13 marca 2019, g. 17.00 | ODA Firlej, ul. Grabiszy\u0144ska 56 FORMULARZ [&hellip;]<\/p>\n","protected":false},"author":1,"featured_media":10894,"comment_status":"open","ping_status":"open","sticky":false,"template":"","format":"standard","meta":{"footnotes":""},"categories":[14],"tags":[112,166,1134,1009],"class_list":["post-10889","post","type-post","status-publish","format-standard","has-post-thumbnail","hentry","category-aktualnosci","tag-gaj","tag-osiedle-gaj","tag-promenada","tag-promenada-krzycka"],"_links":{"self":[{"href":"https:\/\/online.tvk-gaj.pl\/index.php?rest_route=\/wp\/v2\/posts\/10889","targetHints":{"allow":["GET"]}}],"collection":[{"href":"https:\/\/online.tvk-gaj.pl\/index.php?rest_route=\/wp\/v2\/posts"}],"about":[{"href":"https:\/\/online.tvk-gaj.pl\/index.php?rest_route=\/wp\/v2\/types\/post"}],"author":[{"embeddable":true,"href":"https:\/\/online.tvk-gaj.pl\/index.php?rest_route=\/wp\/v2\/users\/1"}],"replies":[{"embeddable":true,"href":"https:\/\/online.tvk-gaj.pl\/index.php?rest_route=%2Fwp%2Fv2%2Fcomments&post=10889"}],"version-history":[{"count":3,"href":"https:\/\/online.tvk-gaj.pl\/index.php?rest_route=\/wp\/v2\/posts\/10889\/revisions"}],"predecessor-version":[{"id":10896,"href":"https:\/\/online.tvk-gaj.pl\/index.php?rest_route=\/wp\/v2\/posts\/10889\/revisions\/10896"}],"wp:featuredmedia":[{"embeddable":true,"href":"https:\/\/online.tvk-gaj.pl\/index.php?rest_route=\/wp\/v2\/media\/10894"}],"wp:attachment":[{"href":"https:\/\/online.tvk-gaj.pl\/index.php?rest_route=%2Fwp%2Fv2%2Fmedia&parent=10889"}],"wp:term":[{"taxonomy":"category","embeddable":true,"href":"https:\/\/online.tvk-gaj.pl\/index.php?rest_route=%2Fwp%2Fv2%2Fcategories&post=10889"},{"taxonomy":"post_tag","embeddable":true,"href":"https:\/\/online.tvk-gaj.pl\/index.php?rest_route=%2Fwp%2Fv2%2Ftags&post=10889"}],"curies":[{"name":"wp","href":"https:\/\/api.w.org\/{rel}","templated":true}]}}