{"id":10900,"date":"2019-03-11T20:50:37","date_gmt":"2019-03-11T19:50:37","guid":{"rendered":"http:\/\/www.tvk-gaj.pl\/~gajonline\/?p=10900"},"modified":"2019-03-22T09:53:18","modified_gmt":"2019-03-22T08:53:18","slug":"zmarla-nina-paczosa-byla-radna-osiedla-gaj","status":"publish","type":"post","link":"https:\/\/online.tvk-gaj.pl\/?p=10900","title":{"rendered":"Zmar\u0142a Nina Paczosa &#8211; by\u0142a Radna Osiedla Gaj"},"content":{"rendered":"\n<p>Z g\u0142\u0119bokim \u017calem informujemy, \u017ce zmar\u0142a Pani Nina Paczosa &#8211; Radna Osiedla Gaj w kadencji 2001-2005.<\/p>\n\n\n\n<figure class=\"wp-block-image\"><img loading=\"lazy\" decoding=\"async\" width=\"888\" height=\"430\" src=\"http:\/\/www.tvk-gaj.pl\/~gajonline\/wp-content\/uploads\/2018\/04\/znicz2.jpg\" alt=\"\" class=\"wp-image-10019\" srcset=\"https:\/\/online.tvk-gaj.pl\/wp-content\/uploads\/2018\/04\/znicz2.jpg 888w, https:\/\/online.tvk-gaj.pl\/wp-content\/uploads\/2018\/04\/znicz2-300x145.jpg 300w, https:\/\/online.tvk-gaj.pl\/wp-content\/uploads\/2018\/04\/znicz2-768x372.jpg 768w, https:\/\/online.tvk-gaj.pl\/wp-content\/uploads\/2018\/04\/znicz2-578x280.jpg 578w\" sizes=\"auto, (max-width: 888px) 100vw, 888px\" \/><\/figure>\n\n\n\n<p><\/p>\n\n\n\n<p><\/p>\n\n\n\n<p>Rodzinie oraz przyjacio\u0142om sk\u0142adamy najszczersze kondolencje.<\/p>\n\n\n\n<p>Przewodnicz\u0105cy Rady Osiedla Gaj &#8211; Adam Wojtaszewski.<\/p>\n\n\n\n<p><\/p>\n","protected":false},"excerpt":{"rendered":"<p>Z g\u0142\u0119bokim \u017calem informujemy, \u017ce zmar\u0142a Pani Nina Paczosa &#8211; Radna Osiedla Gaj w kadencji 2001-2005. Rodzinie oraz przyjacio\u0142om sk\u0142adamy najszczersze kondolencje. Przewodnicz\u0105cy Rady Osiedla Gaj &#8211; Adam Wojtaszewski.<\/p>\n","protected":false},"author":1,"featured_media":10019,"comment_status":"open","ping_status":"open","sticky":false,"template":"","format":"standard","meta":{"footnotes":""},"categories":[14],"tags":[1136,135],"class_list":["post-10900","post","type-post","status-publish","format-standard","has-post-thumbnail","hentry","category-aktualnosci","tag-nina-paczosa","tag-rada-osiedla-gaj"],"_links":{"self":[{"href":"https:\/\/online.tvk-gaj.pl\/index.php?rest_route=\/wp\/v2\/posts\/10900","targetHints":{"allow":["GET"]}}],"collection":[{"href":"https:\/\/online.tvk-gaj.pl\/index.php?rest_route=\/wp\/v2\/posts"}],"about":[{"href":"https:\/\/online.tvk-gaj.pl\/index.php?rest_route=\/wp\/v2\/types\/post"}],"author":[{"embeddable":true,"href":"https:\/\/online.tvk-gaj.pl\/index.php?rest_route=\/wp\/v2\/users\/1"}],"replies":[{"embeddable":true,"href":"https:\/\/online.tvk-gaj.pl\/index.php?rest_route=%2Fwp%2Fv2%2Fcomments&post=10900"}],"version-history":[{"count":4,"href":"https:\/\/online.tvk-gaj.pl\/index.php?rest_route=\/wp\/v2\/posts\/10900\/revisions"}],"predecessor-version":[{"id":10931,"href":"https:\/\/online.tvk-gaj.pl\/index.php?rest_route=\/wp\/v2\/posts\/10900\/revisions\/10931"}],"wp:featuredmedia":[{"embeddable":true,"href":"https:\/\/online.tvk-gaj.pl\/index.php?rest_route=\/wp\/v2\/media\/10019"}],"wp:attachment":[{"href":"https:\/\/online.tvk-gaj.pl\/index.php?rest_route=%2Fwp%2Fv2%2Fmedia&parent=10900"}],"wp:term":[{"taxonomy":"category","embeddable":true,"href":"https:\/\/online.tvk-gaj.pl\/index.php?rest_route=%2Fwp%2Fv2%2Fcategories&post=10900"},{"taxonomy":"post_tag","embeddable":true,"href":"https:\/\/online.tvk-gaj.pl\/index.php?rest_route=%2Fwp%2Fv2%2Ftags&post=10900"}],"curies":[{"name":"wp","href":"https:\/\/api.w.org\/{rel}","templated":true}]}}