{"id":10930,"date":"2019-03-22T09:55:44","date_gmt":"2019-03-22T08:55:44","guid":{"rendered":"http:\/\/www.tvk-gaj.pl\/~gajonline\/?p=10930"},"modified":"2019-03-22T09:56:07","modified_gmt":"2019-03-22T08:56:07","slug":"zmarl-miroslaw-soborak-byly-radny-osiedla-gaj","status":"publish","type":"post","link":"https:\/\/online.tvk-gaj.pl\/?p=10930","title":{"rendered":"Zmar\u0142 Miros\u0142aw Soborak &#8211; by\u0142y Radny Osiedla Gaj"},"content":{"rendered":"\n<p>Z g\u0142\u0119bokim \u017calem informujemy, \u017ce zmar\u0142 Pan Miros\u0142aw Soborak &#8211; Radny Osiedla Gaj w kadencji 2001-2005.<\/p>\n\n\n\n<figure class=\"wp-block-image\"><img loading=\"lazy\" decoding=\"async\" width=\"888\" height=\"550\" src=\"http:\/\/www.tvk-gaj.pl\/~gajonline\/wp-content\/uploads\/2018\/04\/znicz.jpg\" alt=\"\" class=\"wp-image-10016\" srcset=\"https:\/\/online.tvk-gaj.pl\/wp-content\/uploads\/2018\/04\/znicz.jpg 888w, https:\/\/online.tvk-gaj.pl\/wp-content\/uploads\/2018\/04\/znicz-300x186.jpg 300w, https:\/\/online.tvk-gaj.pl\/wp-content\/uploads\/2018\/04\/znicz-768x476.jpg 768w\" sizes=\"auto, (max-width: 888px) 100vw, 888px\" \/><\/figure>\n\n\n\n<p><\/p>\n\n\n\n<p>Rodzinie oraz przyjacio\u0142om sk\u0142adamy najszczersze kondolencje.<\/p>\n\n\n\n<p>Przewodnicz\u0105cy Rady Osiedla Gaj &#8211; Adam Wojtaszewski. <\/p>\n\n\n\n<p><\/p>\n","protected":false},"excerpt":{"rendered":"<p>Z g\u0142\u0119bokim \u017calem informujemy, \u017ce zmar\u0142 Pan Miros\u0142aw Soborak &#8211; Radny Osiedla Gaj w kadencji 2001-2005. Rodzinie oraz przyjacio\u0142om sk\u0142adamy najszczersze kondolencje. Przewodnicz\u0105cy Rady Osiedla Gaj &#8211; Adam Wojtaszewski.<\/p>\n","protected":false},"author":1,"featured_media":10019,"comment_status":"open","ping_status":"open","sticky":false,"template":"","format":"standard","meta":{"footnotes":""},"categories":[14],"tags":[1149,1151,135],"class_list":["post-10930","post","type-post","status-publish","format-standard","has-post-thumbnail","hentry","category-aktualnosci","tag-kondolencje","tag-pozegnanie","tag-rada-osiedla-gaj"],"_links":{"self":[{"href":"https:\/\/online.tvk-gaj.pl\/index.php?rest_route=\/wp\/v2\/posts\/10930","targetHints":{"allow":["GET"]}}],"collection":[{"href":"https:\/\/online.tvk-gaj.pl\/index.php?rest_route=\/wp\/v2\/posts"}],"about":[{"href":"https:\/\/online.tvk-gaj.pl\/index.php?rest_route=\/wp\/v2\/types\/post"}],"author":[{"embeddable":true,"href":"https:\/\/online.tvk-gaj.pl\/index.php?rest_route=\/wp\/v2\/users\/1"}],"replies":[{"embeddable":true,"href":"https:\/\/online.tvk-gaj.pl\/index.php?rest_route=%2Fwp%2Fv2%2Fcomments&post=10930"}],"version-history":[{"count":1,"href":"https:\/\/online.tvk-gaj.pl\/index.php?rest_route=\/wp\/v2\/posts\/10930\/revisions"}],"predecessor-version":[{"id":10932,"href":"https:\/\/online.tvk-gaj.pl\/index.php?rest_route=\/wp\/v2\/posts\/10930\/revisions\/10932"}],"wp:featuredmedia":[{"embeddable":true,"href":"https:\/\/online.tvk-gaj.pl\/index.php?rest_route=\/wp\/v2\/media\/10019"}],"wp:attachment":[{"href":"https:\/\/online.tvk-gaj.pl\/index.php?rest_route=%2Fwp%2Fv2%2Fmedia&parent=10930"}],"wp:term":[{"taxonomy":"category","embeddable":true,"href":"https:\/\/online.tvk-gaj.pl\/index.php?rest_route=%2Fwp%2Fv2%2Fcategories&post=10930"},{"taxonomy":"post_tag","embeddable":true,"href":"https:\/\/online.tvk-gaj.pl\/index.php?rest_route=%2Fwp%2Fv2%2Ftags&post=10930"}],"curies":[{"name":"wp","href":"https:\/\/api.w.org\/{rel}","templated":true}]}}