{"id":10933,"date":"2019-03-25T11:56:47","date_gmt":"2019-03-25T10:56:47","guid":{"rendered":"http:\/\/www.tvk-gaj.pl\/~gajonline\/?p=10933"},"modified":"2019-03-30T15:17:01","modified_gmt":"2019-03-30T14:17:01","slug":"rusza-przebudowa-parkingu-przy-orzechowej","status":"publish","type":"post","link":"https:\/\/online.tvk-gaj.pl\/?p=10933","title":{"rendered":"Ruszy\u0142a przebudowa parkingu przy Orzechowej"},"content":{"rendered":"\n<p>Rozpocz\u0105\u0142 si\u0119 d\u0142ugo oczekiwany remont parkingu przy ul. Orzechowej, pomi\u0119dzy budynkami Orzechowa 108-114 a Orzechowa 91-113.<\/p>\n\n\n\n<p><\/p>\n\n\n\n<figure class=\"wp-block-image\"><img loading=\"lazy\" decoding=\"async\" width=\"1024\" height=\"725\" src=\"http:\/\/www.tvk-gaj.pl\/~gajonline\/wp-content\/uploads\/2019\/03\/2019_03_21-19_46-Office-Lens3-1024x725.jpg\" alt=\"\" class=\"wp-image-10934\" srcset=\"https:\/\/online.tvk-gaj.pl\/wp-content\/uploads\/2019\/03\/2019_03_21-19_46-Office-Lens3-1024x725.jpg 1024w, https:\/\/online.tvk-gaj.pl\/wp-content\/uploads\/2019\/03\/2019_03_21-19_46-Office-Lens3-300x212.jpg 300w, https:\/\/online.tvk-gaj.pl\/wp-content\/uploads\/2019\/03\/2019_03_21-19_46-Office-Lens3-768x544.jpg 768w\" sizes=\"auto, (max-width: 1024px) 100vw, 1024px\" \/><figcaption>Plan remontu<br><\/figcaption><\/figure>\n\n\n\n<p>Warto\u015b\u0107 przebudowy parkingu to ponad p\u00f3\u0142 miliona z\u0142otych. Jego zako\u0144czenie nast\u0105pi\u0107 ma w 3 miesi\u0105ce od rozpocz\u0119cia praca, czyli w okolicach lipca b.r. Remont poprowadzony ma zosta\u0107 etapami, w kt\u00f3rych wy\u0142\u0105czone\/remontowane b\u0119d\u0105 kolejne cz\u0119\u015bci. Jako parking zast\u0119pczy pos\u0142u\u017cy\u0107 ma nowo wybudowany parking Park And Ride przy ul. \u015awieradowskiej. <\/p>\n\n\n\n<figure class=\"wp-block-image\"><img loading=\"lazy\" decoding=\"async\" width=\"1024\" height=\"768\" src=\"http:\/\/www.tvk-gaj.pl\/~gajonline\/wp-content\/uploads\/2019\/02\/9061806-1024x768.jpg\" alt=\"\" class=\"wp-image-10861\" srcset=\"https:\/\/online.tvk-gaj.pl\/wp-content\/uploads\/2019\/02\/9061806-1024x768.jpg 1024w, https:\/\/online.tvk-gaj.pl\/wp-content\/uploads\/2019\/02\/9061806-300x225.jpg 300w, https:\/\/online.tvk-gaj.pl\/wp-content\/uploads\/2019\/02\/9061806-768x576.jpg 768w\" sizes=\"auto, (max-width: 1024px) 100vw, 1024px\" \/><figcaption>Widok na parking od strony ulicy Orzechowej 108-114<\/figcaption><\/figure>\n\n\n\n<p><\/p>\n\n\n\n<p>Przypomnijmy, \u017ce jest to jedna z inwestycji o kt\u00f3re usilnie zabiega\u0142a Rada Osiedla Gaj. Projekt powsta\u0142 w ramach Programu Inicjatyw Rad Osiedli.<\/p>\n\n\n\n<p><\/p>\n\n\n\n<figure class=\"wp-block-image\"><img loading=\"lazy\" decoding=\"async\" width=\"1024\" height=\"768\" src=\"http:\/\/www.tvk-gaj.pl\/~gajonline\/wp-content\/uploads\/2019\/03\/2019-03-30-11.56.35-1024x768.jpg\" alt=\"\" class=\"wp-image-10941\" srcset=\"https:\/\/online.tvk-gaj.pl\/wp-content\/uploads\/2019\/03\/2019-03-30-11.56.35-1024x768.jpg 1024w, https:\/\/online.tvk-gaj.pl\/wp-content\/uploads\/2019\/03\/2019-03-30-11.56.35-300x225.jpg 300w, https:\/\/online.tvk-gaj.pl\/wp-content\/uploads\/2019\/03\/2019-03-30-11.56.35-768x576.jpg 768w\" sizes=\"auto, (max-width: 1024px) 100vw, 1024px\" \/><\/figure>\n\n\n\n<p><\/p>\n\n\n\n<p><\/p>\n","protected":false},"excerpt":{"rendered":"<p>W poniedzia\u0142ek, 25 marca, rusza d\u0142ugo oczekiwany remont parkingu przy ul. Orzechowej.<\/p>\n","protected":false},"author":1,"featured_media":10862,"comment_status":"open","ping_status":"open","sticky":false,"template":"","format":"standard","meta":{"footnotes":""},"categories":[14],"tags":[157,475],"class_list":["post-10933","post","type-post","status-publish","format-standard","has-post-thumbnail","hentry","category-aktualnosci","tag-parking","tag-plan"],"_links":{"self":[{"href":"https:\/\/online.tvk-gaj.pl\/index.php?rest_route=\/wp\/v2\/posts\/10933","targetHints":{"allow":["GET"]}}],"collection":[{"href":"https:\/\/online.tvk-gaj.pl\/index.php?rest_route=\/wp\/v2\/posts"}],"about":[{"href":"https:\/\/online.tvk-gaj.pl\/index.php?rest_route=\/wp\/v2\/types\/post"}],"author":[{"embeddable":true,"href":"https:\/\/online.tvk-gaj.pl\/index.php?rest_route=\/wp\/v2\/users\/1"}],"replies":[{"embeddable":true,"href":"https:\/\/online.tvk-gaj.pl\/index.php?rest_route=%2Fwp%2Fv2%2Fcomments&post=10933"}],"version-history":[{"count":4,"href":"https:\/\/online.tvk-gaj.pl\/index.php?rest_route=\/wp\/v2\/posts\/10933\/revisions"}],"predecessor-version":[{"id":10942,"href":"https:\/\/online.tvk-gaj.pl\/index.php?rest_route=\/wp\/v2\/posts\/10933\/revisions\/10942"}],"wp:featuredmedia":[{"embeddable":true,"href":"https:\/\/online.tvk-gaj.pl\/index.php?rest_route=\/wp\/v2\/media\/10862"}],"wp:attachment":[{"href":"https:\/\/online.tvk-gaj.pl\/index.php?rest_route=%2Fwp%2Fv2%2Fmedia&parent=10933"}],"wp:term":[{"taxonomy":"category","embeddable":true,"href":"https:\/\/online.tvk-gaj.pl\/index.php?rest_route=%2Fwp%2Fv2%2Fcategories&post=10933"},{"taxonomy":"post_tag","embeddable":true,"href":"https:\/\/online.tvk-gaj.pl\/index.php?rest_route=%2Fwp%2Fv2%2Ftags&post=10933"}],"curies":[{"name":"wp","href":"https:\/\/api.w.org\/{rel}","templated":true}]}}