{"id":10943,"date":"2019-04-04T17:26:10","date_gmt":"2019-04-04T15:26:10","guid":{"rendered":"http:\/\/www.tvk-gaj.pl\/~gajonline\/?p=10943"},"modified":"2019-04-04T17:26:16","modified_gmt":"2019-04-04T15:26:16","slug":"oddajac-krew-uratujesz-zycie","status":"publish","type":"post","link":"https:\/\/online.tvk-gaj.pl\/?p=10943","title":{"rendered":"Oddaj\u0105c krew &#8211; uratujesz \u017cycie"},"content":{"rendered":"\n<p>Ju\u017c w najbli\u017csz\u0105 sobot\u0119, 6 kwietnia, na parkingu przy Ferio Gaju stanie krwiobus, gdzie wszyscy ch\u0119tni b\u0119d\u0105 mogli odda\u0107 krew. Akcja organizowane jest przez CH Ferio Gaj.<\/p>\n\n\n\n<figure class=\"wp-block-image\"><img loading=\"lazy\" decoding=\"async\" width=\"640\" height=\"960\" src=\"http:\/\/www.tvk-gaj.pl\/~gajonline\/wp-content\/uploads\/2019\/04\/56730612_2335418539822327_2525738041914425344_n.jpg\" alt=\"\" class=\"wp-image-10950\" srcset=\"https:\/\/online.tvk-gaj.pl\/wp-content\/uploads\/2019\/04\/56730612_2335418539822327_2525738041914425344_n.jpg 640w, https:\/\/online.tvk-gaj.pl\/wp-content\/uploads\/2019\/04\/56730612_2335418539822327_2525738041914425344_n-200x300.jpg 200w\" sizes=\"auto, (max-width: 640px) 100vw, 640px\" \/><\/figure>\n\n\n\n<p>Rejestracja:<br>&#8211; mailowo: justyna.malek@fabrykaidei.pl<br>&#8211; telefonicznie: 530 648 155.\u00a0<br>Link do wydarzenia:\u00a0<a href=\"https:\/\/www.facebook.com\/events\/377740579672369\/?acontext=%7B%22source%22%3A3%2C%22source_newsfeed_story_type%22%3A%22regular%22%2C%22action_history%22%3A%22%5B%7B%5C%22surface%5C%22%3A%5C%22newsfeed%5C%22%2C%5C%22mechanism%5C%22%3A%5C%22feed_story%5C%22%2C%5C%22extra_data%5C%22%3A%5B%5D%7D%5D%22%2C%22has_source%22%3Atrue%7D&amp;source=3&amp;source_newsfeed_story_type=regular&amp;action_history=%5B%7B%22surface%22%3A%22newsfeed%22%2C%22mechanism%22%3A%22feed_story%22%2C%22extra_data%22%3A%5B%5D%7D%5D&amp;has_source=1&amp;__tn__=K-R&amp;eid=ARDA9TLMLOSt87kxtnCQHJgrXuoaTg58FLY7Mpy55wqvOGzhQR7tux2GYGIHgQopnpouAMuWAthl0Mqi&amp;fref=mentions&amp;__xts__%5B0%5D=68.ARCsjinZR-zxUxtn0LL9W_HSBF957wnL3X6_m48zJrh4ukiDJO2SJVdZGdNqkgM6TDGmE4PDbaRQMJzYPrmxIUMBBc5RrafVjCdwP0Gy_3LL6LTm9lHV_GIdyFv0cEaZubWid56x-F9d_dLpxCfYIqxOoUirI_rMWUT0DEEfm22HZnCQFnKF05wUQmj4b8ihejAcG0yCOZ-cFTUrt98ZEMQHpkT7WmutMKuNhdMPdSx2tI3HWTSNsfLdqqpn-69i_e-kHq5HKO21F0Qe4rE0t7i54Y9gavlZYKwSvNtkznn3cJYhcxrnX7SCd1LUEjIO9TPICB-j5hLYzhBeFdkNwyuXgg\">https:\/\/www.facebook.com\/events\/377740579672369\/<\/a><\/p>\n\n\n\n<p><\/p>\n\n\n\n<p><\/p>\n\n\n\n<p><\/p>\n","protected":false},"excerpt":{"rendered":"<p>Ju\u017c w najbli\u017csz\u0105 sobot\u0119, 6 kwietnia, na parkingu przy Ferio Gaju stanie krwiobus, gdzie wszyscy ch\u0119tni b\u0119d\u0105 mogli odda\u0107 krew. Akcja organizowane jest przez CH Ferio Gaj. Rejestracja:&#8211; mailowo: justyna.malek@fabrykaidei.pl&#8211; telefonicznie: 530 648 155.\u00a0Link do wydarzenia:\u00a0https:\/\/www.facebook.com\/events\/377740579672369\/<\/p>\n","protected":false},"author":1,"featured_media":10945,"comment_status":"open","ping_status":"open","sticky":false,"template":"","format":"standard","meta":{"footnotes":""},"categories":[14],"tags":[656,131,1152,135],"class_list":["post-10943","post","type-post","status-publish","format-standard","has-post-thumbnail","hentry","category-aktualnosci","tag-akcja","tag-ferio-gaj","tag-oddawanie-krwi","tag-rada-osiedla-gaj"],"_links":{"self":[{"href":"https:\/\/online.tvk-gaj.pl\/index.php?rest_route=\/wp\/v2\/posts\/10943","targetHints":{"allow":["GET"]}}],"collection":[{"href":"https:\/\/online.tvk-gaj.pl\/index.php?rest_route=\/wp\/v2\/posts"}],"about":[{"href":"https:\/\/online.tvk-gaj.pl\/index.php?rest_route=\/wp\/v2\/types\/post"}],"author":[{"embeddable":true,"href":"https:\/\/online.tvk-gaj.pl\/index.php?rest_route=\/wp\/v2\/users\/1"}],"replies":[{"embeddable":true,"href":"https:\/\/online.tvk-gaj.pl\/index.php?rest_route=%2Fwp%2Fv2%2Fcomments&post=10943"}],"version-history":[{"count":2,"href":"https:\/\/online.tvk-gaj.pl\/index.php?rest_route=\/wp\/v2\/posts\/10943\/revisions"}],"predecessor-version":[{"id":10951,"href":"https:\/\/online.tvk-gaj.pl\/index.php?rest_route=\/wp\/v2\/posts\/10943\/revisions\/10951"}],"wp:featuredmedia":[{"embeddable":true,"href":"https:\/\/online.tvk-gaj.pl\/index.php?rest_route=\/wp\/v2\/media\/10945"}],"wp:attachment":[{"href":"https:\/\/online.tvk-gaj.pl\/index.php?rest_route=%2Fwp%2Fv2%2Fmedia&parent=10943"}],"wp:term":[{"taxonomy":"category","embeddable":true,"href":"https:\/\/online.tvk-gaj.pl\/index.php?rest_route=%2Fwp%2Fv2%2Fcategories&post=10943"},{"taxonomy":"post_tag","embeddable":true,"href":"https:\/\/online.tvk-gaj.pl\/index.php?rest_route=%2Fwp%2Fv2%2Ftags&post=10943"}],"curies":[{"name":"wp","href":"https:\/\/api.w.org\/{rel}","templated":true}]}}