{"id":10968,"date":"2019-04-17T21:40:29","date_gmt":"2019-04-17T19:40:29","guid":{"rendered":"http:\/\/www.tvk-gaj.pl\/~gajonline\/?p=10968"},"modified":"2019-04-17T21:41:03","modified_gmt":"2019-04-17T19:41:03","slug":"przyjazne-ulice-nowe-konsultacje-spoleczne","status":"publish","type":"post","link":"https:\/\/online.tvk-gaj.pl\/?p=10968","title":{"rendered":"Przyjazne ulice. Nowe konsultacje spo\u0142eczne."},"content":{"rendered":"\n<p>Og\u0142oszenie spo\u0142eczne Urz\u0119du Miasta we Wroc\u0142awiu.<\/p>\n\n\n\n<p><\/p>\n\n\n\n<figure class=\"wp-block-image\"><img loading=\"lazy\" decoding=\"async\" width=\"1024\" height=\"725\" src=\"http:\/\/www.tvk-gaj.pl\/~gajonline\/wp-content\/uploads\/2019\/04\/przyjazne-ulice-PLAKAT-FIN-1024x725.jpg\" alt=\"\" class=\"wp-image-10970\" srcset=\"https:\/\/online.tvk-gaj.pl\/wp-content\/uploads\/2019\/04\/przyjazne-ulice-PLAKAT-FIN-1024x725.jpg 1024w, https:\/\/online.tvk-gaj.pl\/wp-content\/uploads\/2019\/04\/przyjazne-ulice-PLAKAT-FIN-300x212.jpg 300w, https:\/\/online.tvk-gaj.pl\/wp-content\/uploads\/2019\/04\/przyjazne-ulice-PLAKAT-FIN-768x544.jpg 768w\" sizes=\"auto, (max-width: 1024px) 100vw, 1024px\" \/><\/figure>\n\n\n\n<p><\/p>\n\n\n\n<p><strong>Biuro Wody i Energii Urz\u0119du Miejskiego Wroc\u0142awia<\/strong>\u00a0we wsp\u00f3\u0142pracy z\u00a0<strong>Uniwersytetem Przyrodniczym we Wroc\u0142awiu <\/strong>sporz\u0105dza\u00a0<strong>aktualizacj\u0119<\/strong> standard\u00f3w planowania, projektowania i realizacji ulic miejskich z uwzgl\u0119dnieniem zieleni i rozwi\u0105za\u0144 proekologicznego gospodarowania wod\u0105 opadow\u0105. Dokument jest bardzo wa\u017cnym elementem <strong>polityki zr\u00f3wnowa\u017conego zarz\u0105dzania i planowania miasta<\/strong>.<\/p>\n\n\n\n<p>Zawiera\u0107 on b\u0119dzie&nbsp;<a href=\"http:\/\/m.in\/\">m.in<\/a>. aktualizacj\u0119&nbsp;<strong>katalogu przekroj\u00f3w ulic<\/strong>&nbsp;aktualnie obowi\u0105zuj\u0105cego we Wroc\u0142awiu na podstawie<a href=\"http:\/\/uchwaly.um.wroc.pl\/uchwala.aspx?numer=9448\/10\">Zarz\u0105dzenia Prezydenta Miasta Wroc\u0142awia<\/a>&nbsp;oraz szereg informacji s\u0142u\u017c\u0105cych planowaniu, projektowaniu i realizacji&nbsp;<strong>ulic<\/strong>&nbsp;z elementami zielono-niebieskiej infrastruktury (np. ogrody deszczowe, zr\u00f3\u017cnicowane pasy zieleni), wygodnych, a zarazem dobrze wygl\u0105daj\u0105cych.<\/p>\n\n\n\n<p>Autorzy opracowania chc\u0105&nbsp;<strong>wsp\u00f3lnie z mieszka\u0144cami wypracowa\u0107 wz\u00f3r ulicy<\/strong>, kt\u00f3ry spe\u0142ni&nbsp;<strong>potrzeby wroc\u0142awianek i wroc\u0142awian<\/strong>&nbsp;w zgodzie z&nbsp;<strong>ekologi\u0105<\/strong>. Ziele\u0144, zatrzymywanie wody opadowej, \u0142awki czy drogi dla rower\u00f3w to tylko niekt\u00f3re z zagadnie\u0144, kt\u00f3re b\u0119dziemy porusza\u0107.<\/p>\n\n\n\n<p>Wype\u0142nij&nbsp;<strong>ankiet\u0119<\/strong>, kt\u00f3ra dotyczy zar\u00f3wno ulic osiedlowych, tych w\u0119\u017cszych i bli\u017cszych mieszka\u0144com oraz miejskich, tych szerszych, po kt\u00f3rych poruszamy si\u0119 tramwajem, rowerem, samochodem czy pieszo. Przyjd\u017a na&nbsp;<strong>spotkanie<\/strong>, na kt\u00f3rym porozmawiamy jak powinna wygl\u0105da\u0107 przyjazna ulica.<\/p>\n\n\n\n<p><\/p>\n\n\n\n<p><strong>Kiedy odb\u0119d\u0105 si\u0119 konsultacje?<\/strong><\/p>\n\n\n\n<p><a href=\"http:\/\/airmail.calendar\/2019-04-15%2012:00:00%20CEST\">15 kwietnia<\/a>&nbsp;\u2013&nbsp;<a href=\"http:\/\/airmail.calendar\/2019-05-06%2012:00:00%20CEST\">6 maja 2019<\/a>.<\/p>\n\n\n\n<p><strong>Co b\u0119dzie konsultowane?<\/strong><\/p>\n\n\n\n<p>Standardy miejskiej ulicy zgodne z potrzebami ekologicznymi i spo\u0142ecznymi.<\/p>\n\n\n\n<p><strong>Jaki zakres konsultacji?<\/strong><\/p>\n\n\n\n<p>Dyskusji podlega\u0107 b\u0119dzie przestrze\u0144 ulicy miejskiej widziana oczami mieszka\u0144ca i jego potrzeby zwi\u0105zane z zagospodarowaniem tej przestrzeni. W szczeg\u00f3lno\u015bci omawiane b\u0119d\u0105 poszczeg\u00f3lne elementy ulicy i ich rozmieszczenie w pasie drogowym, takie jak: ziele\u0144, elementy proekologicznego gospodarowania wod\u0105 opadow\u0105, strefy dla pieszych, rowerzyst\u00f3w, komunikacji ko\u0142owej i parkingi, a tak\u017ce sieci podziemnej infrastruktury technicznej. Dyskutowane b\u0119d\u0105 r\u00f3\u017cne uk\u0142ady tych element\u00f3w w ulicach osiedlowych i miejskich oraz propozycja mieszka\u0144c\u00f3w przyjaznego im wzoru ulicy.<\/p>\n\n\n\n<p><strong>Jaki cel konsultacji?<\/strong><\/p>\n\n\n\n<ul class=\"wp-block-list\"><li>Poznanie opinii mieszka\u0144c\u00f3w<\/li><li>Wypracowanie z mieszka\u0144cami wzoru ulicy zgodnego z potrzebami ekologicznymi i spo\u0142ecznymi.<\/li><li>W\u0142\u0105czenie mieszka\u0144c\u00f3w we wsp\u00f3\u0142decydowanie o wa\u017cnym elemencie przestrzeni miasta.<\/li><\/ul>\n\n\n\n<p><strong>Jaki efekt konsultacji?<\/strong><\/p>\n\n\n\n<p>Raport z konsultacji.<\/p>\n\n\n\n<p><strong>Kto konsultuje?<\/strong><\/p>\n\n\n\n<p>Mieszkanki i mieszka\u0144cy Wroc\u0142awia.<\/p>\n\n\n\n<p><strong>Jakie konsultacje?<\/strong><\/p>\n\n\n\n<p><a href=\"https:\/\/www.wroclaw.pl\/rozmawia\/przyjazne-ulice-wypelnij-ankiete\"><strong>ANKIETA<\/strong><\/a>15.04 \u2013&nbsp;<a href=\"http:\/\/airmail.calendar\/2019-05-06%2012:00:00%20CEST\">6.05.2019<\/a><\/p>\n\n\n\n<p><strong>SPOTKANIE KONSULTACYJNE<\/strong>&nbsp;|&nbsp;<a href=\"http:\/\/airmail.calendar\/2019-04-25%2012:00:00%20CEST\">25.04.2019<\/a>, g. 17.00 | MEDIATEKA, pl. Teatralny 5<\/p>\n\n\n\n<p><\/p>\n\n\n\n<p>Wi\u0119cej informacji oraz formularze na\u00a0<a href=\"https:\/\/www.wroclaw.pl\/rozmawia\/w-klimacie-miasta\">stronie konsultacji. <\/a><\/p>\n\n\n\n<p><\/p>\n\n\n\n<p><\/p>\n","protected":false},"excerpt":{"rendered":"<p>Og\u0142oszenie spo\u0142eczne Urz\u0119du Miasta we Wroc\u0142awiu. Biuro Wody i Energii Urz\u0119du Miejskiego Wroc\u0142awia\u00a0we wsp\u00f3\u0142pracy z\u00a0Uniwersytetem Przyrodniczym we Wroc\u0142awiu sporz\u0105dza\u00a0aktualizacj\u0119 standard\u00f3w planowania, projektowania i realizacji ulic miejskich z uwzgl\u0119dnieniem zieleni i rozwi\u0105za\u0144 proekologicznego gospodarowania wod\u0105 opadow\u0105. Dokument jest bardzo wa\u017cnym elementem polityki zr\u00f3wnowa\u017conego zarz\u0105dzania i planowania miasta. Zawiera\u0107 on b\u0119dzie&nbsp;m.in. aktualizacj\u0119&nbsp;katalogu przekroj\u00f3w ulic&nbsp;aktualnie obowi\u0105zuj\u0105cego we Wroc\u0142awiu [&hellip;]<\/p>\n","protected":false},"author":1,"featured_media":10969,"comment_status":"open","ping_status":"open","sticky":false,"template":"","format":"standard","meta":{"footnotes":""},"categories":[14],"tags":[805,1159,1160],"class_list":["post-10968","post","type-post","status-publish","format-standard","has-post-thumbnail","hentry","category-aktualnosci","tag-konsultacje","tag-przyjazne-miasto","tag-przyjazne-ulice"],"_links":{"self":[{"href":"https:\/\/online.tvk-gaj.pl\/index.php?rest_route=\/wp\/v2\/posts\/10968","targetHints":{"allow":["GET"]}}],"collection":[{"href":"https:\/\/online.tvk-gaj.pl\/index.php?rest_route=\/wp\/v2\/posts"}],"about":[{"href":"https:\/\/online.tvk-gaj.pl\/index.php?rest_route=\/wp\/v2\/types\/post"}],"author":[{"embeddable":true,"href":"https:\/\/online.tvk-gaj.pl\/index.php?rest_route=\/wp\/v2\/users\/1"}],"replies":[{"embeddable":true,"href":"https:\/\/online.tvk-gaj.pl\/index.php?rest_route=%2Fwp%2Fv2%2Fcomments&post=10968"}],"version-history":[{"count":3,"href":"https:\/\/online.tvk-gaj.pl\/index.php?rest_route=\/wp\/v2\/posts\/10968\/revisions"}],"predecessor-version":[{"id":10973,"href":"https:\/\/online.tvk-gaj.pl\/index.php?rest_route=\/wp\/v2\/posts\/10968\/revisions\/10973"}],"wp:featuredmedia":[{"embeddable":true,"href":"https:\/\/online.tvk-gaj.pl\/index.php?rest_route=\/wp\/v2\/media\/10969"}],"wp:attachment":[{"href":"https:\/\/online.tvk-gaj.pl\/index.php?rest_route=%2Fwp%2Fv2%2Fmedia&parent=10968"}],"wp:term":[{"taxonomy":"category","embeddable":true,"href":"https:\/\/online.tvk-gaj.pl\/index.php?rest_route=%2Fwp%2Fv2%2Fcategories&post=10968"},{"taxonomy":"post_tag","embeddable":true,"href":"https:\/\/online.tvk-gaj.pl\/index.php?rest_route=%2Fwp%2Fv2%2Ftags&post=10968"}],"curies":[{"name":"wp","href":"https:\/\/api.w.org\/{rel}","templated":true}]}}