{"id":10974,"date":"2019-04-20T09:28:47","date_gmt":"2019-04-20T07:28:47","guid":{"rendered":"http:\/\/www.tvk-gaj.pl\/~gajonline\/?p=10974"},"modified":"2019-05-01T18:24:29","modified_gmt":"2019-05-01T16:24:29","slug":"wesolych-swiat-wielkanocnych-4","status":"publish","type":"post","link":"https:\/\/online.tvk-gaj.pl\/?p=10974","title":{"rendered":"Weso\u0142ych \u015awi\u0105t Wielkanocnych"},"content":{"rendered":"\n<p>Z okazji nadchodz\u0105cych \u015awi\u0105t Zmartwychwstania Pa\u0144skiego sk\u0142adamy wszystkim naszym Czytelnikom oraz mieszka\u0144com i sympatykom Gaju najserdeczniejsze \u017cyczenia radosnych, rodzinnych i pe\u0142nych mi\u0142o\u015bci \u015awi\u0105t Wielkiej Nocy.<\/p>\n\n\n\n<!--more-->\n\n\n\n<p><\/p>\n\n\n\n<p>Niech ten szczeg\u00f3lny czas up\u0142ynie nam w ciep\u0142ej, rodzinnej atmosferze oraz niech rado\u015b\u0107 i nadzieja towarzysz\u0105cy Zmartwychwstaniu Jezusa Chrystusa stanie si\u0119 naszym udzia\u0142em nie tylko w nadchodz\u0105cych dniach, ale i na co dzie\u0144.<\/p>\n\n\n\n<div class=\"wp-block-image\"><figure class=\"aligncenter\"><a href=\"http:\/\/www.tvk-gaj.pl\/~gajonline\/wp-content\/uploads\/2013\/03\/wielkanoc.jpg\"><img loading=\"lazy\" decoding=\"async\" width=\"1024\" height=\"640\" src=\"http:\/\/www.tvk-gaj.pl\/~gajonline\/wp-content\/uploads\/2013\/03\/wielkanoc-1024x640.jpg\" alt=\"wielkanoc\" class=\"wp-image-817\" srcset=\"https:\/\/online.tvk-gaj.pl\/wp-content\/uploads\/2013\/03\/wielkanoc-1024x640.jpg 1024w, https:\/\/online.tvk-gaj.pl\/wp-content\/uploads\/2013\/03\/wielkanoc-300x187.jpg 300w, https:\/\/online.tvk-gaj.pl\/wp-content\/uploads\/2013\/03\/wielkanoc.jpg 1280w\" sizes=\"auto, (max-width: 1024px) 100vw, 1024px\" \/><\/a><\/figure><\/div>\n\n\n\n<p>&nbsp;<br><strong>Adam Wojtaszewski &#8211; Przewodnicz\u0105cy Rady Osiedla Gaj<\/strong><\/p>\n\n\n\n<p><\/p>\n\n\n\n<p><\/p>\n","protected":false},"excerpt":{"rendered":"<p>Z okazji nadchodz\u0105cych \u015awi\u0105t Zmartwychwstania Pa\u0144skiego sk\u0142adamy wszystkim naszym Czytelnikom oraz mieszka\u0144com i sympatykom Gaju najserdeczniejsze \u017cyczenia radosnych, rodzinnych i pe\u0142nych mi\u0142o\u015bci \u015awi\u0105t Wielkiej Nocy.<\/p>\n","protected":false},"author":1,"featured_media":817,"comment_status":"open","ping_status":"open","sticky":false,"template":"","format":"standard","meta":{"footnotes":""},"categories":[14],"tags":[112,963,256,257],"class_list":["post-10974","post","type-post","status-publish","format-standard","has-post-thumbnail","hentry","category-aktualnosci","tag-gaj","tag-swieta-wielkanocne","tag-wielkanoc","tag-zyczenia"],"_links":{"self":[{"href":"https:\/\/online.tvk-gaj.pl\/index.php?rest_route=\/wp\/v2\/posts\/10974","targetHints":{"allow":["GET"]}}],"collection":[{"href":"https:\/\/online.tvk-gaj.pl\/index.php?rest_route=\/wp\/v2\/posts"}],"about":[{"href":"https:\/\/online.tvk-gaj.pl\/index.php?rest_route=\/wp\/v2\/types\/post"}],"author":[{"embeddable":true,"href":"https:\/\/online.tvk-gaj.pl\/index.php?rest_route=\/wp\/v2\/users\/1"}],"replies":[{"embeddable":true,"href":"https:\/\/online.tvk-gaj.pl\/index.php?rest_route=%2Fwp%2Fv2%2Fcomments&post=10974"}],"version-history":[{"count":3,"href":"https:\/\/online.tvk-gaj.pl\/index.php?rest_route=\/wp\/v2\/posts\/10974\/revisions"}],"predecessor-version":[{"id":10979,"href":"https:\/\/online.tvk-gaj.pl\/index.php?rest_route=\/wp\/v2\/posts\/10974\/revisions\/10979"}],"wp:featuredmedia":[{"embeddable":true,"href":"https:\/\/online.tvk-gaj.pl\/index.php?rest_route=\/wp\/v2\/media\/817"}],"wp:attachment":[{"href":"https:\/\/online.tvk-gaj.pl\/index.php?rest_route=%2Fwp%2Fv2%2Fmedia&parent=10974"}],"wp:term":[{"taxonomy":"category","embeddable":true,"href":"https:\/\/online.tvk-gaj.pl\/index.php?rest_route=%2Fwp%2Fv2%2Fcategories&post=10974"},{"taxonomy":"post_tag","embeddable":true,"href":"https:\/\/online.tvk-gaj.pl\/index.php?rest_route=%2Fwp%2Fv2%2Ftags&post=10974"}],"curies":[{"name":"wp","href":"https:\/\/api.w.org\/{rel}","templated":true}]}}