{"id":10978,"date":"2019-05-01T19:16:46","date_gmt":"2019-05-01T17:16:46","guid":{"rendered":"http:\/\/www.tvk-gaj.pl\/~gajonline\/?p=10978"},"modified":"2019-05-01T19:16:52","modified_gmt":"2019-05-01T17:16:52","slug":"parkride-z-nowymi-zasadami","status":"publish","type":"post","link":"https:\/\/online.tvk-gaj.pl\/?p=10978","title":{"rendered":"Park&#038;Ride z nowymi zasadami"},"content":{"rendered":"\n<p>Od 1 maja 2019 magistrat zmienia zasady korzystania z niekt\u00f3rych z parking\u00f3w Park&amp;Ride we Wroc\u0142awiu. Zmiany dotycz\u0105 r\u00f3wnie\u017c parkingu zlokalizowanego na Gaju, przy skrzy\u017cowaniu ulic Bardzkiej i \u015awieradowskiej.<\/p>\n\n\n\n<p><\/p>\n\n\n\n<figure class=\"wp-block-image\"><img loading=\"lazy\" decoding=\"async\" width=\"1024\" height=\"768\" src=\"http:\/\/www.tvk-gaj.pl\/~gajonline\/wp-content\/uploads\/2019\/05\/IMG_20190305_134310-1024x768.jpg\" alt=\"\" class=\"wp-image-10984\" srcset=\"https:\/\/online.tvk-gaj.pl\/wp-content\/uploads\/2019\/05\/IMG_20190305_134310-1024x768.jpg 1024w, https:\/\/online.tvk-gaj.pl\/wp-content\/uploads\/2019\/05\/IMG_20190305_134310-300x225.jpg 300w, https:\/\/online.tvk-gaj.pl\/wp-content\/uploads\/2019\/05\/IMG_20190305_134310-768x576.jpg 768w\" sizes=\"auto, (max-width: 1024px) 100vw, 1024px\" \/><\/figure>\n\n\n\n<p><\/p>\n\n\n\n<p>Od 1 maja b.r. aby zaparkowa\u0107 na 9 z 24 parking\u00f3w miejskiego systemu Park&amp;Ride trzeba by\u0107 posiadaczem karty UrbanCard. <\/p>\n\n\n\n<p><\/p>\n\n\n\n<figure class=\"wp-block-image\"><img loading=\"lazy\" decoding=\"async\" width=\"768\" height=\"1024\" src=\"http:\/\/www.tvk-gaj.pl\/~gajonline\/wp-content\/uploads\/2019\/05\/IMG_20190305_134317-1-768x1024.jpg\" alt=\"\" class=\"wp-image-10985\" srcset=\"https:\/\/online.tvk-gaj.pl\/wp-content\/uploads\/2019\/05\/IMG_20190305_134317-1-768x1024.jpg 768w, https:\/\/online.tvk-gaj.pl\/wp-content\/uploads\/2019\/05\/IMG_20190305_134317-1-225x300.jpg 225w\" sizes=\"auto, (max-width: 768px) 100vw, 768px\" \/><\/figure>\n\n\n\n<p><\/p>\n\n\n\n<p>Ide\u0105 systemu jest, aby (g\u0142\u00f3wnie) osoby przyje\u017cdzaj\u0105ce do Wroc\u0142awia do pracy i szko\u0142y mog\u0142y zostawi\u0107 sw\u00f3j samoch\u00f3d na parkingach zlokalizowanych blisko wjazdu do miasta oraz w\u0119z\u0142\u00f3w komunikacji miejskiej. Ma to na celu odci\u0105\u017cy\u0107 i tak ju\u017c zakorkowane ulice Wroc\u0142awia. <\/p>\n\n\n\n<p>Wed\u0142ug miejskich urz\u0119dnik\u00f3w obecnie wiele z miejsc na parkinach wykorzystywanych jest przez mieszka\u0144c\u00f3w miasta na w\u0142asne potrzeby parkingowe. <\/p>\n\n\n\n<p>Aby zapobiega\u0107 zajmowaniu miejsc postojowych przez mieszka\u0144c\u00f3w s\u0105siaduj\u0105cych z parkingami osiedli magistrat wprowadzi\u0142 od 1 maja szlabany na 9 z 24 parking\u00f3w. W tym parkingu na Gaju, zlokalizowanym przy skrzy\u017cowaniu ulic Bardzkiej i \u015awieradowskiej. Parking jest o\u015bwietlony i monitorowany. Czynny codziennie w godzinach 4:00 do 2:00.<\/p>\n\n\n\n<p>Aby skorzysta\u0107 z parkingu trzeba posiada\u0107 kart\u0119 UrbanCard z zakodowanym, wa\u017cnym biletem okresowym (min. 24 godzinnym) b\u0105d\u017a posiada\u0107 uprawnienia do bezp\u0142atnych przejazd\u00f3w komunikacj\u0105 miejsk\u0105: (np. seniorzy, honorowi dawcy krwi, pos\u0142owie i senatorowie, m\u0142odzie\u017c szkolna).<a href=\"https:\/\/gazetawroclawska.pl\/parkingi-park-ride-puste-ale-zamkniete-szlabanem\/ar\/c1-14091931\">C<\/a><\/p>\n\n\n\n<figure class=\"wp-block-image\"><img loading=\"lazy\" decoding=\"async\" width=\"1024\" height=\"768\" src=\"http:\/\/www.tvk-gaj.pl\/~gajonline\/wp-content\/uploads\/2019\/05\/IMG_20190305_134349-1024x768.jpg\" alt=\"\" class=\"wp-image-10987\" srcset=\"https:\/\/online.tvk-gaj.pl\/wp-content\/uploads\/2019\/05\/IMG_20190305_134349-1024x768.jpg 1024w, https:\/\/online.tvk-gaj.pl\/wp-content\/uploads\/2019\/05\/IMG_20190305_134349-300x225.jpg 300w, https:\/\/online.tvk-gaj.pl\/wp-content\/uploads\/2019\/05\/IMG_20190305_134349-768x576.jpg 768w\" sizes=\"auto, (max-width: 1024px) 100vw, 1024px\" \/><\/figure>\n\n\n\n<p><\/p>\n\n\n\n<p>W ramach wyj\u0105tku parking na Gaju ma by\u0107 dost\u0119pny dla wszystkich os\u00f3b, w tym mieszka\u0144c\u00f3w Gaju, na czas przebudowy parkingu przy skrzy\u017cowaniu Orzechowej i Krynickiej. Remont zako\u0144czy\u0107 ma si\u0119 przed wakacjami. <\/p>\n\n\n\n<p><\/p>\n","protected":false},"excerpt":{"rendered":"<p>Od 1 maja 2019 magistrat zmienia zasady korzystania z niekt\u00f3rych z parking\u00f3w Park&amp;Ride we Wroc\u0142awiu. Zmiany dotycz\u0105 r\u00f3wnie\u017c parkingu zlokalizowanego na Gaju, przy skrzy\u017cowaniu ulic Bardzkiej i \u015awieradowskiej. Od 1 maja b.r. aby zaparkowa\u0107 na 9 z 24 parking\u00f3w miejskiego systemu Park&amp;Ride trzeba by\u0107 posiadaczem karty UrbanCard. Ide\u0105 systemu jest, aby (g\u0142\u00f3wnie) osoby przyje\u017cdzaj\u0105ce do [&hellip;]<\/p>\n","protected":false},"author":1,"featured_media":10983,"comment_status":"open","ping_status":"open","sticky":false,"template":"","format":"standard","meta":{"footnotes":""},"categories":[14,12],"tags":[197,112,157,1162],"class_list":["post-10978","post","type-post","status-publish","format-standard","has-post-thumbnail","hentry","category-aktualnosci","category-artykuly","tag-bardzka","tag-gaj","tag-parking","tag-parking-park-and-ride"],"_links":{"self":[{"href":"https:\/\/online.tvk-gaj.pl\/index.php?rest_route=\/wp\/v2\/posts\/10978","targetHints":{"allow":["GET"]}}],"collection":[{"href":"https:\/\/online.tvk-gaj.pl\/index.php?rest_route=\/wp\/v2\/posts"}],"about":[{"href":"https:\/\/online.tvk-gaj.pl\/index.php?rest_route=\/wp\/v2\/types\/post"}],"author":[{"embeddable":true,"href":"https:\/\/online.tvk-gaj.pl\/index.php?rest_route=\/wp\/v2\/users\/1"}],"replies":[{"embeddable":true,"href":"https:\/\/online.tvk-gaj.pl\/index.php?rest_route=%2Fwp%2Fv2%2Fcomments&post=10978"}],"version-history":[{"count":3,"href":"https:\/\/online.tvk-gaj.pl\/index.php?rest_route=\/wp\/v2\/posts\/10978\/revisions"}],"predecessor-version":[{"id":10988,"href":"https:\/\/online.tvk-gaj.pl\/index.php?rest_route=\/wp\/v2\/posts\/10978\/revisions\/10988"}],"wp:featuredmedia":[{"embeddable":true,"href":"https:\/\/online.tvk-gaj.pl\/index.php?rest_route=\/wp\/v2\/media\/10983"}],"wp:attachment":[{"href":"https:\/\/online.tvk-gaj.pl\/index.php?rest_route=%2Fwp%2Fv2%2Fmedia&parent=10978"}],"wp:term":[{"taxonomy":"category","embeddable":true,"href":"https:\/\/online.tvk-gaj.pl\/index.php?rest_route=%2Fwp%2Fv2%2Fcategories&post=10978"},{"taxonomy":"post_tag","embeddable":true,"href":"https:\/\/online.tvk-gaj.pl\/index.php?rest_route=%2Fwp%2Fv2%2Ftags&post=10978"}],"curies":[{"name":"wp","href":"https:\/\/api.w.org\/{rel}","templated":true}]}}