{"id":10989,"date":"2019-05-06T21:53:23","date_gmt":"2019-05-06T19:53:23","guid":{"rendered":"http:\/\/www.tvk-gaj.pl\/~gajonline\/?p=10989"},"modified":"2019-05-06T21:53:45","modified_gmt":"2019-05-06T19:53:45","slug":"poszukiwani-wolontariusze-esk","status":"publish","type":"post","link":"https:\/\/online.tvk-gaj.pl\/?p=10989","title":{"rendered":"Poszukiwani wolontariusze ESK"},"content":{"rendered":"\n<p>[OG\u0141OSZENIE RADY OSIEDLA GAJ] Rada osiedla Gaj poszukuje wolontariuszy, przedsi\u0119biorc\u00f3w i stowarzyszenia do wsp\u00f3\u0142prowadzenia Parku Emocje Sport Kultura w parku S\u0142onecznym na Gaju.\u00a0<\/p>\n\n\n\n<p><\/p>\n\n\n\n<figure class=\"wp-block-image\"><img loading=\"lazy\" decoding=\"async\" width=\"960\" height=\"720\" src=\"http:\/\/www.tvk-gaj.pl\/~gajonline\/wp-content\/uploads\/2019\/05\/60100955_2385367514827429_8173493699691413504_n.jpg\" alt=\"\" class=\"wp-image-10990\" srcset=\"https:\/\/online.tvk-gaj.pl\/wp-content\/uploads\/2019\/05\/60100955_2385367514827429_8173493699691413504_n.jpg 960w, https:\/\/online.tvk-gaj.pl\/wp-content\/uploads\/2019\/05\/60100955_2385367514827429_8173493699691413504_n-300x225.jpg 300w, https:\/\/online.tvk-gaj.pl\/wp-content\/uploads\/2019\/05\/60100955_2385367514827429_8173493699691413504_n-768x576.jpg 768w\" sizes=\"auto, (max-width: 960px) 100vw, 960px\" \/><\/figure>\n\n\n\n<p><\/p>\n\n\n\n<p>Rada osiedla Gaj poszukuje wolontariuszy, przedsi\u0119biorc\u00f3w i stowarzyszenia do wsp\u00f3\u0142prowadzenia Parku Emocje Sport Kultura w parku S\u0142onecznym na Gaju.\u00a0<\/p>\n\n\n\n<p><br>Rozpocz\u0119cie projektu w dniu 11 maja 2019 r. o godz. 14.00 i tak do 29 wrze\u015bnia 2019 r. co sobot\u0119 i niedziel\u0119.\u00a0<\/p>\n\n\n\n<p><br>W trakcie trwania projektu wolontariusze, przedsi\u0119biorcy i stowarzyszenia b\u0119d\u0105 mogli si\u0119 prezentowa\u0107 i umila\u0107 czas naszym mieszka\u0144com w zamian za oklaski i wdzi\u0119czno\u015b\u0107 okazywan\u0105 przez dzieci i mieszka\u0144c\u00f3w naszego wspania\u0142ego osiedla.<\/p>\n\n\n\n<p><br>Has\u0142o tegorocznej edycji projektu to: Nie sied\u017a w domu. Przyjd\u017a do parku!<\/p>\n\n\n\n<p><\/p>\n\n\n\n<p><\/p>\n","protected":false},"excerpt":{"rendered":"<p>[OG\u0141OSZENIE RADY OSIEDLA GAJ] Rada osiedla Gaj poszukuje wolontariuszy, przedsi\u0119biorc\u00f3w i stowarzyszenia do wsp\u00f3\u0142prowadzenia Parku Emocje Sport Kultura w parku S\u0142onecznym na Gaju.\u00a0 Rada osiedla Gaj poszukuje wolontariuszy, przedsi\u0119biorc\u00f3w i stowarzyszenia do wsp\u00f3\u0142prowadzenia Parku Emocje Sport Kultura w parku S\u0142onecznym na Gaju.\u00a0 Rozpocz\u0119cie projektu w dniu 11 maja 2019 r. o godz. 14.00 i tak [&hellip;]<\/p>\n","protected":false},"author":1,"featured_media":10990,"comment_status":"open","ping_status":"open","sticky":false,"template":"","format":"standard","meta":{"footnotes":""},"categories":[14],"tags":[632,1166,957],"class_list":["post-10989","post","type-post","status-publish","format-standard","has-post-thumbnail","hentry","category-aktualnosci","tag-esk","tag-nabor","tag-parki-esk"],"_links":{"self":[{"href":"https:\/\/online.tvk-gaj.pl\/index.php?rest_route=\/wp\/v2\/posts\/10989","targetHints":{"allow":["GET"]}}],"collection":[{"href":"https:\/\/online.tvk-gaj.pl\/index.php?rest_route=\/wp\/v2\/posts"}],"about":[{"href":"https:\/\/online.tvk-gaj.pl\/index.php?rest_route=\/wp\/v2\/types\/post"}],"author":[{"embeddable":true,"href":"https:\/\/online.tvk-gaj.pl\/index.php?rest_route=\/wp\/v2\/users\/1"}],"replies":[{"embeddable":true,"href":"https:\/\/online.tvk-gaj.pl\/index.php?rest_route=%2Fwp%2Fv2%2Fcomments&post=10989"}],"version-history":[{"count":1,"href":"https:\/\/online.tvk-gaj.pl\/index.php?rest_route=\/wp\/v2\/posts\/10989\/revisions"}],"predecessor-version":[{"id":10991,"href":"https:\/\/online.tvk-gaj.pl\/index.php?rest_route=\/wp\/v2\/posts\/10989\/revisions\/10991"}],"wp:featuredmedia":[{"embeddable":true,"href":"https:\/\/online.tvk-gaj.pl\/index.php?rest_route=\/wp\/v2\/media\/10990"}],"wp:attachment":[{"href":"https:\/\/online.tvk-gaj.pl\/index.php?rest_route=%2Fwp%2Fv2%2Fmedia&parent=10989"}],"wp:term":[{"taxonomy":"category","embeddable":true,"href":"https:\/\/online.tvk-gaj.pl\/index.php?rest_route=%2Fwp%2Fv2%2Fcategories&post=10989"},{"taxonomy":"post_tag","embeddable":true,"href":"https:\/\/online.tvk-gaj.pl\/index.php?rest_route=%2Fwp%2Fv2%2Ftags&post=10989"}],"curies":[{"name":"wp","href":"https:\/\/api.w.org\/{rel}","templated":true}]}}