{"id":10996,"date":"2019-05-20T09:09:26","date_gmt":"2019-05-20T07:09:26","guid":{"rendered":"http:\/\/www.tvk-gaj.pl\/~gajonline\/?p=10996"},"modified":"2019-05-20T09:29:06","modified_gmt":"2019-05-20T07:29:06","slug":"wycieczka-seniorow-z-osiedla-gaj","status":"publish","type":"post","link":"https:\/\/online.tvk-gaj.pl\/?p=10996","title":{"rendered":"Wycieczka senior\u00f3w z osiedla Gaj"},"content":{"rendered":"\n<p>Zapraszamy do naszej fotorelacji z wycieczki senior\u00f3w z Gaju do pere\u0142 Dolnego \u015al\u0105ska &#8211; Sanktuarium Marii \u015anie\u017cnej, Wodospadu Wilczki oraz Kopalni z\u0142ota w Z\u0142otym Stoku. <\/p>\n\n\n\n<p><\/p>\n\n\n\n<figure class=\"wp-block-image\"><img loading=\"lazy\" decoding=\"async\" width=\"945\" height=\"756\" src=\"http:\/\/www.tvk-gaj.pl\/~gajonline\/wp-content\/uploads\/2019\/05\/WYCIECZKA-SENIORO\u0301W-Z-GAJU-1.jpg\" alt=\"\" class=\"wp-image-11098\" srcset=\"https:\/\/online.tvk-gaj.pl\/wp-content\/uploads\/2019\/05\/WYCIECZKA-SENIORO\u0301W-Z-GAJU-1.jpg 945w, https:\/\/online.tvk-gaj.pl\/wp-content\/uploads\/2019\/05\/WYCIECZKA-SENIORO\u0301W-Z-GAJU-1-300x240.jpg 300w, https:\/\/online.tvk-gaj.pl\/wp-content\/uploads\/2019\/05\/WYCIECZKA-SENIORO\u0301W-Z-GAJU-1-768x614.jpg 768w\" sizes=\"auto, (max-width: 945px) 100vw, 945px\" \/><\/figure>\n\n\n\n<p><\/p>\n\n\n\n<p>Wycieczka odby\u0142a si\u0119 w niedziel\u0119, 19 maja. W zorganizowanym przez Rad\u0119 Osiedla Gaj wyje\u017adzie uczestniczyli seniorzy z Klubu Seniora na Gaju, Zwi\u0105zku Emeryt\u00f3w i Rencist\u00f3w oraz Zwi\u0105zku \u017bo\u0142nierzy Wojska Polskiego &#8211; ko\u0142a z Gaju. <\/p>\n\n\n\n<p><\/p>\n\n\n\n<figure class=\"wp-block-image\"><img loading=\"lazy\" decoding=\"async\" width=\"1024\" height=\"570\" src=\"http:\/\/www.tvk-gaj.pl\/~gajonline\/wp-content\/uploads\/2019\/05\/PANO_20190519_104213.vr_-1024x570.jpg\" alt=\"\" class=\"wp-image-11020\" srcset=\"https:\/\/online.tvk-gaj.pl\/wp-content\/uploads\/2019\/05\/PANO_20190519_104213.vr_-1024x570.jpg 1024w, https:\/\/online.tvk-gaj.pl\/wp-content\/uploads\/2019\/05\/PANO_20190519_104213.vr_-300x167.jpg 300w, https:\/\/online.tvk-gaj.pl\/wp-content\/uploads\/2019\/05\/PANO_20190519_104213.vr_-768x428.jpg 768w, https:\/\/online.tvk-gaj.pl\/wp-content\/uploads\/2019\/05\/PANO_20190519_104213.vr_.jpg 1101w\" sizes=\"auto, (max-width: 1024px) 100vw, 1024px\" \/><\/figure>\n\n\n\n<p><\/p>\n\n\n\n<p>Autokar z seniorami wyjecha\u0142 spod Szko\u0142y Podstawowej Nr 90 przy ul. Orzechowej oko\u0142o godziny 8 rano.&nbsp;&nbsp;Pogoda dopisa\u0142a, co by\u0142o o tyle wa\u017cne, \u017ce plan dnia by\u0142 naprawd\u0119 intensywny.<\/p>\n\n\n\n<p><\/p>\n\n\n\n<figure class=\"wp-block-image\"><img loading=\"lazy\" decoding=\"async\" width=\"768\" height=\"1024\" src=\"http:\/\/www.tvk-gaj.pl\/~gajonline\/wp-content\/uploads\/2019\/05\/IMG_20190519_111203-768x1024.jpg\" alt=\"\" class=\"wp-image-11084\" srcset=\"https:\/\/online.tvk-gaj.pl\/wp-content\/uploads\/2019\/05\/IMG_20190519_111203-768x1024.jpg 768w, https:\/\/online.tvk-gaj.pl\/wp-content\/uploads\/2019\/05\/IMG_20190519_111203-225x300.jpg 225w, https:\/\/online.tvk-gaj.pl\/wp-content\/uploads\/2019\/05\/IMG_20190519_111203.jpg 1746w\" sizes=\"auto, (max-width: 768px) 100vw, 768px\" \/><\/figure>\n\n\n\n<p><\/p>\n\n\n\n<p>Najpierw autokar zawi\u00f3z\u0142 uczestnik\u00f3w wycieczki do Sanktuarium Marii \u015anie\u017cnej na G\u00f3rze Iglicznej, gdzie wraz z kustoszem obiektu odby\u0142o si\u0119 zwiedzanie kompleksu.<\/p>\n\n\n\n<figure class=\"wp-block-image\"><img loading=\"lazy\" decoding=\"async\" width=\"1024\" height=\"768\" src=\"http:\/\/www.tvk-gaj.pl\/~gajonline\/wp-content\/uploads\/2019\/05\/IMG_20190519_103808-1024x768.jpg\" alt=\"\" class=\"wp-image-11085\" srcset=\"https:\/\/online.tvk-gaj.pl\/wp-content\/uploads\/2019\/05\/IMG_20190519_103808-1024x768.jpg 1024w, https:\/\/online.tvk-gaj.pl\/wp-content\/uploads\/2019\/05\/IMG_20190519_103808-300x225.jpg 300w, https:\/\/online.tvk-gaj.pl\/wp-content\/uploads\/2019\/05\/IMG_20190519_103808-768x576.jpg 768w\" sizes=\"auto, (max-width: 1024px) 100vw, 1024px\" \/><\/figure>\n\n\n\n<p><\/p>\n\n\n\n<p>Nast\u0119pny w programie by\u0142 wodospad Wilczki po\u0142o\u017cony nieopodal Sanktuarium. <\/p>\n\n\n\n<p><\/p>\n\n\n\n<figure class=\"wp-block-image\"><img loading=\"lazy\" decoding=\"async\" width=\"1024\" height=\"768\" src=\"http:\/\/www.tvk-gaj.pl\/~gajonline\/wp-content\/uploads\/2019\/05\/IMG_20190519_140338-1024x768.jpg\" alt=\"\" class=\"wp-image-11086\" srcset=\"https:\/\/online.tvk-gaj.pl\/wp-content\/uploads\/2019\/05\/IMG_20190519_140338-1024x768.jpg 1024w, https:\/\/online.tvk-gaj.pl\/wp-content\/uploads\/2019\/05\/IMG_20190519_140338-300x225.jpg 300w, https:\/\/online.tvk-gaj.pl\/wp-content\/uploads\/2019\/05\/IMG_20190519_140338-768x576.jpg 768w\" sizes=\"auto, (max-width: 1024px) 100vw, 1024px\" \/><\/figure>\n\n\n\n<p><\/p>\n\n\n\n<p>Tutaj te\u017c odby\u0142a si\u0119 przerwa, podczas kt\u00f3rej mo\u017cna by\u0142o spacerowa\u0107 b\u0105d\u017a&#8230;zaopatrzy\u0107 si\u0119 w pami\u0105tki.<\/p>\n\n\n\n<p><\/p>\n\n\n\n<figure class=\"wp-block-image\"><img loading=\"lazy\" decoding=\"async\" width=\"768\" height=\"1024\" src=\"http:\/\/www.tvk-gaj.pl\/~gajonline\/wp-content\/uploads\/2019\/05\/IMG_20190519_141204-768x1024.jpg\" alt=\"\" class=\"wp-image-11087\" srcset=\"https:\/\/online.tvk-gaj.pl\/wp-content\/uploads\/2019\/05\/IMG_20190519_141204-768x1024.jpg 768w, https:\/\/online.tvk-gaj.pl\/wp-content\/uploads\/2019\/05\/IMG_20190519_141204-225x300.jpg 225w, https:\/\/online.tvk-gaj.pl\/wp-content\/uploads\/2019\/05\/IMG_20190519_141204.jpg 1746w\" sizes=\"auto, (max-width: 768px) 100vw, 768px\" \/><\/figure>\n\n\n\n<p><\/p>\n\n\n\n<p>Kolejn\u0105 atrakcj\u0105 programu by\u0142o zwiedzenia kopalni z\u0142ota w Z\u0142otym Stoku. <\/p>\n\n\n\n<figure class=\"wp-block-image\"><img loading=\"lazy\" decoding=\"async\" width=\"1024\" height=\"768\" src=\"http:\/\/www.tvk-gaj.pl\/~gajonline\/wp-content\/uploads\/2019\/05\/IMG_20190519_155400-1024x768.jpg\" alt=\"\" class=\"wp-image-11088\" srcset=\"https:\/\/online.tvk-gaj.pl\/wp-content\/uploads\/2019\/05\/IMG_20190519_155400-1024x768.jpg 1024w, https:\/\/online.tvk-gaj.pl\/wp-content\/uploads\/2019\/05\/IMG_20190519_155400-300x225.jpg 300w, https:\/\/online.tvk-gaj.pl\/wp-content\/uploads\/2019\/05\/IMG_20190519_155400-768x576.jpg 768w\" sizes=\"auto, (max-width: 1024px) 100vw, 1024px\" \/><\/figure>\n\n\n\n<p><\/p>\n\n\n\n<p>Grupa pod przewodnictwem przewodnika wyruszy\u0142a na wypraw\u0119 w g\u0142\u0105b ziemi w poszukiwaniu z\u0142ota i przygody.<\/p>\n\n\n\n<p><\/p>\n\n\n\n<figure class=\"wp-block-image\"><img loading=\"lazy\" decoding=\"async\" width=\"1024\" height=\"768\" src=\"http:\/\/www.tvk-gaj.pl\/~gajonline\/wp-content\/uploads\/2019\/05\/IMG_20190519_164734-1024x768.jpg\" alt=\"\" class=\"wp-image-11089\" srcset=\"https:\/\/online.tvk-gaj.pl\/wp-content\/uploads\/2019\/05\/IMG_20190519_164734-1024x768.jpg 1024w, https:\/\/online.tvk-gaj.pl\/wp-content\/uploads\/2019\/05\/IMG_20190519_164734-300x225.jpg 300w, https:\/\/online.tvk-gaj.pl\/wp-content\/uploads\/2019\/05\/IMG_20190519_164734-768x576.jpg 768w\" sizes=\"auto, (max-width: 1024px) 100vw, 1024px\" \/><\/figure>\n\n\n\n<figure class=\"wp-block-image\"><img loading=\"lazy\" decoding=\"async\" width=\"1024\" height=\"768\" src=\"http:\/\/www.tvk-gaj.pl\/~gajonline\/wp-content\/uploads\/2019\/05\/IMG_20190519_162607-1024x768.jpg\" alt=\"\" class=\"wp-image-11090\" srcset=\"https:\/\/online.tvk-gaj.pl\/wp-content\/uploads\/2019\/05\/IMG_20190519_162607-1024x768.jpg 1024w, https:\/\/online.tvk-gaj.pl\/wp-content\/uploads\/2019\/05\/IMG_20190519_162607-300x225.jpg 300w, https:\/\/online.tvk-gaj.pl\/wp-content\/uploads\/2019\/05\/IMG_20190519_162607-768x576.jpg 768w\" sizes=\"auto, (max-width: 1024px) 100vw, 1024px\" \/><\/figure>\n\n\n\n<p><\/p>\n\n\n\n<p>Ostatnim punktem programu by\u0142a obiado-kolacja w drodze powrotnej do Wroc\u0142awia. <\/p>\n\n\n\n<p><\/p>\n\n\n\n<figure class=\"wp-block-image\"><img loading=\"lazy\" decoding=\"async\" width=\"1024\" height=\"768\" src=\"http:\/\/www.tvk-gaj.pl\/~gajonline\/wp-content\/uploads\/2019\/05\/IMG_20190519_191334-1024x768.jpg\" alt=\"\" class=\"wp-image-11091\" srcset=\"https:\/\/online.tvk-gaj.pl\/wp-content\/uploads\/2019\/05\/IMG_20190519_191334-1024x768.jpg 1024w, https:\/\/online.tvk-gaj.pl\/wp-content\/uploads\/2019\/05\/IMG_20190519_191334-300x225.jpg 300w, https:\/\/online.tvk-gaj.pl\/wp-content\/uploads\/2019\/05\/IMG_20190519_191334-768x576.jpg 768w\" sizes=\"auto, (max-width: 1024px) 100vw, 1024px\" \/><\/figure>\n\n\n\n<p><\/p>\n\n\n\n<p><\/p>\n\n\n\n<p>Wyjazd zosta\u0142 ca\u0142kowicie sfinansowany z \u015brodk\u00f3w Rady Osiedla Gaj oraz Wroc\u0142awskiego Centrum Rozwoju Spo\u0142ecznego, kt\u00f3re udzieli\u0142o dotacji. Wyjazd do nie tylko zwiedzanie pi\u0119knych miejsc naszego rejonu, ale przede wszystkim szansa na aktywizacj\u0119 i integracj\u0119 starszych mieszka\u0144c\u00f3w osiedla. <\/p>\n\n\n\n<p><\/p>\n\n\n\n<p><\/p>\n\n\n\n<p><strong>GALERIA ZDJ\u0118\u0106<\/strong><\/p>\n\n\n\n[ngg src=&#8221;galleries&#8221; ids=&#8221;104&#8243; display=&#8221;basic_thumbnail&#8221;]\n<p>&nbsp;<\/p>\n","protected":false},"excerpt":{"rendered":"<p>Zapraszamy do naszej fotorelacji z wycieczki senior\u00f3w z Gaju do pere\u0142 Dolnego \u015al\u0105ska &#8211; Sanktuarium Marii \u015anie\u017cnej, Wodospadu Wilczki oraz Kopalni z\u0142ota w Z\u0142otym Stoku. Wycieczka odby\u0142a si\u0119 w niedziel\u0119, 19 maja. W zorganizowanym przez Rad\u0119 Osiedla Gaj wyje\u017adzie uczestniczyli seniorzy z Klubu Seniora na Gaju, Zwi\u0105zku Emeryt\u00f3w i Rencist\u00f3w oraz Zwi\u0105zku \u017bo\u0142nierzy Wojska Polskiego [&hellip;]<\/p>\n","protected":false},"author":1,"featured_media":11082,"comment_status":"open","ping_status":"open","sticky":false,"template":"","format":"standard","meta":{"footnotes":""},"categories":[14,12],"tags":[1171,152,810,1173],"class_list":["post-10996","post","type-post","status-publish","format-standard","has-post-thumbnail","hentry","category-aktualnosci","category-artykuly","tag-rada-osiedal-gaj","tag-seniorzy","tag-seniorzy-z-gaju","tag-seniorzy-z-gaju-zwiedzaja"],"_links":{"self":[{"href":"https:\/\/online.tvk-gaj.pl\/index.php?rest_route=\/wp\/v2\/posts\/10996","targetHints":{"allow":["GET"]}}],"collection":[{"href":"https:\/\/online.tvk-gaj.pl\/index.php?rest_route=\/wp\/v2\/posts"}],"about":[{"href":"https:\/\/online.tvk-gaj.pl\/index.php?rest_route=\/wp\/v2\/types\/post"}],"author":[{"embeddable":true,"href":"https:\/\/online.tvk-gaj.pl\/index.php?rest_route=\/wp\/v2\/users\/1"}],"replies":[{"embeddable":true,"href":"https:\/\/online.tvk-gaj.pl\/index.php?rest_route=%2Fwp%2Fv2%2Fcomments&post=10996"}],"version-history":[{"count":7,"href":"https:\/\/online.tvk-gaj.pl\/index.php?rest_route=\/wp\/v2\/posts\/10996\/revisions"}],"predecessor-version":[{"id":11100,"href":"https:\/\/online.tvk-gaj.pl\/index.php?rest_route=\/wp\/v2\/posts\/10996\/revisions\/11100"}],"wp:featuredmedia":[{"embeddable":true,"href":"https:\/\/online.tvk-gaj.pl\/index.php?rest_route=\/wp\/v2\/media\/11082"}],"wp:attachment":[{"href":"https:\/\/online.tvk-gaj.pl\/index.php?rest_route=%2Fwp%2Fv2%2Fmedia&parent=10996"}],"wp:term":[{"taxonomy":"category","embeddable":true,"href":"https:\/\/online.tvk-gaj.pl\/index.php?rest_route=%2Fwp%2Fv2%2Fcategories&post=10996"},{"taxonomy":"post_tag","embeddable":true,"href":"https:\/\/online.tvk-gaj.pl\/index.php?rest_route=%2Fwp%2Fv2%2Ftags&post=10996"}],"curies":[{"name":"wp","href":"https:\/\/api.w.org\/{rel}","templated":true}]}}